{"id":1635,"date":"2021-09-17T14:26:32","date_gmt":"2021-09-17T12:26:32","guid":{"rendered":"http:\/\/www.energiecrossmedial.de\/?p=1635"},"modified":"2022-02-20T14:20:41","modified_gmt":"2022-02-20T13:20:41","slug":"kuechen2020","status":"publish","type":"post","link":"https:\/\/www.energiecrossmedial.de\/index.php\/2021\/09\/17\/kuechen2020\/","title":{"rendered":"Interview mit Prof. Dr.-Ing. Christian K\u00fcchen (MWV)"},"content":{"rendered":"\n<figure class=\"wp-block-image\"><img decoding=\"async\" src=\"https:\/\/web.archive.org\/web\/20210117150538im_\/https:\/\/www.energiecrossmedial.de\/wp-content\/uploads\/2020\/01\/Christian_Kuechen_Pressefoto-150x150.jpg\" alt=\"\" class=\"wp-image-2073\"\/><\/figure>\n\n\n\n<p><strong><em>Dr. Annette Nietfeld im Gespr\u00e4ch mit Prof. Dr.-Ing. Christian K\u00fcchen<\/em><\/strong><\/p>\n\n\n\n<p><em>Am 10. und 11. M\u00e4rz 2020 diskutieren bei ENERGIE.CROSS.MEDIAL zahlreiche Experten sektoren\u00fcbergreifend dar\u00fcber, wie die verschiedenen Branchen die energie- und klimapolitischen Herausforderungen der kommenden Jahre gemeinsam meistern k\u00f6nnen.<\/em><\/p>\n\n\n\n<p><em>Prof. Dr.-Ing. Christian K\u00fcchen, Hauptgesch\u00e4ftsf\u00fchrer des Mineral\u00f6lwirtschaftsverbands (MWV) e.V.&nbsp; in Berlin, h\u00e4lt am zweiten Tag, dem 11. M\u00e4rz, um 10 Uhr seinen Vortrag zum Thema \u201eGr\u00fcne Molek\u00fcle und gr\u00fcne Elektronen. Wie bringen wir die erforderlichen Technologien f\u00fcr Industrie, W\u00e4rme und Mobilit\u00e4t im industriellen Ma\u00dfstab voran\u201c.&nbsp; Mit ihm sprach vorab Dr. Annette Nietfeld, Gesch\u00e4ftsf\u00fchrerin des Forums f\u00fcr Zukunftsenergien.<\/em><\/p>\n\n\n\n<p><strong>\u201eMit erneuerbaren Kraftstoffen ist ein Riesensprung beim Klimaschutz m\u00f6glich\u201c<\/strong><\/p>\n\n\n\n<p><strong>Dr. Annette Nietfeld:&nbsp;<\/strong><em>Herr Professor K\u00fcchen, der Mineral\u00f6lwirtschaftsverband engagiert sich f\u00fcr das Forum ENERGIE.CROSS.MEDIAL am 10. und 11. M\u00e4rz in Berlin. Warum?<\/em><\/p>\n\n\n\n<p><strong>Prof. Christian K\u00fcchen:&nbsp;<\/strong><em>Ein solches Forum, auf dem hochrangige Fachleute der Energie-, Verkehrs- und W\u00e4rmewende f\u00fcr zwei Tage zusammenkommen, ist geradezu \u00fcberf\u00e4llig. Hier treffen wir als Mobilit\u00e4ts- und W\u00e4rmeanbieter mit Energieversorgern, Stromnetzbetreibern, Wohnungswirtschaft sowie NGOs, Wissenschaft und Politik zusammen.<\/em><\/p>\n\n\n\n<p><strong>Dr. Annette Nietfeld:&nbsp;<\/strong><em>Was erwarten Sie von dem neuen Format?<\/em><\/p>\n\n\n\n<p><strong>Prof. Christian K\u00fcchen:&nbsp;<\/strong><em>F\u00fcr uns ist klar: Die Ziele sind f\u00fcr alle Sektoren und Industriezweige so ambitioniert, dass Klimaschutz-L\u00f6sungen nur gemeinsam entwickelt werden k\u00f6nnen. Es geht jetzt darum, einen gro\u00dfen Schritt in der Zusammenarbeit der einzelnen Sektoren voranzukommen.<\/em><\/p>\n\n\n\n<p><strong>Dr. Annette Nietfeld:&nbsp;<\/strong><em>Wie sch\u00e4tzen Sie die Ausgangslage Ihrer Branche zu Beginn dieses im Klimaschutz entscheidenden Jahrzehnts ein? &nbsp;<\/em><\/p>\n\n\n\n<p><strong>Prof. Christian K\u00fcchen:&nbsp;<\/strong><em>Unsere Branche unterst\u00fctzt die Pariser Klimaziele uneingeschr\u00e4nkt. Aber das bedeutet auch: Wir m\u00fcssen uns praktisch neu erfinden. Denn in der Mineral\u00f6lindustrie sind nicht nur wie in anderen Branchen die Produktionsprozesse von den Klimazielen betroffen, sondern auch die Produkte selbst.<\/em><\/p>\n\n\n\n<p><strong>Dr. Annette Nietfeld:&nbsp;<\/strong><em>Was muss sich \u00e4ndern?<\/em><\/p>\n\n\n\n<p><strong>Prof. Christian K\u00fcchen:&nbsp;<\/strong><em>Ganz klar: Die Produkte m\u00fcssen k\u00fcnftig zunehmend aus erneuerbaren Rohstoffen hergestellt werden. Damit ist auch die Herausforderung f\u00fcr uns weitaus gr\u00f6\u00dfer als etwa bei Stahl, Zement oder Chemie. Und: Der Umstieg muss schon in dieser Dekade substanziell beginnen, wollen wir die Klimaziele erreichen.<\/em><\/p>\n\n\n\n<p><strong>Dr. Annette Nietfeld:&nbsp;<\/strong><em>Ihre Branche steht f\u00fcr Mobilit\u00e4t und W\u00e4rme, ist aber auch Vorlieferant der chemischen Industrie. Im welchem Bereich sehen Sie die gr\u00f6\u00dfte Herausforderung auf dem Weg in die Null-Emissions-\u00d6konomie?<\/em><\/p>\n\n\n\n<p><strong>Prof. Christian K\u00fcchen:&nbsp;<\/strong><em>Eindeutig im Verkehrssektor \u2013 hierhin gehen immerhin 60 Prozent unserer Produkte. Nach dem Klimaschutzgesetz m\u00fcssen die CO<sub>2<\/sub>-Emissionen bis 2030 um 42 Prozent sinken. Aber: Selbst bei zehn Millionen Elektrofahrzeugen wird der ganz \u00fcberwiegende Teil der Pkw und Nutzfahrzeuge weiterhin mit Verbrennungsmotor unterwegs sein. Zum Erreichen der Klimaziele ben\u00f6tigen wir also h\u00f6here Anteile erneuerbarer beziehungsweise treibhausgasneutraler Kraftstoffe.<\/em><\/p>\n\n\n\n<p><strong>Dr. Annette Nietfeld:&nbsp;<\/strong><em>Das Bundesumweltministerium hat sich diesbez\u00fcglich bislang gegen Pkw ausgesprochen \u2026<\/em><\/p>\n\n\n\n<p><strong>Prof. Christian K\u00fcchen:&nbsp;<\/strong><em>\u2026 Ohne eine politische Kurskorrektur werden wir aber unsere Klimaziele nicht erreichen.<\/em><em>Berechnungen zufolge betr\u00e4gt die CO<sub>2<\/sub>-L\u00fccke im Verkehr bis 2030 mindestens 19 Millionen Tonnen. Wir brauchen also erhebliche Mengen fortschrittliche Biokraftstoffe und zus\u00e4tzlich synthetische Kraftstoffe, also E-Fuels. Diese k\u00f6nnen bis 2035 zur Verf\u00fcgung stehen, wenn jetzt die richtigen Rahmenbedingungen gesetzt werden.<\/em><\/p>\n\n\n\n<p><strong>Dr. Annette Nietfeld:&nbsp;<\/strong><em>Wie schaffen wir den Weg zu mehr Klimaschutz im Verkehr in der Praxis?<\/em><\/p>\n\n\n\n<p><strong>Prof. Christian K\u00fcchen:&nbsp;<\/strong><em>Weil erneuerbare Kraftstoffe zumindest in der Phase des Markthochlaufs noch deutlich teurer sind als herk\u00f6mmliche Kraftstoffe, sind daf\u00fcr zwei Faktoren entscheidend: Es muss ein relevanter Markt sein, und es muss eine hohe Zahlungsbereitschaft bestehen. Hier bietet sich gerade der Pkw-Sektor an. Mit einem hohen CO<sub>2<\/sub>-Preissignal auf die herk\u00f6mmlichen Kraftstoffe entsteht dann ein Gesch\u00e4ftsmodell f\u00fcr erneuerbare Kraftstoffe \u2013 ohne die Verbraucher finanziell st\u00e4rker zu belasten als heute. Dazu brauchen wir die Umstellung der heutigen Energiesteuer zu einer CO2-Bepreisung.<\/em><\/p>\n\n\n\n<p><strong>Dr. Annette Nietfeld:&nbsp;<\/strong><em>Das geht aber nicht ohne die EU.<\/em><\/p>\n\n\n\n<p><strong>Prof. Christian K\u00fcchen:&nbsp;<\/strong><em>Richtig. Die EU muss die Energiesteuerrichtlinie so anpassen, dass die Energiesteuer voll in eine CO<sub>2<\/sub>-Bepreisung umgewandelt werden kann. Die EU kann aber noch mehr f\u00fcr den Klimaschutz im Verkehr tun \u2026<\/em><\/p>\n\n\n\n<p><strong>Dr. Annette Nietfeld:&nbsp;<\/strong><em>\u2026 und zwar?<\/em><\/p>\n\n\n\n<p><strong>Prof. Christian K\u00fcchen:&nbsp;<\/strong><em>\u2026 die Anrechnung der erneuerbaren Kraftstoffe im Rahmen ihrer CO<sub>2<\/sub>-Flottenregulierung erm\u00f6glichen. Hierf\u00fcr d\u00fcrfen aber nur zus\u00e4tzliche Mengen erneuerbarer Kraftstoffe z\u00e4hlen. Es sollte keine Doppelz\u00e4hlung von Mengen geben, die bereits auf die geltenden Verpflichtungen der Mineral\u00f6lwirtschaft zur Reduzierung der Treibhausgasemissionen angerechnet werden. Ist das erf\u00fcllt, wird das zus\u00e4tzliche Angebot sofort als CO<sub>2<\/sub>-mindernd gez\u00e4hlt, und Strafzahlungen der Autohersteller werden vermieden. Wenn Biofuels und E-Fuels beim Fahrzeugverbrauch in der EU als treibhausgasarm oder -neutral anerkannt werden, machen wir beim Klimaschutz einen Riesensprung nach vorne.<\/em><\/p>\n\n\n\n<p><strong>Dr. Annette Nietfeld:&nbsp;<\/strong><em>Vielen Dank f\u00fcr das Interview. Wir freuen uns auf Ihren Vortrag bei ENERGIE.CROSS.MEDIAL.<\/em><\/p>\n","protected":false},"excerpt":{"rendered":"<p>Dr. Annette Nietfeld im Gespr\u00e4ch mit Prof. Dr.-Ing. Christian K\u00fcchen Am 10. und 11. M\u00e4rz 2020 diskutieren bei ENERGIE.CROSS.MEDIAL zahlreiche Experten sektoren\u00fcbergreifend dar\u00fcber, wie die verschiedenen Branchen die energie- und klimapolitischen Herausforderungen der kommenden Jahre gemeinsam meistern k\u00f6nnen. Prof. Dr.-Ing. [&hellip;]<\/p>\n","protected":false},"author":1,"featured_media":0,"comment_status":"closed","ping_status":"closed","sticky":false,"template":"","format":"standard","meta":{"_acf_changed":false,"_jetpack_memberships_contains_paid_content":false,"footnotes":""},"categories":[1],"tags":[],"class_list":["post-1635","post","type-post","status-publish","format-standard","hentry","category-allgemein"],"acf":[],"yoast_head":"<!-- This site is optimized with the Yoast SEO plugin v24.0 - https:\/\/yoast.com\/wordpress\/plugins\/seo\/ -->\n<title>Interview mit Prof. Dr.-Ing. Christian K\u00fcchen (MWV) - ENERGIE.CROSS.MEDIAL<\/title>\n<meta name=\"robots\" content=\"index, follow, max-snippet:-1, max-image-preview:large, max-video-preview:-1\" \/>\n<link rel=\"canonical\" href=\"https:\/\/www.energiecrossmedial.de\/index.php\/2021\/09\/17\/kuechen2020\/\" \/>\n<meta property=\"og:locale\" content=\"de_DE\" \/>\n<meta property=\"og:type\" content=\"article\" \/>\n<meta property=\"og:title\" content=\"Interview mit Prof. Dr.-Ing. Christian K\u00fcchen (MWV) - ENERGIE.CROSS.MEDIAL\" \/>\n<meta property=\"og:description\" content=\"Dr. Annette Nietfeld im Gespr\u00e4ch mit Prof. Dr.-Ing. Christian K\u00fcchen Am 10. und 11. M\u00e4rz 2020 diskutieren bei ENERGIE.CROSS.MEDIAL zahlreiche Experten sektoren\u00fcbergreifend dar\u00fcber, wie die verschiedenen Branchen die energie- und klimapolitischen Herausforderungen der kommenden Jahre gemeinsam meistern k\u00f6nnen. Prof. Dr.-Ing. [&hellip;]\" \/>\n<meta property=\"og:url\" content=\"https:\/\/www.energiecrossmedial.de\/index.php\/2021\/09\/17\/kuechen2020\/\" \/>\n<meta property=\"og:site_name\" content=\"ENERGIE.CROSS.MEDIAL\" \/>\n<meta property=\"article:published_time\" content=\"2021-09-17T12:26:32+00:00\" \/>\n<meta property=\"article:modified_time\" content=\"2022-02-20T13:20:41+00:00\" \/>\n<meta property=\"og:image\" content=\"https:\/\/web.archive.org\/web\/20210117150538im_\/https:\/\/www.energiecrossmedial.de\/wp-content\/uploads\/2020\/01\/Christian_Kuechen_Pressefoto-150x150.jpg\" \/>\n<meta name=\"author\" content=\"EfoAdmin\" \/>\n<meta name=\"twitter:card\" content=\"summary_large_image\" \/>\n<meta name=\"twitter:creator\" content=\"@EnergieXMedial\" \/>\n<meta name=\"twitter:site\" content=\"@EnergieXMedial\" \/>\n<meta name=\"twitter:label1\" content=\"Verfasst von\" \/>\n\t<meta name=\"twitter:data1\" content=\"EfoAdmin\" \/>\n\t<meta name=\"twitter:label2\" content=\"Gesch\u00e4tzte Lesezeit\" \/>\n\t<meta name=\"twitter:data2\" content=\"4\u00a0Minuten\" \/>\n<script type=\"application\/ld+json\" class=\"yoast-schema-graph\">{\"@context\":\"https:\/\/schema.org\",\"@graph\":[{\"@type\":\"Article\",\"@id\":\"https:\/\/www.energiecrossmedial.de\/index.php\/2021\/09\/17\/kuechen2020\/#article\",\"isPartOf\":{\"@id\":\"https:\/\/www.energiecrossmedial.de\/index.php\/2021\/09\/17\/kuechen2020\/\"},\"author\":{\"name\":\"EfoAdmin\",\"@id\":\"https:\/\/www.energiecrossmedial.de\/#\/schema\/person\/d3335c7a5eaf3acace4c2bac16bcd799\"},\"headline\":\"Interview mit Prof. Dr.-Ing. Christian K\u00fcchen (MWV)\",\"datePublished\":\"2021-09-17T12:26:32+00:00\",\"dateModified\":\"2022-02-20T13:20:41+00:00\",\"mainEntityOfPage\":{\"@id\":\"https:\/\/www.energiecrossmedial.de\/index.php\/2021\/09\/17\/kuechen2020\/\"},\"wordCount\":844,\"publisher\":{\"@id\":\"https:\/\/www.energiecrossmedial.de\/#organization\"},\"image\":{\"@id\":\"https:\/\/www.energiecrossmedial.de\/index.php\/2021\/09\/17\/kuechen2020\/#primaryimage\"},\"thumbnailUrl\":\"https:\/\/web.archive.org\/web\/20210117150538im_\/https:\/\/www.energiecrossmedial.de\/wp-content\/uploads\/2020\/01\/Christian_Kuechen_Pressefoto-150x150.jpg\",\"inLanguage\":\"de\"},{\"@type\":\"WebPage\",\"@id\":\"https:\/\/www.energiecrossmedial.de\/index.php\/2021\/09\/17\/kuechen2020\/\",\"url\":\"https:\/\/www.energiecrossmedial.de\/index.php\/2021\/09\/17\/kuechen2020\/\",\"name\":\"Interview mit Prof. Dr.-Ing. Christian K\u00fcchen (MWV) - ENERGIE.CROSS.MEDIAL\",\"isPartOf\":{\"@id\":\"https:\/\/www.energiecrossmedial.de\/#website\"},\"primaryImageOfPage\":{\"@id\":\"https:\/\/www.energiecrossmedial.de\/index.php\/2021\/09\/17\/kuechen2020\/#primaryimage\"},\"image\":{\"@id\":\"https:\/\/www.energiecrossmedial.de\/index.php\/2021\/09\/17\/kuechen2020\/#primaryimage\"},\"thumbnailUrl\":\"https:\/\/web.archive.org\/web\/20210117150538im_\/https:\/\/www.energiecrossmedial.de\/wp-content\/uploads\/2020\/01\/Christian_Kuechen_Pressefoto-150x150.jpg\",\"datePublished\":\"2021-09-17T12:26:32+00:00\",\"dateModified\":\"2022-02-20T13:20:41+00:00\",\"breadcrumb\":{\"@id\":\"https:\/\/www.energiecrossmedial.de\/index.php\/2021\/09\/17\/kuechen2020\/#breadcrumb\"},\"inLanguage\":\"de\",\"potentialAction\":[{\"@type\":\"ReadAction\",\"target\":[\"https:\/\/www.energiecrossmedial.de\/index.php\/2021\/09\/17\/kuechen2020\/\"]}]},{\"@type\":\"ImageObject\",\"inLanguage\":\"de\",\"@id\":\"https:\/\/www.energiecrossmedial.de\/index.php\/2021\/09\/17\/kuechen2020\/#primaryimage\",\"url\":\"https:\/\/web.archive.org\/web\/20210117150538im_\/https:\/\/www.energiecrossmedial.de\/wp-content\/uploads\/2020\/01\/Christian_Kuechen_Pressefoto-150x150.jpg\",\"contentUrl\":\"https:\/\/web.archive.org\/web\/20210117150538im_\/https:\/\/www.energiecrossmedial.de\/wp-content\/uploads\/2020\/01\/Christian_Kuechen_Pressefoto-150x150.jpg\"},{\"@type\":\"BreadcrumbList\",\"@id\":\"https:\/\/www.energiecrossmedial.de\/index.php\/2021\/09\/17\/kuechen2020\/#breadcrumb\",\"itemListElement\":[{\"@type\":\"ListItem\",\"position\":1,\"name\":\"Startseite\",\"item\":\"https:\/\/www.energiecrossmedial.de\/\"},{\"@type\":\"ListItem\",\"position\":2,\"name\":\"Interview mit Prof. Dr.-Ing. Christian K\u00fcchen (MWV)\"}]},{\"@type\":\"WebSite\",\"@id\":\"https:\/\/www.energiecrossmedial.de\/#website\",\"url\":\"https:\/\/www.energiecrossmedial.de\/\",\"name\":\"ENERGIE.CROSS.MEDIAL - das forum der energiewende\",\"description\":\"das forum der energiewende\",\"publisher\":{\"@id\":\"https:\/\/www.energiecrossmedial.de\/#organization\"},\"potentialAction\":[{\"@type\":\"SearchAction\",\"target\":{\"@type\":\"EntryPoint\",\"urlTemplate\":\"https:\/\/www.energiecrossmedial.de\/?s={search_term_string}\"},\"query-input\":{\"@type\":\"PropertyValueSpecification\",\"valueRequired\":true,\"valueName\":\"search_term_string\"}}],\"inLanguage\":\"de\"},{\"@type\":\"Organization\",\"@id\":\"https:\/\/www.energiecrossmedial.de\/#organization\",\"name\":\"ENERGIE.CROSS.MEDIAL - das forum der energiewende\",\"url\":\"https:\/\/www.energiecrossmedial.de\/\",\"logo\":{\"@type\":\"ImageObject\",\"inLanguage\":\"de\",\"@id\":\"https:\/\/www.energiecrossmedial.de\/#\/schema\/logo\/image\/\",\"url\":\"https:\/\/www.energiecrossmedial.de\/wp-content\/uploads\/2023\/09\/cropped-Website_Icon.png\",\"contentUrl\":\"https:\/\/www.energiecrossmedial.de\/wp-content\/uploads\/2023\/09\/cropped-Website_Icon.png\",\"width\":512,\"height\":512,\"caption\":\"ENERGIE.CROSS.MEDIAL - das forum der energiewende\"},\"image\":{\"@id\":\"https:\/\/www.energiecrossmedial.de\/#\/schema\/logo\/image\/\"},\"sameAs\":[\"https:\/\/x.com\/EnergieXMedial\",\"https:\/\/www.linkedin.com\/company\/zukunftsenergien\/\"]},{\"@type\":\"Person\",\"@id\":\"https:\/\/www.energiecrossmedial.de\/#\/schema\/person\/d3335c7a5eaf3acace4c2bac16bcd799\",\"name\":\"EfoAdmin\",\"image\":{\"@type\":\"ImageObject\",\"inLanguage\":\"de\",\"@id\":\"https:\/\/www.energiecrossmedial.de\/#\/schema\/person\/image\/\",\"url\":\"https:\/\/secure.gravatar.com\/avatar\/e727f552fb0bb7e7881926032051671a?s=96&d=mm&r=g\",\"contentUrl\":\"https:\/\/secure.gravatar.com\/avatar\/e727f552fb0bb7e7881926032051671a?s=96&d=mm&r=g\",\"caption\":\"EfoAdmin\"},\"url\":\"https:\/\/www.energiecrossmedial.de\/index.php\/author\/efoadmin\/\"}]}<\/script>\n<!-- \/ Yoast SEO plugin. -->","yoast_head_json":{"title":"Interview mit Prof. Dr.-Ing. Christian K\u00fcchen (MWV) - ENERGIE.CROSS.MEDIAL","robots":{"index":"index","follow":"follow","max-snippet":"max-snippet:-1","max-image-preview":"max-image-preview:large","max-video-preview":"max-video-preview:-1"},"canonical":"https:\/\/www.energiecrossmedial.de\/index.php\/2021\/09\/17\/kuechen2020\/","og_locale":"de_DE","og_type":"article","og_title":"Interview mit Prof. Dr.-Ing. Christian K\u00fcchen (MWV) - ENERGIE.CROSS.MEDIAL","og_description":"Dr. Annette Nietfeld im Gespr\u00e4ch mit Prof. Dr.-Ing. Christian K\u00fcchen Am 10. und 11. M\u00e4rz 2020 diskutieren bei ENERGIE.CROSS.MEDIAL zahlreiche Experten sektoren\u00fcbergreifend dar\u00fcber, wie die verschiedenen Branchen die energie- und klimapolitischen Herausforderungen der kommenden Jahre gemeinsam meistern k\u00f6nnen. Prof. Dr.-Ing. [&hellip;]","og_url":"https:\/\/www.energiecrossmedial.de\/index.php\/2021\/09\/17\/kuechen2020\/","og_site_name":"ENERGIE.CROSS.MEDIAL","article_published_time":"2021-09-17T12:26:32+00:00","article_modified_time":"2022-02-20T13:20:41+00:00","og_image":[{"url":"https:\/\/web.archive.org\/web\/20210117150538im_\/https:\/\/www.energiecrossmedial.de\/wp-content\/uploads\/2020\/01\/Christian_Kuechen_Pressefoto-150x150.jpg","type":"","width":"","height":""}],"author":"EfoAdmin","twitter_card":"summary_large_image","twitter_creator":"@EnergieXMedial","twitter_site":"@EnergieXMedial","twitter_misc":{"Verfasst von":"EfoAdmin","Gesch\u00e4tzte Lesezeit":"4\u00a0Minuten"},"schema":{"@context":"https:\/\/schema.org","@graph":[{"@type":"Article","@id":"https:\/\/www.energiecrossmedial.de\/index.php\/2021\/09\/17\/kuechen2020\/#article","isPartOf":{"@id":"https:\/\/www.energiecrossmedial.de\/index.php\/2021\/09\/17\/kuechen2020\/"},"author":{"name":"EfoAdmin","@id":"https:\/\/www.energiecrossmedial.de\/#\/schema\/person\/d3335c7a5eaf3acace4c2bac16bcd799"},"headline":"Interview mit Prof. Dr.-Ing. Christian K\u00fcchen (MWV)","datePublished":"2021-09-17T12:26:32+00:00","dateModified":"2022-02-20T13:20:41+00:00","mainEntityOfPage":{"@id":"https:\/\/www.energiecrossmedial.de\/index.php\/2021\/09\/17\/kuechen2020\/"},"wordCount":844,"publisher":{"@id":"https:\/\/www.energiecrossmedial.de\/#organization"},"image":{"@id":"https:\/\/www.energiecrossmedial.de\/index.php\/2021\/09\/17\/kuechen2020\/#primaryimage"},"thumbnailUrl":"https:\/\/web.archive.org\/web\/20210117150538im_\/https:\/\/www.energiecrossmedial.de\/wp-content\/uploads\/2020\/01\/Christian_Kuechen_Pressefoto-150x150.jpg","inLanguage":"de"},{"@type":"WebPage","@id":"https:\/\/www.energiecrossmedial.de\/index.php\/2021\/09\/17\/kuechen2020\/","url":"https:\/\/www.energiecrossmedial.de\/index.php\/2021\/09\/17\/kuechen2020\/","name":"Interview mit Prof. Dr.-Ing. Christian K\u00fcchen (MWV) - ENERGIE.CROSS.MEDIAL","isPartOf":{"@id":"https:\/\/www.energiecrossmedial.de\/#website"},"primaryImageOfPage":{"@id":"https:\/\/www.energiecrossmedial.de\/index.php\/2021\/09\/17\/kuechen2020\/#primaryimage"},"image":{"@id":"https:\/\/www.energiecrossmedial.de\/index.php\/2021\/09\/17\/kuechen2020\/#primaryimage"},"thumbnailUrl":"https:\/\/web.archive.org\/web\/20210117150538im_\/https:\/\/www.energiecrossmedial.de\/wp-content\/uploads\/2020\/01\/Christian_Kuechen_Pressefoto-150x150.jpg","datePublished":"2021-09-17T12:26:32+00:00","dateModified":"2022-02-20T13:20:41+00:00","breadcrumb":{"@id":"https:\/\/www.energiecrossmedial.de\/index.php\/2021\/09\/17\/kuechen2020\/#breadcrumb"},"inLanguage":"de","potentialAction":[{"@type":"ReadAction","target":["https:\/\/www.energiecrossmedial.de\/index.php\/2021\/09\/17\/kuechen2020\/"]}]},{"@type":"ImageObject","inLanguage":"de","@id":"https:\/\/www.energiecrossmedial.de\/index.php\/2021\/09\/17\/kuechen2020\/#primaryimage","url":"https:\/\/web.archive.org\/web\/20210117150538im_\/https:\/\/www.energiecrossmedial.de\/wp-content\/uploads\/2020\/01\/Christian_Kuechen_Pressefoto-150x150.jpg","contentUrl":"https:\/\/web.archive.org\/web\/20210117150538im_\/https:\/\/www.energiecrossmedial.de\/wp-content\/uploads\/2020\/01\/Christian_Kuechen_Pressefoto-150x150.jpg"},{"@type":"BreadcrumbList","@id":"https:\/\/www.energiecrossmedial.de\/index.php\/2021\/09\/17\/kuechen2020\/#breadcrumb","itemListElement":[{"@type":"ListItem","position":1,"name":"Startseite","item":"https:\/\/www.energiecrossmedial.de\/"},{"@type":"ListItem","position":2,"name":"Interview mit Prof. Dr.-Ing. Christian K\u00fcchen (MWV)"}]},{"@type":"WebSite","@id":"https:\/\/www.energiecrossmedial.de\/#website","url":"https:\/\/www.energiecrossmedial.de\/","name":"ENERGIE.CROSS.MEDIAL - das forum der energiewende","description":"das forum der energiewende","publisher":{"@id":"https:\/\/www.energiecrossmedial.de\/#organization"},"potentialAction":[{"@type":"SearchAction","target":{"@type":"EntryPoint","urlTemplate":"https:\/\/www.energiecrossmedial.de\/?s={search_term_string}"},"query-input":{"@type":"PropertyValueSpecification","valueRequired":true,"valueName":"search_term_string"}}],"inLanguage":"de"},{"@type":"Organization","@id":"https:\/\/www.energiecrossmedial.de\/#organization","name":"ENERGIE.CROSS.MEDIAL - das forum der energiewende","url":"https:\/\/www.energiecrossmedial.de\/","logo":{"@type":"ImageObject","inLanguage":"de","@id":"https:\/\/www.energiecrossmedial.de\/#\/schema\/logo\/image\/","url":"https:\/\/www.energiecrossmedial.de\/wp-content\/uploads\/2023\/09\/cropped-Website_Icon.png","contentUrl":"https:\/\/www.energiecrossmedial.de\/wp-content\/uploads\/2023\/09\/cropped-Website_Icon.png","width":512,"height":512,"caption":"ENERGIE.CROSS.MEDIAL - das forum der energiewende"},"image":{"@id":"https:\/\/www.energiecrossmedial.de\/#\/schema\/logo\/image\/"},"sameAs":["https:\/\/x.com\/EnergieXMedial","https:\/\/www.linkedin.com\/company\/zukunftsenergien\/"]},{"@type":"Person","@id":"https:\/\/www.energiecrossmedial.de\/#\/schema\/person\/d3335c7a5eaf3acace4c2bac16bcd799","name":"EfoAdmin","image":{"@type":"ImageObject","inLanguage":"de","@id":"https:\/\/www.energiecrossmedial.de\/#\/schema\/person\/image\/","url":"https:\/\/secure.gravatar.com\/avatar\/e727f552fb0bb7e7881926032051671a?s=96&d=mm&r=g","contentUrl":"https:\/\/secure.gravatar.com\/avatar\/e727f552fb0bb7e7881926032051671a?s=96&d=mm&r=g","caption":"EfoAdmin"},"url":"https:\/\/www.energiecrossmedial.de\/index.php\/author\/efoadmin\/"}]}},"jetpack_featured_media_url":"","jetpack_sharing_enabled":true,"_links":{"self":[{"href":"https:\/\/www.energiecrossmedial.de\/index.php\/wp-json\/wp\/v2\/posts\/1635","targetHints":{"allow":["GET"]}}],"collection":[{"href":"https:\/\/www.energiecrossmedial.de\/index.php\/wp-json\/wp\/v2\/posts"}],"about":[{"href":"https:\/\/www.energiecrossmedial.de\/index.php\/wp-json\/wp\/v2\/types\/post"}],"author":[{"embeddable":true,"href":"https:\/\/www.energiecrossmedial.de\/index.php\/wp-json\/wp\/v2\/users\/1"}],"replies":[{"embeddable":true,"href":"https:\/\/www.energiecrossmedial.de\/index.php\/wp-json\/wp\/v2\/comments?post=1635"}],"version-history":[{"count":1,"href":"https:\/\/www.energiecrossmedial.de\/index.php\/wp-json\/wp\/v2\/posts\/1635\/revisions"}],"predecessor-version":[{"id":1637,"href":"https:\/\/www.energiecrossmedial.de\/index.php\/wp-json\/wp\/v2\/posts\/1635\/revisions\/1637"}],"wp:attachment":[{"href":"https:\/\/www.energiecrossmedial.de\/index.php\/wp-json\/wp\/v2\/media?parent=1635"}],"wp:term":[{"taxonomy":"category","embeddable":true,"href":"https:\/\/www.energiecrossmedial.de\/index.php\/wp-json\/wp\/v2\/categories?post=1635"},{"taxonomy":"post_tag","embeddable":true,"href":"https:\/\/www.energiecrossmedial.de\/index.php\/wp-json\/wp\/v2\/tags?post=1635"}],"curies":[{"name":"wp","href":"https:\/\/api.w.org\/{rel}","templated":true}]}}