{"id":4317,"date":"2023-02-03T11:03:24","date_gmt":"2023-02-03T10:03:24","guid":{"rendered":"https:\/\/www.energiecrossmedial.de\/?p=4317"},"modified":"2023-02-03T13:16:14","modified_gmt":"2023-02-03T12:16:14","slug":"interview-mit-prof-christian-kuechen-hauptgeschaeftsfuehrer-von-en2x-wirtschaftsverband-fuels-und-energie-e-v","status":"publish","type":"post","link":"https:\/\/www.energiecrossmedial.de\/index.php\/2023\/02\/03\/interview-mit-prof-christian-kuechen-hauptgeschaeftsfuehrer-von-en2x-wirtschaftsverband-fuels-und-energie-e-v\/","title":{"rendered":"Interview mit Prof. Christian K\u00fcchen, Hauptgesch\u00e4ftsf\u00fchrer von en2x \u2013 Wirtschaftsverband Fuels und Energie e. V."},"content":{"rendered":"\t\t<div data-elementor-type=\"wp-post\" data-elementor-id=\"4317\" class=\"elementor elementor-4317\" data-elementor-post-type=\"post\">\n\t\t\t\t\t\t<section class=\"elementor-section elementor-top-section elementor-element elementor-element-897b628 elementor-section-boxed elementor-section-height-default elementor-section-height-default\" data-id=\"897b628\" data-element_type=\"section\" data-settings=\"{&quot;grandconference_ext_is_background_parallax&quot;:&quot;false&quot;,&quot;grandconference_ext_is_background_backdrop&quot;:&quot;false&quot;,&quot;grandconference_ext_is_background_on_scroll&quot;:&quot;false&quot;}\">\n\t\t\t\t\t\t<div class=\"elementor-container elementor-column-gap-default\">\n\t\t\t\t\t<div class=\"elementor-column elementor-col-100 elementor-top-column elementor-element elementor-element-c8d7724\" data-id=\"c8d7724\" data-element_type=\"column\" data-settings=\"{&quot;grandconference_ext_link_sidemenu&quot;:&quot;false&quot;,&quot;grandconference_ext_link_fullmenu&quot;:&quot;false&quot;,&quot;grandconference_ext_link_closed_fullmenu&quot;:&quot;false&quot;,&quot;grandconference_ext_is_sticky&quot;:&quot;false&quot;,&quot;grandconference_ext_is_scrollme&quot;:&quot;false&quot;,&quot;grandconference_ext_is_smoove&quot;:&quot;false&quot;,&quot;grandconference_ext_is_parallax_mouse&quot;:&quot;false&quot;,&quot;grandconference_ext_is_infinite&quot;:&quot;false&quot;,&quot;grandconference_ext_is_fadeout_animation&quot;:&quot;false&quot;,&quot;grandconference_ext_mobile_static&quot;:&quot;false&quot;}\">\n\t\t\t<div class=\"elementor-widget-wrap elementor-element-populated\">\n\t\t\t\t\t\t<div class=\"elementor-element elementor-element-93be3ac elementor-widget elementor-widget-image\" data-id=\"93be3ac\" data-element_type=\"widget\" data-settings=\"{&quot;grandconference_image_is_animation&quot;:&quot;false&quot;,&quot;grandconference_ext_link_sidemenu&quot;:&quot;false&quot;,&quot;grandconference_ext_link_fullmenu&quot;:&quot;false&quot;,&quot;grandconference_ext_link_closed_fullmenu&quot;:&quot;false&quot;,&quot;grandconference_ext_is_sticky&quot;:&quot;false&quot;,&quot;grandconference_ext_is_scrollme&quot;:&quot;false&quot;,&quot;grandconference_ext_is_smoove&quot;:&quot;false&quot;,&quot;grandconference_ext_is_parallax_mouse&quot;:&quot;false&quot;,&quot;grandconference_ext_is_infinite&quot;:&quot;false&quot;,&quot;grandconference_ext_is_fadeout_animation&quot;:&quot;false&quot;,&quot;grandconference_ext_mobile_static&quot;:&quot;false&quot;}\" data-widget_type=\"image.default\">\n\t\t\t\t<div class=\"elementor-widget-container\">\n\t\t\t\t\t\t\t\t\t\t\t\t\t<img fetchpriority=\"high\" decoding=\"async\" width=\"1600\" height=\"900\" src=\"https:\/\/www.energiecrossmedial.de\/wp-content\/uploads\/2023\/02\/Interviews-2-scaled.jpg\" class=\"attachment-full size-full wp-image-4325\" alt=\"\" \/>\t\t\t\t\t\t\t\t\t\t\t\t\t<\/div>\n\t\t\t\t<\/div>\n\t\t\t\t\t<\/div>\n\t\t<\/div>\n\t\t\t\t\t<\/div>\n\t\t<\/section>\n\t\t\t\t<section class=\"elementor-section elementor-top-section elementor-element elementor-element-f96d40d elementor-section-boxed elementor-section-height-default elementor-section-height-default\" data-id=\"f96d40d\" data-element_type=\"section\" data-settings=\"{&quot;grandconference_ext_is_background_parallax&quot;:&quot;false&quot;,&quot;grandconference_ext_is_background_backdrop&quot;:&quot;false&quot;,&quot;grandconference_ext_is_background_on_scroll&quot;:&quot;false&quot;}\">\n\t\t\t\t\t\t<div class=\"elementor-container elementor-column-gap-default\">\n\t\t\t\t\t<div class=\"elementor-column elementor-col-100 elementor-top-column elementor-element elementor-element-1ee8b65\" data-id=\"1ee8b65\" data-element_type=\"column\" data-settings=\"{&quot;grandconference_ext_link_sidemenu&quot;:&quot;false&quot;,&quot;grandconference_ext_link_fullmenu&quot;:&quot;false&quot;,&quot;grandconference_ext_link_closed_fullmenu&quot;:&quot;false&quot;,&quot;grandconference_ext_is_sticky&quot;:&quot;false&quot;,&quot;grandconference_ext_is_scrollme&quot;:&quot;false&quot;,&quot;grandconference_ext_is_smoove&quot;:&quot;false&quot;,&quot;grandconference_ext_is_parallax_mouse&quot;:&quot;false&quot;,&quot;grandconference_ext_is_infinite&quot;:&quot;false&quot;,&quot;grandconference_ext_is_fadeout_animation&quot;:&quot;false&quot;,&quot;grandconference_ext_mobile_static&quot;:&quot;false&quot;}\">\n\t\t\t<div class=\"elementor-widget-wrap elementor-element-populated\">\n\t\t\t\t\t\t<div class=\"elementor-element elementor-element-c03b8ab elementor-widget elementor-widget-text-editor\" data-id=\"c03b8ab\" data-element_type=\"widget\" data-settings=\"{&quot;grandconference_ext_link_sidemenu&quot;:&quot;false&quot;,&quot;grandconference_ext_link_fullmenu&quot;:&quot;false&quot;,&quot;grandconference_ext_link_closed_fullmenu&quot;:&quot;false&quot;,&quot;grandconference_ext_is_sticky&quot;:&quot;false&quot;,&quot;grandconference_ext_is_scrollme&quot;:&quot;false&quot;,&quot;grandconference_ext_is_smoove&quot;:&quot;false&quot;,&quot;grandconference_ext_is_parallax_mouse&quot;:&quot;false&quot;,&quot;grandconference_ext_is_infinite&quot;:&quot;false&quot;,&quot;grandconference_ext_is_fadeout_animation&quot;:&quot;false&quot;,&quot;grandconference_ext_mobile_static&quot;:&quot;false&quot;}\" data-widget_type=\"text-editor.default\">\n\t\t\t\t<div class=\"elementor-widget-container\">\n\t\t\t\t\t\t\t<h1><span style=\"color: #250f51;\"><strong>\u201eHochlauf PtX ungel\u00f6st: Attraktive Investitionsbedingungen f\u00fcr H2-Produktion vermisst\u201c.<\/strong><\/span><\/h1><h1><span style=\"color: #250f51;\"><strong>Was bringt die neue Nationale Wasserstoffstrategie?<\/strong><\/span><\/h1><div>\u00a0<\/div><p><span style=\"color: #d0003a;\"><b style=\"mso-bidi-font-weight: normal;\"><span style=\"font-size: 14pt; font-family: 'Century Gothic', sans-serif;\">4 Fragen an\u2026<\/span><\/b><\/span><\/p><div><p class=\"02Titel\" style=\"margin-left: 35.45pt; padding-left: 40px;\"><span style=\"font-size: 12.0pt; font-family: 'Century Gothic',sans-serif; font-weight: normal;\">&#8230;&#8230;&#8230;&#8230;Prof. Christian K\u00fcchen, Hauptgesch\u00e4ftsf\u00fchrer von en2x \u2013 Wirtschaftsverband Fuels und Energie e. V. <\/span><\/p><\/div><p><span style=\"color: #d0003a;\"><strong>Dr. Annette Nietfeld: <\/strong>Herr Professor K\u00fcchen, der Name Ihrer Session ist Programm. Was bringt die neue Nationale Wasserstoffstrategie? Was erhoffen Sie und Ihre Mitgliedsunternehmen sich davon?<\/span><\/p><p><strong>Prof. Christian K\u00fcchen:<\/strong> Laut einem Entwurf aus dem Bundesministerium f\u00fcr Wirtschaft und Klimaschutz nimmt sich die Bundesregierung eine Verdopplung der Elektrolyseleistung auf zehn Gigawatt vor. Das begr\u00fc\u00dft unser Verband sehr, denn die Herstellung und Nutzung von treibhausgasneutralem Wasserstoff und seinen Folgeprodukten ist eine wichtige S\u00e4ule der Energiewende. Auch f\u00fcr die Transformation der Raffinerien in Deutschland ist Wasserstoff ein entscheidender Schl\u00fcssel zur Erreichung der Klimaziele.<\/p><p>Unsere Branche befindet sich derzeit im Umbruch. Die Mineral\u00f6lwirtschaft spielt f\u00fcr die Versorgungssicherheit als Energie- und Rohstofflieferant eine gro\u00dfe Rolle und kann entscheidende Beitr\u00e4ge f\u00fcr ein klimaneutrales Deutschland leisten. Zum Erreichen der Klimaziele im Verkehr und in weiteren Sektoren brauchen wir neben dem Ausbau der heimischen Produktionskapazit\u00e4ten, Verteilnetzen und Ladeinfrastruktur f\u00fcr erneuerbaren Strom gro\u00dfe Importmengen an treibhausgasneutralem Wasserstoff und seiner Folgeprodukte als klimaschonende Energietr\u00e4ger f\u00fcr Motoren, Triebwerke und W\u00e4rmeerzeuger, aber auch zur stofflichen Nutzung f\u00fcr die Dekarbonisierung der Industrie. Die Importbedarfe werden dabei meist noch massiv untersch\u00e4tzt. Daf\u00fcr ben\u00f6tigen wir seitens der Bundesregierung jetzt mehr Tempo beim Ausbau der Importinfrastrukturen, eines Wasserstoffnetzes und konkretere Ma\u00dfnahmen zum Markthochlauf. Und nat\u00fcrlich muss sich die Bundesregierung f\u00fcr pragmatische Kriterien f\u00fcr die Wasserstoff- und Power-to-X-Produktion einsetzen. Was wir derzeit aus Br\u00fcssel h\u00f6ren, stimmt uns nicht allzu optimistisch.<\/p><p><span style=\"color: #d0003a;\"><strong>Nietfeld: <\/strong>Wie sehen Ihre Beitr\u00e4ge zum Erreichen der Klimaziele aus?<\/span><\/p><p><strong>Prof. Christian K\u00fcchen: <\/strong>Tankstellen werden k\u00fcnftig zu \u201eMobilit\u00e4tshubs\u201c. Sie werden mit Schelllades\u00e4ulen ausgestattet. Parallel dazu schreitet der Aufbau eines Wasserstoff-Tankstellennetzes insbesondere f\u00fcr den Schwerlastverkehr voran. Dar\u00fcber hinaus bieten immer mehr Tankstellen schon heute Kraftstoffe mit deutlich geringeren CO<sub>2<\/sub>-Emissionen an. Denn wir werden noch lange Fahrzeuge mit Verbrennungsmotoren auf der Stra\u00dfe haben. Im vergangenen Jahr hatten \u00fcber 80 % der Neufahrzeuge einen Verbrennungsmotor an Bord. Dar\u00fcber hinaus wird es weitere alternative Kraftstoffe geben, um die klimasch\u00e4dlichen Emissionen im Flug- und Schiffsverkehr zu reduzieren. Dies werden fortschrittliche Biofuels und E-Fuels sein. Ebenso arbeitet die Branche an CO<sub>2<\/sub>-neutralen Vorprodukten f\u00fcr die chemische Industrie. Der notwendige Transformationsprozess der Branche ist bereits eingeleitet und so ist klar: Am Ende dieses Wandels wird die Mineral\u00f6lwirtschaft keine Mineral\u00f6lwirtschaft mehr sein.<\/p><p><span style=\"color: #d0003a;\"><strong>Nietfeld: <\/strong>Welche Rolle spielt dabei Power-to-X, also kurz: PtX?<\/span><\/p><p><strong>Prof. Christian K\u00fcchen: <\/strong>PtX meint gr\u00fcnen Wasserstoff und seine Folgeprodukte, bspw. aus Wasserstoff und CO<sub>2<\/sub> hergestelltes Methanol oder synthetisches Roh\u00f6l und daraus hergestellte E-Fuels, als Beimischung oder Substitut f\u00fcr die bisherigen fossilen Kraftstoffe. Diese PtX-Produkte werden perspektivisch national wie international einen wichtigen Beitrag zum Klimaschutz und zur Dekarbonisierung der Wirtschaft leisten m\u00fcssen. Neben der direkten Nutzung als Energietr\u00e4ger wird Wasserstoff insbesondere zur Vermeidung prozessbedingter Emissionen, wie etwa in der Stahlindustrie, oder als Alternative zur Nutzung fossiler Rohstoffe in Teilen der Chemieindustrie zum Einsatz kommen. Leider fehlt f\u00fcr die notwendigen Milliardeninvestitionen nach wie vor die Planungssicherheit. So ist immer noch nicht festgelegt, welcher Strom zur Herstellung gr\u00fcnen Wasserstoffs verwendet werden kann und welche Kohlenstoff- bzw. CO<sub>2<\/sub>-Quellen f\u00fcr die Herstellung synthetischer Kraftstoffe anerkannt werden. Und diese Kriterien sind nicht nur f\u00fcr Anlagen in Deutschland oder den Nachbarl\u00e4ndern erforderlich. Da wir auch langfristig wesentliche Teile unseres Energiebedarfs importieren m\u00fcssen, ist es dringend erforderlich, dass diese Kriterien auch geeignet sind, Anlagen in aller Welt zu errichten, deren Produkte dann auch nach Deutschland importiert werden k\u00f6nnen.<\/p><p><span style=\"color: #d0003a;\"><strong>Nietfeld: <\/strong>Wie bewerten Sie im \u201eWettlauf um die gr\u00fcnen Molek\u00fcle\u201c den Inflation Reduction Act und wie sollte die Europ\u00e4ische Union darauf regieren?<\/span><\/p><p><strong>Prof. Christian K\u00fcchen:<\/strong> Durch die \u2013 so sieht es leider derzeit aus &#8211; sehr restriktiven europ\u00e4ischen Kriterien f\u00fcr die Erzeugung von gr\u00fcnem Wasserstoff sowie die Anforderungen an die Kohlenstoffquellen zur Herstellung von PtX-Produkten l\u00e4uft Europa nicht nur Gefahr, den Wettbewerb mit den USA um k\u00fcnftige H2-Gigafabriken zu verlieren, sondern dass auch Projekte in f\u00fcr Windstrom sehr vorteilhaften Weltregionen wie Chile zwar umgesetzt werden, die dort hergestellten Produkte, darunter gr\u00fcnes Methanol, aber nicht in Deutschland, sondern in anderen Weltregionen landen. Das gef\u00e4hrdet das Erreichen der ohnehin sehr ambitionierten europ\u00e4ischen und deutschen Klimaziele. Denn Importe von klimaneutralen Energietr\u00e4gern sind daf\u00fcr unerl\u00e4sslich. Es geht also nicht nur um das Tempo der politischen Entscheidungen, sondern diese m\u00fcssen auch praktikabel umsetzbar sein. Die EU muss ihre Investitionsblockaden dringend l\u00f6sen und den Weg freimachen f\u00fcr gr\u00fcnen Wasserstoff und Folgeprodukte im gro\u00dfen Stil.<\/p><p><span style=\"color: #d0003a;\"><strong>Nietfeld: <\/strong>Ich freue mich auf die Themensession Ihres Verbandes am ersten Tag von ENERGIE.CROSS.MEDIAL! Till Mansmann, der Wasserstoffbeauftragte der Bundesregierung, wird vortragen. Au\u00dferdem werden Sie selbst dar\u00fcber sprechen, worauf es bei den Investitionsbedingungen f\u00fcr Wasserstoff jetzt ankommt. Herr Prof. K\u00fcchen, danke f\u00fcr Ihr Zeit!<\/span><\/p><div>\u00a0<\/div><div>\u00a0<\/div><div>\u00a0<\/div>\t\t\t\t\t\t<\/div>\n\t\t\t\t<\/div>\n\t\t\t\t\t<\/div>\n\t\t<\/div>\n\t\t\t\t\t<\/div>\n\t\t<\/section>\n\t\t\t\t<\/div>\n\t\t","protected":false},"excerpt":{"rendered":"<p>\u201eHochlauf PtX ungel\u00f6st: Attraktive Investitionsbedingungen f\u00fcr H2-Produktion vermisst\u201c. Was bringt die neue Nationale Wasserstoffstrategie? \u00a0 4 Fragen an\u2026 &#8230;&#8230;&#8230;&#8230;Prof. Christian K\u00fcchen, Hauptgesch\u00e4ftsf\u00fchrer von en2x \u2013 Wirtschaftsverband Fuels und Energie e. V. Dr. Annette Nietfeld: Herr Professor K\u00fcchen, der Name Ihrer [&hellip;]<\/p>\n","protected":false},"author":3,"featured_media":3050,"comment_status":"open","ping_status":"open","sticky":false,"template":"","format":"standard","meta":{"_acf_changed":false,"_jetpack_memberships_contains_paid_content":false,"footnotes":""},"categories":[60],"tags":[59],"class_list":["post-4317","post","type-post","status-publish","format-standard","has-post-thumbnail","hentry","category-interview2023","tag-interview2023"],"acf":[],"yoast_head":"<!-- This site is optimized with the Yoast SEO plugin v24.0 - https:\/\/yoast.com\/wordpress\/plugins\/seo\/ -->\n<title>Interview mit Prof. Christian K\u00fcchen, Hauptgesch\u00e4ftsf\u00fchrer von en2x \u2013 Wirtschaftsverband Fuels und Energie e. V. - ENERGIE.CROSS.MEDIAL<\/title>\n<meta name=\"robots\" content=\"index, follow, max-snippet:-1, max-image-preview:large, max-video-preview:-1\" \/>\n<link rel=\"canonical\" href=\"https:\/\/www.energiecrossmedial.de\/index.php\/2023\/02\/03\/interview-mit-prof-christian-kuechen-hauptgeschaeftsfuehrer-von-en2x-wirtschaftsverband-fuels-und-energie-e-v\/\" \/>\n<meta property=\"og:locale\" content=\"de_DE\" \/>\n<meta property=\"og:type\" content=\"article\" \/>\n<meta property=\"og:title\" content=\"Interview mit Prof. Christian K\u00fcchen, Hauptgesch\u00e4ftsf\u00fchrer von en2x \u2013 Wirtschaftsverband Fuels und Energie e. V. - ENERGIE.CROSS.MEDIAL\" \/>\n<meta property=\"og:description\" content=\"\u201eHochlauf PtX ungel\u00f6st: Attraktive Investitionsbedingungen f\u00fcr H2-Produktion vermisst\u201c. Was bringt die neue Nationale Wasserstoffstrategie? \u00a0 4 Fragen an\u2026 &#8230;&#8230;&#8230;&#8230;Prof. Christian K\u00fcchen, Hauptgesch\u00e4ftsf\u00fchrer von en2x \u2013 Wirtschaftsverband Fuels und Energie e. V. Dr. Annette Nietfeld: Herr Professor K\u00fcchen, der Name Ihrer [&hellip;]\" \/>\n<meta property=\"og:url\" content=\"https:\/\/www.energiecrossmedial.de\/index.php\/2023\/02\/03\/interview-mit-prof-christian-kuechen-hauptgeschaeftsfuehrer-von-en2x-wirtschaftsverband-fuels-und-energie-e-v\/\" \/>\n<meta property=\"og:site_name\" content=\"ENERGIE.CROSS.MEDIAL\" \/>\n<meta property=\"article:published_time\" content=\"2023-02-03T10:03:24+00:00\" \/>\n<meta property=\"article:modified_time\" content=\"2023-02-03T12:16:14+00:00\" \/>\n<meta property=\"og:image\" content=\"https:\/\/www.energiecrossmedial.de\/wp-content\/uploads\/2021\/12\/Christian_Kuechen_en2x_1000x1500_web-002.jpg\" \/>\n\t<meta property=\"og:image:width\" content=\"1000\" \/>\n\t<meta property=\"og:image:height\" content=\"1500\" \/>\n\t<meta property=\"og:image:type\" content=\"image\/jpeg\" \/>\n<meta name=\"author\" content=\"Jakob Fidler\" \/>\n<meta name=\"twitter:card\" content=\"summary_large_image\" \/>\n<meta name=\"twitter:creator\" content=\"@EnergieXMedial\" \/>\n<meta name=\"twitter:site\" content=\"@EnergieXMedial\" \/>\n<meta name=\"twitter:label1\" content=\"Verfasst von\" \/>\n\t<meta name=\"twitter:data1\" content=\"Jakob Fidler\" \/>\n\t<meta name=\"twitter:label2\" content=\"Gesch\u00e4tzte Lesezeit\" \/>\n\t<meta name=\"twitter:data2\" content=\"4\u00a0Minuten\" \/>\n<script type=\"application\/ld+json\" class=\"yoast-schema-graph\">{\"@context\":\"https:\/\/schema.org\",\"@graph\":[{\"@type\":\"Article\",\"@id\":\"https:\/\/www.energiecrossmedial.de\/index.php\/2023\/02\/03\/interview-mit-prof-christian-kuechen-hauptgeschaeftsfuehrer-von-en2x-wirtschaftsverband-fuels-und-energie-e-v\/#article\",\"isPartOf\":{\"@id\":\"https:\/\/www.energiecrossmedial.de\/index.php\/2023\/02\/03\/interview-mit-prof-christian-kuechen-hauptgeschaeftsfuehrer-von-en2x-wirtschaftsverband-fuels-und-energie-e-v\/\"},\"author\":{\"name\":\"Jakob Fidler\",\"@id\":\"https:\/\/www.energiecrossmedial.de\/#\/schema\/person\/3b43b0eae42f3575bba3965e87b29f05\"},\"headline\":\"Interview mit Prof. Christian K\u00fcchen, Hauptgesch\u00e4ftsf\u00fchrer von en2x \u2013 Wirtschaftsverband Fuels und Energie e. V.\",\"datePublished\":\"2023-02-03T10:03:24+00:00\",\"dateModified\":\"2023-02-03T12:16:14+00:00\",\"mainEntityOfPage\":{\"@id\":\"https:\/\/www.energiecrossmedial.de\/index.php\/2023\/02\/03\/interview-mit-prof-christian-kuechen-hauptgeschaeftsfuehrer-von-en2x-wirtschaftsverband-fuels-und-energie-e-v\/\"},\"wordCount\":874,\"commentCount\":0,\"publisher\":{\"@id\":\"https:\/\/www.energiecrossmedial.de\/#organization\"},\"image\":{\"@id\":\"https:\/\/www.energiecrossmedial.de\/index.php\/2023\/02\/03\/interview-mit-prof-christian-kuechen-hauptgeschaeftsfuehrer-von-en2x-wirtschaftsverband-fuels-und-energie-e-v\/#primaryimage\"},\"thumbnailUrl\":\"https:\/\/www.energiecrossmedial.de\/wp-content\/uploads\/2021\/12\/Christian_Kuechen_en2x_1000x1500_web-002.jpg\",\"keywords\":[\"Interview2023\"],\"articleSection\":[\"Interview2023\"],\"inLanguage\":\"de\",\"potentialAction\":[{\"@type\":\"CommentAction\",\"name\":\"Comment\",\"target\":[\"https:\/\/www.energiecrossmedial.de\/index.php\/2023\/02\/03\/interview-mit-prof-christian-kuechen-hauptgeschaeftsfuehrer-von-en2x-wirtschaftsverband-fuels-und-energie-e-v\/#respond\"]}]},{\"@type\":\"WebPage\",\"@id\":\"https:\/\/www.energiecrossmedial.de\/index.php\/2023\/02\/03\/interview-mit-prof-christian-kuechen-hauptgeschaeftsfuehrer-von-en2x-wirtschaftsverband-fuels-und-energie-e-v\/\",\"url\":\"https:\/\/www.energiecrossmedial.de\/index.php\/2023\/02\/03\/interview-mit-prof-christian-kuechen-hauptgeschaeftsfuehrer-von-en2x-wirtschaftsverband-fuels-und-energie-e-v\/\",\"name\":\"Interview mit Prof. Christian K\u00fcchen, Hauptgesch\u00e4ftsf\u00fchrer von en2x \u2013 Wirtschaftsverband Fuels und Energie e. V. - ENERGIE.CROSS.MEDIAL\",\"isPartOf\":{\"@id\":\"https:\/\/www.energiecrossmedial.de\/#website\"},\"primaryImageOfPage\":{\"@id\":\"https:\/\/www.energiecrossmedial.de\/index.php\/2023\/02\/03\/interview-mit-prof-christian-kuechen-hauptgeschaeftsfuehrer-von-en2x-wirtschaftsverband-fuels-und-energie-e-v\/#primaryimage\"},\"image\":{\"@id\":\"https:\/\/www.energiecrossmedial.de\/index.php\/2023\/02\/03\/interview-mit-prof-christian-kuechen-hauptgeschaeftsfuehrer-von-en2x-wirtschaftsverband-fuels-und-energie-e-v\/#primaryimage\"},\"thumbnailUrl\":\"https:\/\/www.energiecrossmedial.de\/wp-content\/uploads\/2021\/12\/Christian_Kuechen_en2x_1000x1500_web-002.jpg\",\"datePublished\":\"2023-02-03T10:03:24+00:00\",\"dateModified\":\"2023-02-03T12:16:14+00:00\",\"breadcrumb\":{\"@id\":\"https:\/\/www.energiecrossmedial.de\/index.php\/2023\/02\/03\/interview-mit-prof-christian-kuechen-hauptgeschaeftsfuehrer-von-en2x-wirtschaftsverband-fuels-und-energie-e-v\/#breadcrumb\"},\"inLanguage\":\"de\",\"potentialAction\":[{\"@type\":\"ReadAction\",\"target\":[\"https:\/\/www.energiecrossmedial.de\/index.php\/2023\/02\/03\/interview-mit-prof-christian-kuechen-hauptgeschaeftsfuehrer-von-en2x-wirtschaftsverband-fuels-und-energie-e-v\/\"]}]},{\"@type\":\"ImageObject\",\"inLanguage\":\"de\",\"@id\":\"https:\/\/www.energiecrossmedial.de\/index.php\/2023\/02\/03\/interview-mit-prof-christian-kuechen-hauptgeschaeftsfuehrer-von-en2x-wirtschaftsverband-fuels-und-energie-e-v\/#primaryimage\",\"url\":\"https:\/\/www.energiecrossmedial.de\/wp-content\/uploads\/2021\/12\/Christian_Kuechen_en2x_1000x1500_web-002.jpg\",\"contentUrl\":\"https:\/\/www.energiecrossmedial.de\/wp-content\/uploads\/2021\/12\/Christian_Kuechen_en2x_1000x1500_web-002.jpg\",\"width\":1000,\"height\":1500},{\"@type\":\"BreadcrumbList\",\"@id\":\"https:\/\/www.energiecrossmedial.de\/index.php\/2023\/02\/03\/interview-mit-prof-christian-kuechen-hauptgeschaeftsfuehrer-von-en2x-wirtschaftsverband-fuels-und-energie-e-v\/#breadcrumb\",\"itemListElement\":[{\"@type\":\"ListItem\",\"position\":1,\"name\":\"Startseite\",\"item\":\"https:\/\/www.energiecrossmedial.de\/\"},{\"@type\":\"ListItem\",\"position\":2,\"name\":\"Interview mit Prof. Christian K\u00fcchen, Hauptgesch\u00e4ftsf\u00fchrer von en2x \u2013 Wirtschaftsverband Fuels und Energie e. V.\"}]},{\"@type\":\"WebSite\",\"@id\":\"https:\/\/www.energiecrossmedial.de\/#website\",\"url\":\"https:\/\/www.energiecrossmedial.de\/\",\"name\":\"ENERGIE.CROSS.MEDIAL - das forum der energiewende\",\"description\":\"das forum der energiewende\",\"publisher\":{\"@id\":\"https:\/\/www.energiecrossmedial.de\/#organization\"},\"potentialAction\":[{\"@type\":\"SearchAction\",\"target\":{\"@type\":\"EntryPoint\",\"urlTemplate\":\"https:\/\/www.energiecrossmedial.de\/?s={search_term_string}\"},\"query-input\":{\"@type\":\"PropertyValueSpecification\",\"valueRequired\":true,\"valueName\":\"search_term_string\"}}],\"inLanguage\":\"de\"},{\"@type\":\"Organization\",\"@id\":\"https:\/\/www.energiecrossmedial.de\/#organization\",\"name\":\"ENERGIE.CROSS.MEDIAL - das forum der energiewende\",\"url\":\"https:\/\/www.energiecrossmedial.de\/\",\"logo\":{\"@type\":\"ImageObject\",\"inLanguage\":\"de\",\"@id\":\"https:\/\/www.energiecrossmedial.de\/#\/schema\/logo\/image\/\",\"url\":\"https:\/\/www.energiecrossmedial.de\/wp-content\/uploads\/2023\/09\/cropped-Website_Icon.png\",\"contentUrl\":\"https:\/\/www.energiecrossmedial.de\/wp-content\/uploads\/2023\/09\/cropped-Website_Icon.png\",\"width\":512,\"height\":512,\"caption\":\"ENERGIE.CROSS.MEDIAL - das forum der energiewende\"},\"image\":{\"@id\":\"https:\/\/www.energiecrossmedial.de\/#\/schema\/logo\/image\/\"},\"sameAs\":[\"https:\/\/x.com\/EnergieXMedial\",\"https:\/\/www.linkedin.com\/company\/zukunftsenergien\/\"]},{\"@type\":\"Person\",\"@id\":\"https:\/\/www.energiecrossmedial.de\/#\/schema\/person\/3b43b0eae42f3575bba3965e87b29f05\",\"name\":\"Jakob Fidler\",\"image\":{\"@type\":\"ImageObject\",\"inLanguage\":\"de\",\"@id\":\"https:\/\/www.energiecrossmedial.de\/#\/schema\/person\/image\/\",\"url\":\"https:\/\/secure.gravatar.com\/avatar\/2158a12b3acdd5bd9924116f3a1c4ad6?s=96&d=mm&r=g\",\"contentUrl\":\"https:\/\/secure.gravatar.com\/avatar\/2158a12b3acdd5bd9924116f3a1c4ad6?s=96&d=mm&r=g\",\"caption\":\"Jakob Fidler\"},\"url\":\"https:\/\/www.energiecrossmedial.de\/index.php\/author\/efoadmin2\/\"}]}<\/script>\n<!-- \/ Yoast SEO plugin. -->","yoast_head_json":{"title":"Interview mit Prof. Christian K\u00fcchen, Hauptgesch\u00e4ftsf\u00fchrer von en2x \u2013 Wirtschaftsverband Fuels und Energie e. V. - ENERGIE.CROSS.MEDIAL","robots":{"index":"index","follow":"follow","max-snippet":"max-snippet:-1","max-image-preview":"max-image-preview:large","max-video-preview":"max-video-preview:-1"},"canonical":"https:\/\/www.energiecrossmedial.de\/index.php\/2023\/02\/03\/interview-mit-prof-christian-kuechen-hauptgeschaeftsfuehrer-von-en2x-wirtschaftsverband-fuels-und-energie-e-v\/","og_locale":"de_DE","og_type":"article","og_title":"Interview mit Prof. Christian K\u00fcchen, Hauptgesch\u00e4ftsf\u00fchrer von en2x \u2013 Wirtschaftsverband Fuels und Energie e. V. - ENERGIE.CROSS.MEDIAL","og_description":"\u201eHochlauf PtX ungel\u00f6st: Attraktive Investitionsbedingungen f\u00fcr H2-Produktion vermisst\u201c. Was bringt die neue Nationale Wasserstoffstrategie? \u00a0 4 Fragen an\u2026 &#8230;&#8230;&#8230;&#8230;Prof. Christian K\u00fcchen, Hauptgesch\u00e4ftsf\u00fchrer von en2x \u2013 Wirtschaftsverband Fuels und Energie e. V. Dr. Annette Nietfeld: Herr Professor K\u00fcchen, der Name Ihrer [&hellip;]","og_url":"https:\/\/www.energiecrossmedial.de\/index.php\/2023\/02\/03\/interview-mit-prof-christian-kuechen-hauptgeschaeftsfuehrer-von-en2x-wirtschaftsverband-fuels-und-energie-e-v\/","og_site_name":"ENERGIE.CROSS.MEDIAL","article_published_time":"2023-02-03T10:03:24+00:00","article_modified_time":"2023-02-03T12:16:14+00:00","og_image":[{"width":1000,"height":1500,"url":"https:\/\/www.energiecrossmedial.de\/wp-content\/uploads\/2021\/12\/Christian_Kuechen_en2x_1000x1500_web-002.jpg","type":"image\/jpeg"}],"author":"Jakob Fidler","twitter_card":"summary_large_image","twitter_creator":"@EnergieXMedial","twitter_site":"@EnergieXMedial","twitter_misc":{"Verfasst von":"Jakob Fidler","Gesch\u00e4tzte Lesezeit":"4\u00a0Minuten"},"schema":{"@context":"https:\/\/schema.org","@graph":[{"@type":"Article","@id":"https:\/\/www.energiecrossmedial.de\/index.php\/2023\/02\/03\/interview-mit-prof-christian-kuechen-hauptgeschaeftsfuehrer-von-en2x-wirtschaftsverband-fuels-und-energie-e-v\/#article","isPartOf":{"@id":"https:\/\/www.energiecrossmedial.de\/index.php\/2023\/02\/03\/interview-mit-prof-christian-kuechen-hauptgeschaeftsfuehrer-von-en2x-wirtschaftsverband-fuels-und-energie-e-v\/"},"author":{"name":"Jakob Fidler","@id":"https:\/\/www.energiecrossmedial.de\/#\/schema\/person\/3b43b0eae42f3575bba3965e87b29f05"},"headline":"Interview mit Prof. Christian K\u00fcchen, Hauptgesch\u00e4ftsf\u00fchrer von en2x \u2013 Wirtschaftsverband Fuels und Energie e. V.","datePublished":"2023-02-03T10:03:24+00:00","dateModified":"2023-02-03T12:16:14+00:00","mainEntityOfPage":{"@id":"https:\/\/www.energiecrossmedial.de\/index.php\/2023\/02\/03\/interview-mit-prof-christian-kuechen-hauptgeschaeftsfuehrer-von-en2x-wirtschaftsverband-fuels-und-energie-e-v\/"},"wordCount":874,"commentCount":0,"publisher":{"@id":"https:\/\/www.energiecrossmedial.de\/#organization"},"image":{"@id":"https:\/\/www.energiecrossmedial.de\/index.php\/2023\/02\/03\/interview-mit-prof-christian-kuechen-hauptgeschaeftsfuehrer-von-en2x-wirtschaftsverband-fuels-und-energie-e-v\/#primaryimage"},"thumbnailUrl":"https:\/\/www.energiecrossmedial.de\/wp-content\/uploads\/2021\/12\/Christian_Kuechen_en2x_1000x1500_web-002.jpg","keywords":["Interview2023"],"articleSection":["Interview2023"],"inLanguage":"de","potentialAction":[{"@type":"CommentAction","name":"Comment","target":["https:\/\/www.energiecrossmedial.de\/index.php\/2023\/02\/03\/interview-mit-prof-christian-kuechen-hauptgeschaeftsfuehrer-von-en2x-wirtschaftsverband-fuels-und-energie-e-v\/#respond"]}]},{"@type":"WebPage","@id":"https:\/\/www.energiecrossmedial.de\/index.php\/2023\/02\/03\/interview-mit-prof-christian-kuechen-hauptgeschaeftsfuehrer-von-en2x-wirtschaftsverband-fuels-und-energie-e-v\/","url":"https:\/\/www.energiecrossmedial.de\/index.php\/2023\/02\/03\/interview-mit-prof-christian-kuechen-hauptgeschaeftsfuehrer-von-en2x-wirtschaftsverband-fuels-und-energie-e-v\/","name":"Interview mit Prof. Christian K\u00fcchen, Hauptgesch\u00e4ftsf\u00fchrer von en2x \u2013 Wirtschaftsverband Fuels und Energie e. V. - ENERGIE.CROSS.MEDIAL","isPartOf":{"@id":"https:\/\/www.energiecrossmedial.de\/#website"},"primaryImageOfPage":{"@id":"https:\/\/www.energiecrossmedial.de\/index.php\/2023\/02\/03\/interview-mit-prof-christian-kuechen-hauptgeschaeftsfuehrer-von-en2x-wirtschaftsverband-fuels-und-energie-e-v\/#primaryimage"},"image":{"@id":"https:\/\/www.energiecrossmedial.de\/index.php\/2023\/02\/03\/interview-mit-prof-christian-kuechen-hauptgeschaeftsfuehrer-von-en2x-wirtschaftsverband-fuels-und-energie-e-v\/#primaryimage"},"thumbnailUrl":"https:\/\/www.energiecrossmedial.de\/wp-content\/uploads\/2021\/12\/Christian_Kuechen_en2x_1000x1500_web-002.jpg","datePublished":"2023-02-03T10:03:24+00:00","dateModified":"2023-02-03T12:16:14+00:00","breadcrumb":{"@id":"https:\/\/www.energiecrossmedial.de\/index.php\/2023\/02\/03\/interview-mit-prof-christian-kuechen-hauptgeschaeftsfuehrer-von-en2x-wirtschaftsverband-fuels-und-energie-e-v\/#breadcrumb"},"inLanguage":"de","potentialAction":[{"@type":"ReadAction","target":["https:\/\/www.energiecrossmedial.de\/index.php\/2023\/02\/03\/interview-mit-prof-christian-kuechen-hauptgeschaeftsfuehrer-von-en2x-wirtschaftsverband-fuels-und-energie-e-v\/"]}]},{"@type":"ImageObject","inLanguage":"de","@id":"https:\/\/www.energiecrossmedial.de\/index.php\/2023\/02\/03\/interview-mit-prof-christian-kuechen-hauptgeschaeftsfuehrer-von-en2x-wirtschaftsverband-fuels-und-energie-e-v\/#primaryimage","url":"https:\/\/www.energiecrossmedial.de\/wp-content\/uploads\/2021\/12\/Christian_Kuechen_en2x_1000x1500_web-002.jpg","contentUrl":"https:\/\/www.energiecrossmedial.de\/wp-content\/uploads\/2021\/12\/Christian_Kuechen_en2x_1000x1500_web-002.jpg","width":1000,"height":1500},{"@type":"BreadcrumbList","@id":"https:\/\/www.energiecrossmedial.de\/index.php\/2023\/02\/03\/interview-mit-prof-christian-kuechen-hauptgeschaeftsfuehrer-von-en2x-wirtschaftsverband-fuels-und-energie-e-v\/#breadcrumb","itemListElement":[{"@type":"ListItem","position":1,"name":"Startseite","item":"https:\/\/www.energiecrossmedial.de\/"},{"@type":"ListItem","position":2,"name":"Interview mit Prof. Christian K\u00fcchen, Hauptgesch\u00e4ftsf\u00fchrer von en2x \u2013 Wirtschaftsverband Fuels und Energie e. V."}]},{"@type":"WebSite","@id":"https:\/\/www.energiecrossmedial.de\/#website","url":"https:\/\/www.energiecrossmedial.de\/","name":"ENERGIE.CROSS.MEDIAL - das forum der energiewende","description":"das forum der energiewende","publisher":{"@id":"https:\/\/www.energiecrossmedial.de\/#organization"},"potentialAction":[{"@type":"SearchAction","target":{"@type":"EntryPoint","urlTemplate":"https:\/\/www.energiecrossmedial.de\/?s={search_term_string}"},"query-input":{"@type":"PropertyValueSpecification","valueRequired":true,"valueName":"search_term_string"}}],"inLanguage":"de"},{"@type":"Organization","@id":"https:\/\/www.energiecrossmedial.de\/#organization","name":"ENERGIE.CROSS.MEDIAL - das forum der energiewende","url":"https:\/\/www.energiecrossmedial.de\/","logo":{"@type":"ImageObject","inLanguage":"de","@id":"https:\/\/www.energiecrossmedial.de\/#\/schema\/logo\/image\/","url":"https:\/\/www.energiecrossmedial.de\/wp-content\/uploads\/2023\/09\/cropped-Website_Icon.png","contentUrl":"https:\/\/www.energiecrossmedial.de\/wp-content\/uploads\/2023\/09\/cropped-Website_Icon.png","width":512,"height":512,"caption":"ENERGIE.CROSS.MEDIAL - das forum der energiewende"},"image":{"@id":"https:\/\/www.energiecrossmedial.de\/#\/schema\/logo\/image\/"},"sameAs":["https:\/\/x.com\/EnergieXMedial","https:\/\/www.linkedin.com\/company\/zukunftsenergien\/"]},{"@type":"Person","@id":"https:\/\/www.energiecrossmedial.de\/#\/schema\/person\/3b43b0eae42f3575bba3965e87b29f05","name":"Jakob Fidler","image":{"@type":"ImageObject","inLanguage":"de","@id":"https:\/\/www.energiecrossmedial.de\/#\/schema\/person\/image\/","url":"https:\/\/secure.gravatar.com\/avatar\/2158a12b3acdd5bd9924116f3a1c4ad6?s=96&d=mm&r=g","contentUrl":"https:\/\/secure.gravatar.com\/avatar\/2158a12b3acdd5bd9924116f3a1c4ad6?s=96&d=mm&r=g","caption":"Jakob Fidler"},"url":"https:\/\/www.energiecrossmedial.de\/index.php\/author\/efoadmin2\/"}]}},"jetpack_featured_media_url":"https:\/\/www.energiecrossmedial.de\/wp-content\/uploads\/2021\/12\/Christian_Kuechen_en2x_1000x1500_web-002.jpg","jetpack_sharing_enabled":true,"_links":{"self":[{"href":"https:\/\/www.energiecrossmedial.de\/index.php\/wp-json\/wp\/v2\/posts\/4317","targetHints":{"allow":["GET"]}}],"collection":[{"href":"https:\/\/www.energiecrossmedial.de\/index.php\/wp-json\/wp\/v2\/posts"}],"about":[{"href":"https:\/\/www.energiecrossmedial.de\/index.php\/wp-json\/wp\/v2\/types\/post"}],"author":[{"embeddable":true,"href":"https:\/\/www.energiecrossmedial.de\/index.php\/wp-json\/wp\/v2\/users\/3"}],"replies":[{"embeddable":true,"href":"https:\/\/www.energiecrossmedial.de\/index.php\/wp-json\/wp\/v2\/comments?post=4317"}],"version-history":[{"count":13,"href":"https:\/\/www.energiecrossmedial.de\/index.php\/wp-json\/wp\/v2\/posts\/4317\/revisions"}],"predecessor-version":[{"id":4334,"href":"https:\/\/www.energiecrossmedial.de\/index.php\/wp-json\/wp\/v2\/posts\/4317\/revisions\/4334"}],"wp:featuredmedia":[{"embeddable":true,"href":"https:\/\/www.energiecrossmedial.de\/index.php\/wp-json\/wp\/v2\/media\/3050"}],"wp:attachment":[{"href":"https:\/\/www.energiecrossmedial.de\/index.php\/wp-json\/wp\/v2\/media?parent=4317"}],"wp:term":[{"taxonomy":"category","embeddable":true,"href":"https:\/\/www.energiecrossmedial.de\/index.php\/wp-json\/wp\/v2\/categories?post=4317"},{"taxonomy":"post_tag","embeddable":true,"href":"https:\/\/www.energiecrossmedial.de\/index.php\/wp-json\/wp\/v2\/tags?post=4317"}],"curies":[{"name":"wp","href":"https:\/\/api.w.org\/{rel}","templated":true}]}}