{"id":4619,"date":"2023-02-17T11:17:23","date_gmt":"2023-02-17T10:17:23","guid":{"rendered":"https:\/\/www.energiecrossmedial.de\/?p=4619"},"modified":"2023-02-17T12:52:54","modified_gmt":"2023-02-17T11:52:54","slug":"interview-mit-till-mansmann-mdb-fdp-innovationsbeauftragter-gruener-wasserstoff-im-bundesministerium-fuer-bildung-und-forschung","status":"publish","type":"post","link":"https:\/\/www.energiecrossmedial.de\/index.php\/2023\/02\/17\/interview-mit-till-mansmann-mdb-fdp-innovationsbeauftragter-gruener-wasserstoff-im-bundesministerium-fuer-bildung-und-forschung\/","title":{"rendered":"Interview mit Till Mansmann, MdB (FDP), Innovationsbeauftragter \u201eGr\u00fcner Wasserstoff\u201c im Bundesministerium f\u00fcr Bildung und Forschung"},"content":{"rendered":"\t\t<div data-elementor-type=\"wp-post\" data-elementor-id=\"4619\" class=\"elementor elementor-4619\" data-elementor-post-type=\"post\">\n\t\t\t\t\t\t<section class=\"elementor-section elementor-top-section elementor-element elementor-element-dcdb638 elementor-section-boxed elementor-section-height-default elementor-section-height-default\" data-id=\"dcdb638\" data-element_type=\"section\" data-settings=\"{&quot;grandconference_ext_is_background_parallax&quot;:&quot;false&quot;,&quot;grandconference_ext_is_background_backdrop&quot;:&quot;false&quot;,&quot;grandconference_ext_is_background_on_scroll&quot;:&quot;false&quot;}\">\n\t\t\t\t\t\t<div class=\"elementor-container elementor-column-gap-default\">\n\t\t\t\t\t<div class=\"elementor-column elementor-col-100 elementor-top-column elementor-element elementor-element-32b6f3e\" data-id=\"32b6f3e\" data-element_type=\"column\" data-settings=\"{&quot;grandconference_ext_link_sidemenu&quot;:&quot;false&quot;,&quot;grandconference_ext_link_fullmenu&quot;:&quot;false&quot;,&quot;grandconference_ext_link_closed_fullmenu&quot;:&quot;false&quot;,&quot;grandconference_ext_is_sticky&quot;:&quot;false&quot;,&quot;grandconference_ext_is_scrollme&quot;:&quot;false&quot;,&quot;grandconference_ext_is_smoove&quot;:&quot;false&quot;,&quot;grandconference_ext_is_parallax_mouse&quot;:&quot;false&quot;,&quot;grandconference_ext_is_infinite&quot;:&quot;false&quot;,&quot;grandconference_ext_is_fadeout_animation&quot;:&quot;false&quot;,&quot;grandconference_ext_mobile_static&quot;:&quot;false&quot;}\">\n\t\t\t<div class=\"elementor-widget-wrap elementor-element-populated\">\n\t\t\t\t\t\t<div class=\"elementor-element elementor-element-f4fa62c elementor-widget elementor-widget-image\" data-id=\"f4fa62c\" data-element_type=\"widget\" data-settings=\"{&quot;grandconference_image_is_animation&quot;:&quot;false&quot;,&quot;grandconference_ext_link_sidemenu&quot;:&quot;false&quot;,&quot;grandconference_ext_link_fullmenu&quot;:&quot;false&quot;,&quot;grandconference_ext_link_closed_fullmenu&quot;:&quot;false&quot;,&quot;grandconference_ext_is_sticky&quot;:&quot;false&quot;,&quot;grandconference_ext_is_scrollme&quot;:&quot;false&quot;,&quot;grandconference_ext_is_smoove&quot;:&quot;false&quot;,&quot;grandconference_ext_is_parallax_mouse&quot;:&quot;false&quot;,&quot;grandconference_ext_is_infinite&quot;:&quot;false&quot;,&quot;grandconference_ext_is_fadeout_animation&quot;:&quot;false&quot;,&quot;grandconference_ext_mobile_static&quot;:&quot;false&quot;}\" data-widget_type=\"image.default\">\n\t\t\t\t<div class=\"elementor-widget-container\">\n\t\t\t\t\t\t\t\t\t\t\t\t\t<img fetchpriority=\"high\" decoding=\"async\" width=\"1600\" height=\"900\" src=\"https:\/\/www.energiecrossmedial.de\/wp-content\/uploads\/2023\/02\/Interviews-6-scaled.jpg\" class=\"attachment-full size-full wp-image-4624\" alt=\"\" \/>\t\t\t\t\t\t\t\t\t\t\t\t\t<\/div>\n\t\t\t\t<\/div>\n\t\t\t\t\t<\/div>\n\t\t<\/div>\n\t\t\t\t\t<\/div>\n\t\t<\/section>\n\t\t\t\t<section class=\"elementor-section elementor-top-section elementor-element elementor-element-620e548 elementor-section-boxed elementor-section-height-default elementor-section-height-default\" data-id=\"620e548\" data-element_type=\"section\" data-settings=\"{&quot;grandconference_ext_is_background_parallax&quot;:&quot;false&quot;,&quot;grandconference_ext_is_background_backdrop&quot;:&quot;false&quot;,&quot;grandconference_ext_is_background_on_scroll&quot;:&quot;false&quot;}\">\n\t\t\t\t\t\t<div class=\"elementor-container elementor-column-gap-default\">\n\t\t\t\t\t<div class=\"elementor-column elementor-col-100 elementor-top-column elementor-element elementor-element-7605613\" data-id=\"7605613\" data-element_type=\"column\" data-settings=\"{&quot;grandconference_ext_link_sidemenu&quot;:&quot;false&quot;,&quot;grandconference_ext_link_fullmenu&quot;:&quot;false&quot;,&quot;grandconference_ext_link_closed_fullmenu&quot;:&quot;false&quot;,&quot;grandconference_ext_is_sticky&quot;:&quot;false&quot;,&quot;grandconference_ext_is_scrollme&quot;:&quot;false&quot;,&quot;grandconference_ext_is_smoove&quot;:&quot;false&quot;,&quot;grandconference_ext_is_parallax_mouse&quot;:&quot;false&quot;,&quot;grandconference_ext_is_infinite&quot;:&quot;false&quot;,&quot;grandconference_ext_is_fadeout_animation&quot;:&quot;false&quot;,&quot;grandconference_ext_mobile_static&quot;:&quot;false&quot;}\">\n\t\t\t<div class=\"elementor-widget-wrap elementor-element-populated\">\n\t\t\t\t\t\t<div class=\"elementor-element elementor-element-fe0541c elementor-widget elementor-widget-text-editor\" data-id=\"fe0541c\" data-element_type=\"widget\" data-settings=\"{&quot;grandconference_ext_link_sidemenu&quot;:&quot;false&quot;,&quot;grandconference_ext_link_fullmenu&quot;:&quot;false&quot;,&quot;grandconference_ext_link_closed_fullmenu&quot;:&quot;false&quot;,&quot;grandconference_ext_is_sticky&quot;:&quot;false&quot;,&quot;grandconference_ext_is_scrollme&quot;:&quot;false&quot;,&quot;grandconference_ext_is_smoove&quot;:&quot;false&quot;,&quot;grandconference_ext_is_parallax_mouse&quot;:&quot;false&quot;,&quot;grandconference_ext_is_infinite&quot;:&quot;false&quot;,&quot;grandconference_ext_is_fadeout_animation&quot;:&quot;false&quot;,&quot;grandconference_ext_mobile_static&quot;:&quot;false&quot;}\" data-widget_type=\"text-editor.default\">\n\t\t\t\t<div class=\"elementor-widget-container\">\n\t\t\t\t\t\t\t<h1><span style=\"color: #d0003a;\"><strong>4 Fragen an\u2026<\/strong><\/span><\/h1><h4 style=\"padding-left: 240px;\"><strong>\u2026..Till Mansmann, MdB (FDP), Innovationsbeauftragter \u201eGr\u00fcner Wasserstoff\u201c im Bundesministerium f\u00fcr Bildung und Forschung<\/strong><\/h4><p>\u00a0<\/p><p><span style=\"color: #d0003a;\"><strong>Dr. Annette Nietfeld:<\/strong> Herr Mansmann, Sie werden im Rahmen der Themensession von en2x die neue Nationale Wasserstoffstrategie vorstellen. Geben Sie uns doch einen Vorgeschmack. Wie wird die Nationale Wasserstoffstrategie \u00fcberarbeitet?<\/span><\/p><p><strong>Till Mansmann: <\/strong>Wir wollen Deutschland zur Wasserstoffrepublik machen. Die Fortschreibung der Nationalen Wasserstoffstrategie steht im Kontext der Zeitenwende und den damit verbundenen Herausforderungen wie beispielsweise der Energiesicherheit. Ziel der Fortschreibung ist es, den Handlungsrahmen f\u00fcr Innovationen und Investitionen f\u00fcr CO<sub>2<\/sub>-armen Wasserstoff weiter zu verbessern und auszubauen sowie priorit\u00e4re Ma\u00dfnahmen darzustellen, die das Erreichen der Klimaschutzziele gew\u00e4hrleisten sollen. Wasserstoff ist das noch fehlende Puzzleteil. Dazu geh\u00f6ren die Anhebung der geplanten inl\u00e4ndischen Wasserstofferzeugungskapazit\u00e4t bis 2030 \u2013 von f\u00fcnf auf zehn Gigawatt \u2013 sowie der Aufbau der Wasserstoffinfrastruktur und die entsprechende Gestaltung rechtlicher Rahmenbedingungen. Zudem wird die Fortschreibung eine weiter ausgebaute und besser verzahnte F\u00f6rderung f\u00fcr den Hochlauf der Wasserstoffwirtschaft umfassen.<\/p><p><strong>\u00a0<\/strong><span style=\"color: #d0003a;\"><strong>Dr. Annette Nietfeld:<\/strong> Welche Halbwertzeit kann die \u00fcberarbeitete Nationale Wasserstoffstrategie haben?<\/span><\/p><p><strong>\u00a0<\/strong><strong>Till Mansmann<\/strong>: Der Hochlauf der Wasserstoffwirtschaft ist ein global sehr dynamisches Thema. Die Entwicklungen und festgelegten Ziele m\u00fcssen daher kontinuierlich und systematisch beobachtet werden. So k\u00f6nnen wir rechtzeitig nachsteuern und die Ma\u00dfnahmen auf neue Erfordernisse anpassen. Zu diesem Zweck hat die Bundesregierung mit der Verabschiedung der Nationalen Wasserstoffstrategie auch einen fortlaufenden Monitoringprozess aufgesetzt. Das Monitoring wird auch nach der Fortschreibung kontinuierlich die Aktivit\u00e4ten und ihre Wirkungen im Kontext der aktuellen Entwicklungen betrachten. Sollte es im Rahmen der Umsetzung Abweichungen von den Zielen geben, wird entsprechend nachgesteuert.<\/p><p><span style=\"color: #d0003a;\"><strong>Dr. Annette Nietfeld:<\/strong> Wie kann sichergestellt werden, dass die verschiedenen Wasserstoffstrategien in Deutschland und Europa miteinander kompatibel sind?<\/span><\/p><p><strong>\u00a0<\/strong><strong>Till Mansmann:<\/strong> Der Schl\u00fcssel einer guten Zusammenarbeit ist immer ein reger Austausch und eine aktive Vernetzung. Auf EU-Ebene gibt es zu Wasserstoff verschiedene Formate, wie Wasserstoffnetzwerke oder die Europ\u00e4ische Allianz f\u00fcr sauberen Wasserstoff. Hier k\u00f6nnen sich sowohl Mitgliedsstaaten und Regionen als auch Verb\u00e4nde und Unternehmen f\u00fcr CO<sub>2<\/sub>-armen Wasserstoff einsetzen. Die EU hat sich au\u00dferdem eine eigene Wasserstoffstrategie erarbeitet, die den europ\u00e4ischen L\u00e4ndern als \u00fcbergeordneter Rahmen dienen kann. Ziel der europ\u00e4ischen Zusammenarbeit ist es, einen homogenen Wasserstoffmarkt in Europa aufzubauen. Hierbei gibt es Staaten, wie Deutschland, die ihren eigenen Wasserstoffbedarf nicht durch die inl\u00e4ndische Erzeugung decken k\u00f6nnen \u2013 andere Staaten verstehen sich hingegen als Transitl\u00e4nder oder sind potentielle Exporteure. Wir brauchen daher schnellstm\u00f6glich eine Zertifizierung des Wasserstoffs, damit er europ\u00e4isch und auch global gehandelt werden kann.\u00a0 <\/p><p><span style=\"color: #d0003a;\"><strong>Dr. Annette Nietfeld:<\/strong> Welche regulatorischen \u00c4nderungen sind noch erforderlich, um den Hochlauf des Wasserstoffmarkts ausreichend zu beschleunigen?<\/span><\/p><p><strong>Till Mansmann: <\/strong>Die Definition des CO<sub>2<\/sub>-armen Wasserstoffs ist ein wichtiger Punkt. Ebenfalls brauchen wir ein Regelwerk zur Regulierung von Wasserstoffnetzen. Der von der EU-Kommission vorgelegte Entwurf hierzu beinhaltet bisher strenge Entflechtungsvorgaben. Diese w\u00fcrden den Hochlauf der Wasserstoffwirtschaft aus unserer Sicht hemmen. Bei der Umsetzung der europ\u00e4ischen Erneuerbare-Energien-Richtlinie (RED II) in deutsches Recht m\u00fcssen wir soweit m\u00f6glich weiter vereinfachen. Ein weiterer Punkt sind die Genehmigungsverfahren f\u00fcr Elektrolyseure in Deutschland. Sie sind komplex und langwierig. Schlie\u00dflich m\u00fcssen wir einen m\u00f6glichst wirtschaftlichen Einsatz von Elektrolyseuren erm\u00f6glichen, zum Beispiel mit Anreizen f\u00fcr die Nutzung von CO<sub>2<\/sub>-armen Wasserstoff. Denkbar sind zum Beispiel \u201eContracts for Differences\u201c.<\/p><p><span style=\"color: #d0003a;\"><strong>Dr. Annette Nietfeld:<\/strong> Herr Mansmann, ich bin auf Ihren Vortrag am ersten Tag unserer Konferenz von ENERGIE.CROSS.MEDIAL 2023 am 28. Februar 2023 sehr gespannt. Vielen Dank f\u00fcr dieses Interview!<\/span><\/p><p>\u00a0<\/p>\t\t\t\t\t\t<\/div>\n\t\t\t\t<\/div>\n\t\t\t\t\t<\/div>\n\t\t<\/div>\n\t\t\t\t\t<\/div>\n\t\t<\/section>\n\t\t\t\t<\/div>\n\t\t","protected":false},"excerpt":{"rendered":"<p>4 Fragen an\u2026 \u2026..Till Mansmann, MdB (FDP), Innovationsbeauftragter \u201eGr\u00fcner Wasserstoff\u201c im Bundesministerium f\u00fcr Bildung und Forschung Dr. Annette Nietfeld: Herr Mansmann, Sie werden im Rahmen der Themensession von en2x die neue Nationale Wasserstoffstrategie vorstellen. Geben Sie uns doch einen Vorgeschmack. [&hellip;]<\/p>\n","protected":false},"author":3,"featured_media":4191,"comment_status":"open","ping_status":"open","sticky":false,"template":"","format":"standard","meta":{"_acf_changed":false,"_jetpack_memberships_contains_paid_content":false,"footnotes":""},"categories":[60],"tags":[59],"class_list":["post-4619","post","type-post","status-publish","format-standard","has-post-thumbnail","hentry","category-interview2023","tag-interview2023"],"acf":[],"yoast_head":"<!-- This site is optimized with the Yoast SEO plugin v24.0 - https:\/\/yoast.com\/wordpress\/plugins\/seo\/ -->\n<title>Interview mit Till Mansmann, MdB (FDP), Innovationsbeauftragter \u201eGr\u00fcner Wasserstoff\u201c im Bundesministerium f\u00fcr Bildung und Forschung - ENERGIE.CROSS.MEDIAL<\/title>\n<meta name=\"robots\" content=\"index, follow, max-snippet:-1, max-image-preview:large, max-video-preview:-1\" \/>\n<link rel=\"canonical\" href=\"https:\/\/www.energiecrossmedial.de\/index.php\/2023\/02\/17\/interview-mit-till-mansmann-mdb-fdp-innovationsbeauftragter-gruener-wasserstoff-im-bundesministerium-fuer-bildung-und-forschung\/\" \/>\n<meta property=\"og:locale\" content=\"de_DE\" \/>\n<meta property=\"og:type\" content=\"article\" \/>\n<meta property=\"og:title\" content=\"Interview mit Till Mansmann, MdB (FDP), Innovationsbeauftragter \u201eGr\u00fcner Wasserstoff\u201c im Bundesministerium f\u00fcr Bildung und Forschung - ENERGIE.CROSS.MEDIAL\" \/>\n<meta property=\"og:description\" content=\"4 Fragen an\u2026 \u2026..Till Mansmann, MdB (FDP), Innovationsbeauftragter \u201eGr\u00fcner Wasserstoff\u201c im Bundesministerium f\u00fcr Bildung und Forschung Dr. Annette Nietfeld: Herr Mansmann, Sie werden im Rahmen der Themensession von en2x die neue Nationale Wasserstoffstrategie vorstellen. Geben Sie uns doch einen Vorgeschmack. [&hellip;]\" \/>\n<meta property=\"og:url\" content=\"https:\/\/www.energiecrossmedial.de\/index.php\/2023\/02\/17\/interview-mit-till-mansmann-mdb-fdp-innovationsbeauftragter-gruener-wasserstoff-im-bundesministerium-fuer-bildung-und-forschung\/\" \/>\n<meta property=\"og:site_name\" content=\"ENERGIE.CROSS.MEDIAL\" \/>\n<meta property=\"article:published_time\" content=\"2023-02-17T10:17:23+00:00\" \/>\n<meta property=\"article:modified_time\" content=\"2023-02-17T11:52:54+00:00\" \/>\n<meta property=\"og:image\" content=\"https:\/\/www.energiecrossmedial.de\/wp-content\/uploads\/2023\/01\/Mansmann.jpg\" \/>\n\t<meta property=\"og:image:width\" content=\"694\" \/>\n\t<meta property=\"og:image:height\" content=\"650\" \/>\n\t<meta property=\"og:image:type\" content=\"image\/jpeg\" \/>\n<meta name=\"author\" content=\"Jakob Fidler\" \/>\n<meta name=\"twitter:card\" content=\"summary_large_image\" \/>\n<meta name=\"twitter:creator\" content=\"@EnergieXMedial\" \/>\n<meta name=\"twitter:site\" content=\"@EnergieXMedial\" \/>\n<meta name=\"twitter:label1\" content=\"Verfasst von\" \/>\n\t<meta name=\"twitter:data1\" content=\"Jakob Fidler\" \/>\n\t<meta name=\"twitter:label2\" content=\"Gesch\u00e4tzte Lesezeit\" \/>\n\t<meta name=\"twitter:data2\" content=\"3\u00a0Minuten\" \/>\n<script type=\"application\/ld+json\" class=\"yoast-schema-graph\">{\"@context\":\"https:\/\/schema.org\",\"@graph\":[{\"@type\":\"Article\",\"@id\":\"https:\/\/www.energiecrossmedial.de\/index.php\/2023\/02\/17\/interview-mit-till-mansmann-mdb-fdp-innovationsbeauftragter-gruener-wasserstoff-im-bundesministerium-fuer-bildung-und-forschung\/#article\",\"isPartOf\":{\"@id\":\"https:\/\/www.energiecrossmedial.de\/index.php\/2023\/02\/17\/interview-mit-till-mansmann-mdb-fdp-innovationsbeauftragter-gruener-wasserstoff-im-bundesministerium-fuer-bildung-und-forschung\/\"},\"author\":{\"name\":\"Jakob Fidler\",\"@id\":\"https:\/\/www.energiecrossmedial.de\/#\/schema\/person\/3b43b0eae42f3575bba3965e87b29f05\"},\"headline\":\"Interview mit Till Mansmann, MdB (FDP), Innovationsbeauftragter \u201eGr\u00fcner Wasserstoff\u201c im Bundesministerium f\u00fcr Bildung und Forschung\",\"datePublished\":\"2023-02-17T10:17:23+00:00\",\"dateModified\":\"2023-02-17T11:52:54+00:00\",\"mainEntityOfPage\":{\"@id\":\"https:\/\/www.energiecrossmedial.de\/index.php\/2023\/02\/17\/interview-mit-till-mansmann-mdb-fdp-innovationsbeauftragter-gruener-wasserstoff-im-bundesministerium-fuer-bildung-und-forschung\/\"},\"wordCount\":603,\"commentCount\":0,\"publisher\":{\"@id\":\"https:\/\/www.energiecrossmedial.de\/#organization\"},\"image\":{\"@id\":\"https:\/\/www.energiecrossmedial.de\/index.php\/2023\/02\/17\/interview-mit-till-mansmann-mdb-fdp-innovationsbeauftragter-gruener-wasserstoff-im-bundesministerium-fuer-bildung-und-forschung\/#primaryimage\"},\"thumbnailUrl\":\"https:\/\/www.energiecrossmedial.de\/wp-content\/uploads\/2023\/01\/Mansmann.jpg\",\"keywords\":[\"Interview2023\"],\"articleSection\":[\"Interview2023\"],\"inLanguage\":\"de\",\"potentialAction\":[{\"@type\":\"CommentAction\",\"name\":\"Comment\",\"target\":[\"https:\/\/www.energiecrossmedial.de\/index.php\/2023\/02\/17\/interview-mit-till-mansmann-mdb-fdp-innovationsbeauftragter-gruener-wasserstoff-im-bundesministerium-fuer-bildung-und-forschung\/#respond\"]}]},{\"@type\":\"WebPage\",\"@id\":\"https:\/\/www.energiecrossmedial.de\/index.php\/2023\/02\/17\/interview-mit-till-mansmann-mdb-fdp-innovationsbeauftragter-gruener-wasserstoff-im-bundesministerium-fuer-bildung-und-forschung\/\",\"url\":\"https:\/\/www.energiecrossmedial.de\/index.php\/2023\/02\/17\/interview-mit-till-mansmann-mdb-fdp-innovationsbeauftragter-gruener-wasserstoff-im-bundesministerium-fuer-bildung-und-forschung\/\",\"name\":\"Interview mit Till Mansmann, MdB (FDP), Innovationsbeauftragter \u201eGr\u00fcner Wasserstoff\u201c im Bundesministerium f\u00fcr Bildung und Forschung - ENERGIE.CROSS.MEDIAL\",\"isPartOf\":{\"@id\":\"https:\/\/www.energiecrossmedial.de\/#website\"},\"primaryImageOfPage\":{\"@id\":\"https:\/\/www.energiecrossmedial.de\/index.php\/2023\/02\/17\/interview-mit-till-mansmann-mdb-fdp-innovationsbeauftragter-gruener-wasserstoff-im-bundesministerium-fuer-bildung-und-forschung\/#primaryimage\"},\"image\":{\"@id\":\"https:\/\/www.energiecrossmedial.de\/index.php\/2023\/02\/17\/interview-mit-till-mansmann-mdb-fdp-innovationsbeauftragter-gruener-wasserstoff-im-bundesministerium-fuer-bildung-und-forschung\/#primaryimage\"},\"thumbnailUrl\":\"https:\/\/www.energiecrossmedial.de\/wp-content\/uploads\/2023\/01\/Mansmann.jpg\",\"datePublished\":\"2023-02-17T10:17:23+00:00\",\"dateModified\":\"2023-02-17T11:52:54+00:00\",\"breadcrumb\":{\"@id\":\"https:\/\/www.energiecrossmedial.de\/index.php\/2023\/02\/17\/interview-mit-till-mansmann-mdb-fdp-innovationsbeauftragter-gruener-wasserstoff-im-bundesministerium-fuer-bildung-und-forschung\/#breadcrumb\"},\"inLanguage\":\"de\",\"potentialAction\":[{\"@type\":\"ReadAction\",\"target\":[\"https:\/\/www.energiecrossmedial.de\/index.php\/2023\/02\/17\/interview-mit-till-mansmann-mdb-fdp-innovationsbeauftragter-gruener-wasserstoff-im-bundesministerium-fuer-bildung-und-forschung\/\"]}]},{\"@type\":\"ImageObject\",\"inLanguage\":\"de\",\"@id\":\"https:\/\/www.energiecrossmedial.de\/index.php\/2023\/02\/17\/interview-mit-till-mansmann-mdb-fdp-innovationsbeauftragter-gruener-wasserstoff-im-bundesministerium-fuer-bildung-und-forschung\/#primaryimage\",\"url\":\"https:\/\/www.energiecrossmedial.de\/wp-content\/uploads\/2023\/01\/Mansmann.jpg\",\"contentUrl\":\"https:\/\/www.energiecrossmedial.de\/wp-content\/uploads\/2023\/01\/Mansmann.jpg\",\"width\":694,\"height\":650},{\"@type\":\"BreadcrumbList\",\"@id\":\"https:\/\/www.energiecrossmedial.de\/index.php\/2023\/02\/17\/interview-mit-till-mansmann-mdb-fdp-innovationsbeauftragter-gruener-wasserstoff-im-bundesministerium-fuer-bildung-und-forschung\/#breadcrumb\",\"itemListElement\":[{\"@type\":\"ListItem\",\"position\":1,\"name\":\"Startseite\",\"item\":\"https:\/\/www.energiecrossmedial.de\/\"},{\"@type\":\"ListItem\",\"position\":2,\"name\":\"Interview mit Till Mansmann, MdB (FDP), Innovationsbeauftragter \u201eGr\u00fcner Wasserstoff\u201c im Bundesministerium f\u00fcr Bildung und Forschung\"}]},{\"@type\":\"WebSite\",\"@id\":\"https:\/\/www.energiecrossmedial.de\/#website\",\"url\":\"https:\/\/www.energiecrossmedial.de\/\",\"name\":\"ENERGIE.CROSS.MEDIAL - das forum der energiewende\",\"description\":\"das forum der energiewende\",\"publisher\":{\"@id\":\"https:\/\/www.energiecrossmedial.de\/#organization\"},\"potentialAction\":[{\"@type\":\"SearchAction\",\"target\":{\"@type\":\"EntryPoint\",\"urlTemplate\":\"https:\/\/www.energiecrossmedial.de\/?s={search_term_string}\"},\"query-input\":{\"@type\":\"PropertyValueSpecification\",\"valueRequired\":true,\"valueName\":\"search_term_string\"}}],\"inLanguage\":\"de\"},{\"@type\":\"Organization\",\"@id\":\"https:\/\/www.energiecrossmedial.de\/#organization\",\"name\":\"ENERGIE.CROSS.MEDIAL - das forum der energiewende\",\"url\":\"https:\/\/www.energiecrossmedial.de\/\",\"logo\":{\"@type\":\"ImageObject\",\"inLanguage\":\"de\",\"@id\":\"https:\/\/www.energiecrossmedial.de\/#\/schema\/logo\/image\/\",\"url\":\"https:\/\/www.energiecrossmedial.de\/wp-content\/uploads\/2023\/09\/cropped-Website_Icon.png\",\"contentUrl\":\"https:\/\/www.energiecrossmedial.de\/wp-content\/uploads\/2023\/09\/cropped-Website_Icon.png\",\"width\":512,\"height\":512,\"caption\":\"ENERGIE.CROSS.MEDIAL - das forum der energiewende\"},\"image\":{\"@id\":\"https:\/\/www.energiecrossmedial.de\/#\/schema\/logo\/image\/\"},\"sameAs\":[\"https:\/\/x.com\/EnergieXMedial\",\"https:\/\/www.linkedin.com\/company\/zukunftsenergien\/\"]},{\"@type\":\"Person\",\"@id\":\"https:\/\/www.energiecrossmedial.de\/#\/schema\/person\/3b43b0eae42f3575bba3965e87b29f05\",\"name\":\"Jakob Fidler\",\"image\":{\"@type\":\"ImageObject\",\"inLanguage\":\"de\",\"@id\":\"https:\/\/www.energiecrossmedial.de\/#\/schema\/person\/image\/\",\"url\":\"https:\/\/secure.gravatar.com\/avatar\/2158a12b3acdd5bd9924116f3a1c4ad6?s=96&d=mm&r=g\",\"contentUrl\":\"https:\/\/secure.gravatar.com\/avatar\/2158a12b3acdd5bd9924116f3a1c4ad6?s=96&d=mm&r=g\",\"caption\":\"Jakob Fidler\"},\"url\":\"https:\/\/www.energiecrossmedial.de\/index.php\/author\/efoadmin2\/\"}]}<\/script>\n<!-- \/ Yoast SEO plugin. -->","yoast_head_json":{"title":"Interview mit Till Mansmann, MdB (FDP), Innovationsbeauftragter \u201eGr\u00fcner Wasserstoff\u201c im Bundesministerium f\u00fcr Bildung und Forschung - ENERGIE.CROSS.MEDIAL","robots":{"index":"index","follow":"follow","max-snippet":"max-snippet:-1","max-image-preview":"max-image-preview:large","max-video-preview":"max-video-preview:-1"},"canonical":"https:\/\/www.energiecrossmedial.de\/index.php\/2023\/02\/17\/interview-mit-till-mansmann-mdb-fdp-innovationsbeauftragter-gruener-wasserstoff-im-bundesministerium-fuer-bildung-und-forschung\/","og_locale":"de_DE","og_type":"article","og_title":"Interview mit Till Mansmann, MdB (FDP), Innovationsbeauftragter \u201eGr\u00fcner Wasserstoff\u201c im Bundesministerium f\u00fcr Bildung und Forschung - ENERGIE.CROSS.MEDIAL","og_description":"4 Fragen an\u2026 \u2026..Till Mansmann, MdB (FDP), Innovationsbeauftragter \u201eGr\u00fcner Wasserstoff\u201c im Bundesministerium f\u00fcr Bildung und Forschung Dr. Annette Nietfeld: Herr Mansmann, Sie werden im Rahmen der Themensession von en2x die neue Nationale Wasserstoffstrategie vorstellen. Geben Sie uns doch einen Vorgeschmack. [&hellip;]","og_url":"https:\/\/www.energiecrossmedial.de\/index.php\/2023\/02\/17\/interview-mit-till-mansmann-mdb-fdp-innovationsbeauftragter-gruener-wasserstoff-im-bundesministerium-fuer-bildung-und-forschung\/","og_site_name":"ENERGIE.CROSS.MEDIAL","article_published_time":"2023-02-17T10:17:23+00:00","article_modified_time":"2023-02-17T11:52:54+00:00","og_image":[{"width":694,"height":650,"url":"https:\/\/www.energiecrossmedial.de\/wp-content\/uploads\/2023\/01\/Mansmann.jpg","type":"image\/jpeg"}],"author":"Jakob Fidler","twitter_card":"summary_large_image","twitter_creator":"@EnergieXMedial","twitter_site":"@EnergieXMedial","twitter_misc":{"Verfasst von":"Jakob Fidler","Gesch\u00e4tzte Lesezeit":"3\u00a0Minuten"},"schema":{"@context":"https:\/\/schema.org","@graph":[{"@type":"Article","@id":"https:\/\/www.energiecrossmedial.de\/index.php\/2023\/02\/17\/interview-mit-till-mansmann-mdb-fdp-innovationsbeauftragter-gruener-wasserstoff-im-bundesministerium-fuer-bildung-und-forschung\/#article","isPartOf":{"@id":"https:\/\/www.energiecrossmedial.de\/index.php\/2023\/02\/17\/interview-mit-till-mansmann-mdb-fdp-innovationsbeauftragter-gruener-wasserstoff-im-bundesministerium-fuer-bildung-und-forschung\/"},"author":{"name":"Jakob Fidler","@id":"https:\/\/www.energiecrossmedial.de\/#\/schema\/person\/3b43b0eae42f3575bba3965e87b29f05"},"headline":"Interview mit Till Mansmann, MdB (FDP), Innovationsbeauftragter \u201eGr\u00fcner Wasserstoff\u201c im Bundesministerium f\u00fcr Bildung und Forschung","datePublished":"2023-02-17T10:17:23+00:00","dateModified":"2023-02-17T11:52:54+00:00","mainEntityOfPage":{"@id":"https:\/\/www.energiecrossmedial.de\/index.php\/2023\/02\/17\/interview-mit-till-mansmann-mdb-fdp-innovationsbeauftragter-gruener-wasserstoff-im-bundesministerium-fuer-bildung-und-forschung\/"},"wordCount":603,"commentCount":0,"publisher":{"@id":"https:\/\/www.energiecrossmedial.de\/#organization"},"image":{"@id":"https:\/\/www.energiecrossmedial.de\/index.php\/2023\/02\/17\/interview-mit-till-mansmann-mdb-fdp-innovationsbeauftragter-gruener-wasserstoff-im-bundesministerium-fuer-bildung-und-forschung\/#primaryimage"},"thumbnailUrl":"https:\/\/www.energiecrossmedial.de\/wp-content\/uploads\/2023\/01\/Mansmann.jpg","keywords":["Interview2023"],"articleSection":["Interview2023"],"inLanguage":"de","potentialAction":[{"@type":"CommentAction","name":"Comment","target":["https:\/\/www.energiecrossmedial.de\/index.php\/2023\/02\/17\/interview-mit-till-mansmann-mdb-fdp-innovationsbeauftragter-gruener-wasserstoff-im-bundesministerium-fuer-bildung-und-forschung\/#respond"]}]},{"@type":"WebPage","@id":"https:\/\/www.energiecrossmedial.de\/index.php\/2023\/02\/17\/interview-mit-till-mansmann-mdb-fdp-innovationsbeauftragter-gruener-wasserstoff-im-bundesministerium-fuer-bildung-und-forschung\/","url":"https:\/\/www.energiecrossmedial.de\/index.php\/2023\/02\/17\/interview-mit-till-mansmann-mdb-fdp-innovationsbeauftragter-gruener-wasserstoff-im-bundesministerium-fuer-bildung-und-forschung\/","name":"Interview mit Till Mansmann, MdB (FDP), Innovationsbeauftragter \u201eGr\u00fcner Wasserstoff\u201c im Bundesministerium f\u00fcr Bildung und Forschung - ENERGIE.CROSS.MEDIAL","isPartOf":{"@id":"https:\/\/www.energiecrossmedial.de\/#website"},"primaryImageOfPage":{"@id":"https:\/\/www.energiecrossmedial.de\/index.php\/2023\/02\/17\/interview-mit-till-mansmann-mdb-fdp-innovationsbeauftragter-gruener-wasserstoff-im-bundesministerium-fuer-bildung-und-forschung\/#primaryimage"},"image":{"@id":"https:\/\/www.energiecrossmedial.de\/index.php\/2023\/02\/17\/interview-mit-till-mansmann-mdb-fdp-innovationsbeauftragter-gruener-wasserstoff-im-bundesministerium-fuer-bildung-und-forschung\/#primaryimage"},"thumbnailUrl":"https:\/\/www.energiecrossmedial.de\/wp-content\/uploads\/2023\/01\/Mansmann.jpg","datePublished":"2023-02-17T10:17:23+00:00","dateModified":"2023-02-17T11:52:54+00:00","breadcrumb":{"@id":"https:\/\/www.energiecrossmedial.de\/index.php\/2023\/02\/17\/interview-mit-till-mansmann-mdb-fdp-innovationsbeauftragter-gruener-wasserstoff-im-bundesministerium-fuer-bildung-und-forschung\/#breadcrumb"},"inLanguage":"de","potentialAction":[{"@type":"ReadAction","target":["https:\/\/www.energiecrossmedial.de\/index.php\/2023\/02\/17\/interview-mit-till-mansmann-mdb-fdp-innovationsbeauftragter-gruener-wasserstoff-im-bundesministerium-fuer-bildung-und-forschung\/"]}]},{"@type":"ImageObject","inLanguage":"de","@id":"https:\/\/www.energiecrossmedial.de\/index.php\/2023\/02\/17\/interview-mit-till-mansmann-mdb-fdp-innovationsbeauftragter-gruener-wasserstoff-im-bundesministerium-fuer-bildung-und-forschung\/#primaryimage","url":"https:\/\/www.energiecrossmedial.de\/wp-content\/uploads\/2023\/01\/Mansmann.jpg","contentUrl":"https:\/\/www.energiecrossmedial.de\/wp-content\/uploads\/2023\/01\/Mansmann.jpg","width":694,"height":650},{"@type":"BreadcrumbList","@id":"https:\/\/www.energiecrossmedial.de\/index.php\/2023\/02\/17\/interview-mit-till-mansmann-mdb-fdp-innovationsbeauftragter-gruener-wasserstoff-im-bundesministerium-fuer-bildung-und-forschung\/#breadcrumb","itemListElement":[{"@type":"ListItem","position":1,"name":"Startseite","item":"https:\/\/www.energiecrossmedial.de\/"},{"@type":"ListItem","position":2,"name":"Interview mit Till Mansmann, MdB (FDP), Innovationsbeauftragter \u201eGr\u00fcner Wasserstoff\u201c im Bundesministerium f\u00fcr Bildung und Forschung"}]},{"@type":"WebSite","@id":"https:\/\/www.energiecrossmedial.de\/#website","url":"https:\/\/www.energiecrossmedial.de\/","name":"ENERGIE.CROSS.MEDIAL - das forum der energiewende","description":"das forum der energiewende","publisher":{"@id":"https:\/\/www.energiecrossmedial.de\/#organization"},"potentialAction":[{"@type":"SearchAction","target":{"@type":"EntryPoint","urlTemplate":"https:\/\/www.energiecrossmedial.de\/?s={search_term_string}"},"query-input":{"@type":"PropertyValueSpecification","valueRequired":true,"valueName":"search_term_string"}}],"inLanguage":"de"},{"@type":"Organization","@id":"https:\/\/www.energiecrossmedial.de\/#organization","name":"ENERGIE.CROSS.MEDIAL - das forum der energiewende","url":"https:\/\/www.energiecrossmedial.de\/","logo":{"@type":"ImageObject","inLanguage":"de","@id":"https:\/\/www.energiecrossmedial.de\/#\/schema\/logo\/image\/","url":"https:\/\/www.energiecrossmedial.de\/wp-content\/uploads\/2023\/09\/cropped-Website_Icon.png","contentUrl":"https:\/\/www.energiecrossmedial.de\/wp-content\/uploads\/2023\/09\/cropped-Website_Icon.png","width":512,"height":512,"caption":"ENERGIE.CROSS.MEDIAL - das forum der energiewende"},"image":{"@id":"https:\/\/www.energiecrossmedial.de\/#\/schema\/logo\/image\/"},"sameAs":["https:\/\/x.com\/EnergieXMedial","https:\/\/www.linkedin.com\/company\/zukunftsenergien\/"]},{"@type":"Person","@id":"https:\/\/www.energiecrossmedial.de\/#\/schema\/person\/3b43b0eae42f3575bba3965e87b29f05","name":"Jakob Fidler","image":{"@type":"ImageObject","inLanguage":"de","@id":"https:\/\/www.energiecrossmedial.de\/#\/schema\/person\/image\/","url":"https:\/\/secure.gravatar.com\/avatar\/2158a12b3acdd5bd9924116f3a1c4ad6?s=96&d=mm&r=g","contentUrl":"https:\/\/secure.gravatar.com\/avatar\/2158a12b3acdd5bd9924116f3a1c4ad6?s=96&d=mm&r=g","caption":"Jakob Fidler"},"url":"https:\/\/www.energiecrossmedial.de\/index.php\/author\/efoadmin2\/"}]}},"jetpack_featured_media_url":"https:\/\/www.energiecrossmedial.de\/wp-content\/uploads\/2023\/01\/Mansmann.jpg","jetpack_sharing_enabled":true,"_links":{"self":[{"href":"https:\/\/www.energiecrossmedial.de\/index.php\/wp-json\/wp\/v2\/posts\/4619","targetHints":{"allow":["GET"]}}],"collection":[{"href":"https:\/\/www.energiecrossmedial.de\/index.php\/wp-json\/wp\/v2\/posts"}],"about":[{"href":"https:\/\/www.energiecrossmedial.de\/index.php\/wp-json\/wp\/v2\/types\/post"}],"author":[{"embeddable":true,"href":"https:\/\/www.energiecrossmedial.de\/index.php\/wp-json\/wp\/v2\/users\/3"}],"replies":[{"embeddable":true,"href":"https:\/\/www.energiecrossmedial.de\/index.php\/wp-json\/wp\/v2\/comments?post=4619"}],"version-history":[{"count":12,"href":"https:\/\/www.energiecrossmedial.de\/index.php\/wp-json\/wp\/v2\/posts\/4619\/revisions"}],"predecessor-version":[{"id":4636,"href":"https:\/\/www.energiecrossmedial.de\/index.php\/wp-json\/wp\/v2\/posts\/4619\/revisions\/4636"}],"wp:featuredmedia":[{"embeddable":true,"href":"https:\/\/www.energiecrossmedial.de\/index.php\/wp-json\/wp\/v2\/media\/4191"}],"wp:attachment":[{"href":"https:\/\/www.energiecrossmedial.de\/index.php\/wp-json\/wp\/v2\/media?parent=4619"}],"wp:term":[{"taxonomy":"category","embeddable":true,"href":"https:\/\/www.energiecrossmedial.de\/index.php\/wp-json\/wp\/v2\/categories?post=4619"},{"taxonomy":"post_tag","embeddable":true,"href":"https:\/\/www.energiecrossmedial.de\/index.php\/wp-json\/wp\/v2\/tags?post=4619"}],"curies":[{"name":"wp","href":"https:\/\/api.w.org\/{rel}","templated":true}]}}