{"id":6138,"date":"2023-02-24T14:49:41","date_gmt":"2023-02-24T13:49:41","guid":{"rendered":"https:\/\/www.energiecrossmedial.de\/?p=6138"},"modified":"2023-02-24T15:00:28","modified_gmt":"2023-02-24T14:00:28","slug":"interview-mir-christiane-mann-vice-president-industry-affairs-siemens-smart-infrastructure","status":"publish","type":"post","link":"https:\/\/www.energiecrossmedial.de\/index.php\/2023\/02\/24\/interview-mir-christiane-mann-vice-president-industry-affairs-siemens-smart-infrastructure\/","title":{"rendered":"Interview mir Christiane Mann, Vice President Industry Affairs, Siemens Smart Infrastructure"},"content":{"rendered":"\t\t<div data-elementor-type=\"wp-post\" data-elementor-id=\"6138\" class=\"elementor elementor-6138\" data-elementor-post-type=\"post\">\n\t\t\t\t\t\t<section class=\"elementor-section elementor-top-section elementor-element elementor-element-f0fe763 elementor-section-boxed elementor-section-height-default elementor-section-height-default\" data-id=\"f0fe763\" data-element_type=\"section\" data-settings=\"{&quot;grandconference_ext_is_background_parallax&quot;:&quot;false&quot;,&quot;grandconference_ext_is_background_backdrop&quot;:&quot;false&quot;,&quot;grandconference_ext_is_background_on_scroll&quot;:&quot;false&quot;}\">\n\t\t\t\t\t\t<div class=\"elementor-container elementor-column-gap-default\">\n\t\t\t\t\t<div class=\"elementor-column elementor-col-100 elementor-top-column elementor-element elementor-element-f203594\" data-id=\"f203594\" data-element_type=\"column\" data-settings=\"{&quot;grandconference_ext_link_sidemenu&quot;:&quot;false&quot;,&quot;grandconference_ext_link_fullmenu&quot;:&quot;false&quot;,&quot;grandconference_ext_link_closed_fullmenu&quot;:&quot;false&quot;,&quot;grandconference_ext_is_sticky&quot;:&quot;false&quot;,&quot;grandconference_ext_is_scrollme&quot;:&quot;false&quot;,&quot;grandconference_ext_is_smoove&quot;:&quot;false&quot;,&quot;grandconference_ext_is_parallax_mouse&quot;:&quot;false&quot;,&quot;grandconference_ext_is_infinite&quot;:&quot;false&quot;,&quot;grandconference_ext_is_fadeout_animation&quot;:&quot;false&quot;,&quot;grandconference_ext_mobile_static&quot;:&quot;false&quot;}\">\n\t\t\t<div class=\"elementor-widget-wrap elementor-element-populated\">\n\t\t\t\t\t\t<div class=\"elementor-element elementor-element-87130b8 elementor-widget elementor-widget-image\" data-id=\"87130b8\" data-element_type=\"widget\" data-settings=\"{&quot;grandconference_image_is_animation&quot;:&quot;false&quot;,&quot;grandconference_ext_link_sidemenu&quot;:&quot;false&quot;,&quot;grandconference_ext_link_fullmenu&quot;:&quot;false&quot;,&quot;grandconference_ext_link_closed_fullmenu&quot;:&quot;false&quot;,&quot;grandconference_ext_is_sticky&quot;:&quot;false&quot;,&quot;grandconference_ext_is_scrollme&quot;:&quot;false&quot;,&quot;grandconference_ext_is_smoove&quot;:&quot;false&quot;,&quot;grandconference_ext_is_parallax_mouse&quot;:&quot;false&quot;,&quot;grandconference_ext_is_infinite&quot;:&quot;false&quot;,&quot;grandconference_ext_is_fadeout_animation&quot;:&quot;false&quot;,&quot;grandconference_ext_mobile_static&quot;:&quot;false&quot;}\" data-widget_type=\"image.default\">\n\t\t\t\t<div class=\"elementor-widget-container\">\n\t\t\t\t\t\t\t\t\t\t\t\t\t<img fetchpriority=\"high\" decoding=\"async\" width=\"1600\" height=\"900\" src=\"https:\/\/www.energiecrossmedial.de\/wp-content\/uploads\/2023\/02\/Interviews-12-scaled.jpg\" class=\"attachment-full size-full wp-image-6143\" alt=\"\" \/>\t\t\t\t\t\t\t\t\t\t\t\t\t<\/div>\n\t\t\t\t<\/div>\n\t\t\t\t\t<\/div>\n\t\t<\/div>\n\t\t\t\t\t<\/div>\n\t\t<\/section>\n\t\t\t\t<section class=\"elementor-section elementor-top-section elementor-element elementor-element-9362ab6 elementor-section-boxed elementor-section-height-default elementor-section-height-default\" data-id=\"9362ab6\" data-element_type=\"section\" data-settings=\"{&quot;grandconference_ext_is_background_parallax&quot;:&quot;false&quot;,&quot;grandconference_ext_is_background_backdrop&quot;:&quot;false&quot;,&quot;grandconference_ext_is_background_on_scroll&quot;:&quot;false&quot;}\">\n\t\t\t\t\t\t<div class=\"elementor-container elementor-column-gap-default\">\n\t\t\t\t\t<div class=\"elementor-column elementor-col-100 elementor-top-column elementor-element elementor-element-7e8ec68\" data-id=\"7e8ec68\" data-element_type=\"column\" data-settings=\"{&quot;grandconference_ext_link_sidemenu&quot;:&quot;false&quot;,&quot;grandconference_ext_link_fullmenu&quot;:&quot;false&quot;,&quot;grandconference_ext_link_closed_fullmenu&quot;:&quot;false&quot;,&quot;grandconference_ext_is_sticky&quot;:&quot;false&quot;,&quot;grandconference_ext_is_scrollme&quot;:&quot;false&quot;,&quot;grandconference_ext_is_smoove&quot;:&quot;false&quot;,&quot;grandconference_ext_is_parallax_mouse&quot;:&quot;false&quot;,&quot;grandconference_ext_is_infinite&quot;:&quot;false&quot;,&quot;grandconference_ext_is_fadeout_animation&quot;:&quot;false&quot;,&quot;grandconference_ext_mobile_static&quot;:&quot;false&quot;}\">\n\t\t\t<div class=\"elementor-widget-wrap elementor-element-populated\">\n\t\t\t\t\t\t<div class=\"elementor-element elementor-element-015d4a1 elementor-widget elementor-widget-text-editor\" data-id=\"015d4a1\" data-element_type=\"widget\" data-settings=\"{&quot;grandconference_ext_link_sidemenu&quot;:&quot;false&quot;,&quot;grandconference_ext_link_fullmenu&quot;:&quot;false&quot;,&quot;grandconference_ext_link_closed_fullmenu&quot;:&quot;false&quot;,&quot;grandconference_ext_is_sticky&quot;:&quot;false&quot;,&quot;grandconference_ext_is_scrollme&quot;:&quot;false&quot;,&quot;grandconference_ext_is_smoove&quot;:&quot;false&quot;,&quot;grandconference_ext_is_parallax_mouse&quot;:&quot;false&quot;,&quot;grandconference_ext_is_infinite&quot;:&quot;false&quot;,&quot;grandconference_ext_is_fadeout_animation&quot;:&quot;false&quot;,&quot;grandconference_ext_mobile_static&quot;:&quot;false&quot;}\" data-widget_type=\"text-editor.default\">\n\t\t\t\t<div class=\"elementor-widget-container\">\n\t\t\t\t\t\t\t<h1><span style=\"color: #d0003a;\">4 Fragen an&#8230;<\/span><\/h1><h4 style=\"padding-left: 240px;\"><strong>\u2026Christiane Mann, Vice President Industry Affairs, Siemens Smart Infrastructure<\/strong><\/h4><p><span style=\"color: #d0003a;\"><strong>Dr. Annette Nietfeld: <\/strong>Frau Mann, wo sehen Sie die energetische Zukunft unserer St\u00e4dte?<\/span><\/p><p><strong>Christiane Mann: <\/strong>Die W\u00fcnsche, die wir an den urbanen Lebensraum haben sind so vielf\u00e4ltig wie widerspr\u00fcchlich.<\/p><p>Die Stadt soll lebendig und aktiv sein und trotzdem Ruhe bieten. Wir erwarten saubere Gr\u00fcnfl\u00e4chen f\u00fcr unsere Erholung, aber auch kurze und schnelle Verkehrswege. Wir wollen es beschaulich, aber auch hip. Wir erwarten preiswerte Energie aus Wind und Sonne, wollen aber m\u00f6glichst keine Energieerzeugungsanlagen in Sichtweite.<\/p><p>Wir wissen alle, dass die steigende Energienachfrage, knapper werdende fossile Rohstoffe, Klimawandel und die Forderungen nach verst\u00e4rkter Energieeffizienz gro\u00dfe Herausforderungen an das Energiesysteme und insbesondere die Stromversorgung im urbanen Raum stellen.<\/p><p>F\u00fcr unsere St\u00e4dte bedeutet das, dass nur eine Kombination aus Effizienzsteigerung in allen Abschnitten der Energiesystemkette, des Stromnetzausbaus, der intelligenten Allokation von flexiblen zentralen und dezentralen Stromerzeugungseinheiten, Energiespeicher sowie Synergien zwischen Strom-, W\u00e4rme- und Gasnetzen sich zu nachhaltigen Energiesystemen f\u00fcr die Zukunft gestalten lassen.<\/p><p>In den Stadtprojekten, die wir vorstellen, zeigen wir, woran wir (und auch andere Unternehmen) arbeiten und was schon heute m\u00f6glich ist.<\/p><p><span style=\"color: #d0003a;\"><strong>Dr. Annette Nietfeld: <\/strong>K\u00f6nnen Sie noch einmal erl\u00e4utern, was genau ein Smart Building definiert und was das f\u00fcr die Stadtentwicklung bedeutet?<\/span><\/p><p><strong>Christiane Mann: <\/strong>In einem Smart Building kommen viele Daten aus den unterschiedlichen Gewerken zusammen, die zentral erfasst, miteinander verkn\u00fcpft und analysiert werden. Geb\u00e4ude sind f\u00fcr 40 Prozent des weltweiten Energieverbrauchs verantwortlich. Digitalisierung des Geb\u00e4udes erlaubt uns eine genaue Auswertung von Geb\u00e4udedaten, um sie energieeffizienter, ressourcenschonender und nachhaltiger zu machen.<\/p><p>Geb\u00e4ude haben eine besondere Rolle im Energiesystem der Zukunft. Hintergrund ist, dass aus einem statischen Energieversorgungssystem mit gro\u00dfen, zentralen Erzeugungsanlagen ein flexibles, intelligentes und zunehmend dezentrales System mit vielen verschiedenen Akteuren wird. \u201eEnergiewelten\u201c wachsen zusammen und sogenannte multimodale Energiesysteme entstehen, deren Optimierung und Balancierung immer wichtiger wird. Gerade dieser Trend hat enorme Auswirkungen auf das Geb\u00e4udemanagement der Zukunft. \u201e\u201aIntelligenz\u2018\u201c in der Geb\u00e4udetechnik erlaubt es, den Energieverbrauch der Geb\u00e4ude m\u00f6glichst gering zu halten und gleichzeitig Umgebungsenergien wie Wind und Sonne auch in kleinem Ma\u00dfstab zu nutzen, zu speichern oder in das Stromnetz einzuspeisen.<\/p><p>Geb\u00e4ude \u2013 oder besser noch mehrere miteinander energietechnisch kooperierende Geb\u00e4ude \u2013 werden somit zum \u201eProsumer\u201c, sprich, sowohl zum Produzenten als auch zum Verbraucher (engl. Consumer) von Energie, und somit zu einem wichtigen Partner f\u00fcr die Energienetze, die sogenannten Smart Grids.<\/p><p><span style=\"color: #d0003a;\"><strong>Dr. Annette Nietfeld: <\/strong>Smart Buildings werden also ein wichtiger Bestandteil des Smart Grid sein?<\/span><\/p><p><strong>Christiane Mann: <\/strong>Ja, absolut. M\u00f6glich wird dies durch eine konsequente Automatisierung, Elektrifizierung und Digitalisierung der Energieversorgung. In Summe bedeutet das ein vollst\u00e4ndiges digitales Abbild der gesamten Wertsch\u00f6pfungskette und der Betriebsprozesse in der Energieversorgung. Diese Digitalisierung erm\u00f6glicht ein Optimum an Transparenz sowohl der Abl\u00e4ufe im Geb\u00e4ude als auch der Energiestr\u00f6me, und erh\u00f6ht die Effizienz der bestehenden Infrastruktur. Dank Digitalisierung kann mehr Strom \u00fcber die gleiche Infrastruktur geleitet werden. Diese Optimierung mit den Bed\u00fcrfnissen des Netzes gekoppelt werden zum Beispiel in Form von variablen Stromtarifen oder Demand Response Funktionen.<\/p><p>Das bringt mich zu einem weiteren Aspekt \u2013 die Einbindung und Begleitung der Kunden in den Projekten und w\u00e4hrend der gesamten Nutzungsdauer. Selbstverst\u00e4ndlich auch Kommunen. Die neue Energiewelt wird nur funktionieren, wenn es m\u00f6glich ist, f\u00fcr alle Beteiligten einen \u00f6konomischen Nutzen auszuweisen, und wenn der Beitrag der Geb\u00e4ude zu den Nachhaltigkeitszielen darstellbar ist. Darum bin ich der festen \u00dcberzeugung, dass all diese Herausforderungen nur mit einem verl\u00e4sslichen und leistungsf\u00e4higen Technologiepartner zu meistern sind, der die gesamte Energiewandlungskette versteht, alle beteiligten Prozesse kennt, die notwendigen technischen Schnittstellen beherrscht und als Vordenker im Bereich der Digitalisierung auf Managementebene akzeptiert ist.<\/p><p><span style=\"color: #d0003a;\"><strong>Dr. Annette Nietfeld: <\/strong>Die Energiewende stellt Deutschland vor gro\u00dfe Herausforderungen. Deutsche St\u00e4dte stehen im internationalen Vergleich gut da, und doch gibt es bez\u00fcglich Nachhaltigkeit und Energieeffizienz noch einiges zu tun. Welche Ansatzpunkte sehen Sie?<\/span><\/p><p><strong>Christiane Mann: <\/strong>Deutschland importiert nach wie vor einen Gro\u00dfteil der Energierohstoffe. Achtundneunzig Prozent des Erd\u00f6lbedarfs stammen aus Importen. Auch bei Erdgas und Kohle steigt der Importanteil noch immer kontinuierlich an \u2013 ungeachtet der zurzeit schwierigen Energielage. Die gr\u00f6\u00dfte Herausforderung der Energiewende wird deshalb sein, bis 2050 den Energiemix neu zu gestalten, den Anteil erneuerbarer Energien weiter zu steigern und vor allem konsequent das gesamte Energiesparpotenzial auszusch\u00f6pfen.<\/p><p>Zu einem Energiesystem der Zukunft geh\u00f6ren: intelligente Geb\u00e4ude\/Prosumer, Smart Grid und insgesamt ein \u201esmarter\u201c Markt. F\u00fcr s\u00e4mtliche Teilbereiche existieren bereits L\u00f6sungen. Wichtig ist es, diese zu L\u00f6sungen einem Gesamtsystem zusammenzuf\u00fchren und fehlende Elemente zu erg\u00e4nzen.<\/p><p>Das intelligente elektrische Netz (Smart Grid) ist das zentrale Bindeglied zwischen dezentraler, fluktuierender Energieerzeugung, -speicherung und dem Energieverbrauch.\u00a0 Um in diesem \u00abSpannungsfeld\u00bb optimal zu agieren, bzw. um das Gleichgewicht zwischen Erzeugung und Verbrauch in jedem Fall sicherzustellen, ergeben sich neue Steuerungs- und Regelaufgaben. Gegenw\u00e4rtig wird daran gearbeitet, die Auslastung der untersten Netzebenen &#8211; sprich im privaten Verbrauch &#8211; transparent zu machen. \u00a0Hier sind wir vor allem den vielen Menschen dankbar die uns ihre Gewohnheiten bez\u00fcglich ihres Energieverbrauchs offenlegen und uns auch zeigen, welche W\u00fcnsche sie an eine individuelle Steuerung des Energiekonsums in ihrem Haushalt haben.<\/p><p>F\u00fcr \u00a0kommunalen Verwaltungen besteht die Herausforderung darin ihre Nachhaltigkeits- und Energiepolitik mit den Interessen der Privatwirtschaft und den Stadtbewohnern \u201eunter einen Hut\u201c zu bringen, schliesslich besteht eine Stadt ja nicht nur aus \u00f6ffentlichen Geb\u00e4uden und Infrastrukturen. Dies ist, aus unserer Sicht, nur m\u00f6glich mit partizipativen Ans\u00e4tzen. Die smart cities, die wir beispielhaft vorstellen, geben gute Anregungen f\u00fcr derartige Prozesse.<\/p><p><span style=\"color: #d0003a;\"><strong>Dr. Annette Nietfeld: <\/strong>Frau Mann, ich bin gespannt auf Ihre Session am ersten Tag von ENERGIE.CROSS.MEDIAL 2023 und danke Ihnen f\u00fcr Ihre Zeit!<br \/><\/span><\/p><p>\u00a0<\/p>\t\t\t\t\t\t<\/div>\n\t\t\t\t<\/div>\n\t\t\t\t\t<\/div>\n\t\t<\/div>\n\t\t\t\t\t<\/div>\n\t\t<\/section>\n\t\t\t\t<\/div>\n\t\t","protected":false},"excerpt":{"rendered":"<p>4 Fragen an&#8230; \u2026Christiane Mann, Vice President Industry Affairs, Siemens Smart Infrastructure Dr. Annette Nietfeld: Frau Mann, wo sehen Sie die energetische Zukunft unserer St\u00e4dte? Christiane Mann: Die W\u00fcnsche, die wir an den urbanen Lebensraum haben sind so vielf\u00e4ltig wie [&hellip;]<\/p>\n","protected":false},"author":3,"featured_media":4349,"comment_status":"open","ping_status":"open","sticky":false,"template":"","format":"standard","meta":{"_acf_changed":false,"_jetpack_memberships_contains_paid_content":false,"footnotes":""},"categories":[60],"tags":[59],"class_list":["post-6138","post","type-post","status-publish","format-standard","has-post-thumbnail","hentry","category-interview2023","tag-interview2023"],"acf":[],"yoast_head":"<!-- This site is optimized with the Yoast SEO plugin v24.0 - https:\/\/yoast.com\/wordpress\/plugins\/seo\/ -->\n<title>Interview mir Christiane Mann, Vice President Industry Affairs, Siemens Smart Infrastructure - ENERGIE.CROSS.MEDIAL<\/title>\n<meta name=\"robots\" content=\"index, follow, max-snippet:-1, max-image-preview:large, max-video-preview:-1\" \/>\n<link rel=\"canonical\" href=\"https:\/\/www.energiecrossmedial.de\/index.php\/2023\/02\/24\/interview-mir-christiane-mann-vice-president-industry-affairs-siemens-smart-infrastructure\/\" \/>\n<meta property=\"og:locale\" content=\"de_DE\" \/>\n<meta property=\"og:type\" content=\"article\" \/>\n<meta property=\"og:title\" content=\"Interview mir Christiane Mann, Vice President Industry Affairs, Siemens Smart Infrastructure - ENERGIE.CROSS.MEDIAL\" \/>\n<meta property=\"og:description\" content=\"4 Fragen an&#8230; \u2026Christiane Mann, Vice President Industry Affairs, Siemens Smart Infrastructure Dr. Annette Nietfeld: Frau Mann, wo sehen Sie die energetische Zukunft unserer St\u00e4dte? Christiane Mann: Die W\u00fcnsche, die wir an den urbanen Lebensraum haben sind so vielf\u00e4ltig wie [&hellip;]\" \/>\n<meta property=\"og:url\" content=\"https:\/\/www.energiecrossmedial.de\/index.php\/2023\/02\/24\/interview-mir-christiane-mann-vice-president-industry-affairs-siemens-smart-infrastructure\/\" \/>\n<meta property=\"og:site_name\" content=\"ENERGIE.CROSS.MEDIAL\" \/>\n<meta property=\"article:published_time\" content=\"2023-02-24T13:49:41+00:00\" \/>\n<meta property=\"article:modified_time\" content=\"2023-02-24T14:00:28+00:00\" \/>\n<meta property=\"og:image\" content=\"https:\/\/www.energiecrossmedial.de\/wp-content\/uploads\/2023\/02\/2_ChrMann_high-res-scaled.jpg\" \/>\n\t<meta property=\"og:image:width\" content=\"1063\" \/>\n\t<meta property=\"og:image:height\" content=\"1600\" \/>\n\t<meta property=\"og:image:type\" content=\"image\/jpeg\" \/>\n<meta name=\"author\" content=\"Jakob Fidler\" \/>\n<meta name=\"twitter:card\" content=\"summary_large_image\" \/>\n<meta name=\"twitter:creator\" content=\"@EnergieXMedial\" \/>\n<meta name=\"twitter:site\" content=\"@EnergieXMedial\" \/>\n<meta name=\"twitter:label1\" content=\"Verfasst von\" \/>\n\t<meta name=\"twitter:data1\" content=\"Jakob Fidler\" \/>\n\t<meta name=\"twitter:label2\" content=\"Gesch\u00e4tzte Lesezeit\" \/>\n\t<meta name=\"twitter:data2\" content=\"5\u00a0Minuten\" \/>\n<script type=\"application\/ld+json\" class=\"yoast-schema-graph\">{\"@context\":\"https:\/\/schema.org\",\"@graph\":[{\"@type\":\"Article\",\"@id\":\"https:\/\/www.energiecrossmedial.de\/index.php\/2023\/02\/24\/interview-mir-christiane-mann-vice-president-industry-affairs-siemens-smart-infrastructure\/#article\",\"isPartOf\":{\"@id\":\"https:\/\/www.energiecrossmedial.de\/index.php\/2023\/02\/24\/interview-mir-christiane-mann-vice-president-industry-affairs-siemens-smart-infrastructure\/\"},\"author\":{\"name\":\"Jakob Fidler\",\"@id\":\"https:\/\/www.energiecrossmedial.de\/#\/schema\/person\/3b43b0eae42f3575bba3965e87b29f05\"},\"headline\":\"Interview mir Christiane Mann, Vice President Industry Affairs, Siemens Smart Infrastructure\",\"datePublished\":\"2023-02-24T13:49:41+00:00\",\"dateModified\":\"2023-02-24T14:00:28+00:00\",\"mainEntityOfPage\":{\"@id\":\"https:\/\/www.energiecrossmedial.de\/index.php\/2023\/02\/24\/interview-mir-christiane-mann-vice-president-industry-affairs-siemens-smart-infrastructure\/\"},\"wordCount\":978,\"commentCount\":0,\"publisher\":{\"@id\":\"https:\/\/www.energiecrossmedial.de\/#organization\"},\"image\":{\"@id\":\"https:\/\/www.energiecrossmedial.de\/index.php\/2023\/02\/24\/interview-mir-christiane-mann-vice-president-industry-affairs-siemens-smart-infrastructure\/#primaryimage\"},\"thumbnailUrl\":\"https:\/\/www.energiecrossmedial.de\/wp-content\/uploads\/2023\/02\/2_ChrMann_high-res-scaled.jpg\",\"keywords\":[\"Interview2023\"],\"articleSection\":[\"Interview2023\"],\"inLanguage\":\"de\",\"potentialAction\":[{\"@type\":\"CommentAction\",\"name\":\"Comment\",\"target\":[\"https:\/\/www.energiecrossmedial.de\/index.php\/2023\/02\/24\/interview-mir-christiane-mann-vice-president-industry-affairs-siemens-smart-infrastructure\/#respond\"]}]},{\"@type\":\"WebPage\",\"@id\":\"https:\/\/www.energiecrossmedial.de\/index.php\/2023\/02\/24\/interview-mir-christiane-mann-vice-president-industry-affairs-siemens-smart-infrastructure\/\",\"url\":\"https:\/\/www.energiecrossmedial.de\/index.php\/2023\/02\/24\/interview-mir-christiane-mann-vice-president-industry-affairs-siemens-smart-infrastructure\/\",\"name\":\"Interview mir Christiane Mann, Vice President Industry Affairs, Siemens Smart Infrastructure - ENERGIE.CROSS.MEDIAL\",\"isPartOf\":{\"@id\":\"https:\/\/www.energiecrossmedial.de\/#website\"},\"primaryImageOfPage\":{\"@id\":\"https:\/\/www.energiecrossmedial.de\/index.php\/2023\/02\/24\/interview-mir-christiane-mann-vice-president-industry-affairs-siemens-smart-infrastructure\/#primaryimage\"},\"image\":{\"@id\":\"https:\/\/www.energiecrossmedial.de\/index.php\/2023\/02\/24\/interview-mir-christiane-mann-vice-president-industry-affairs-siemens-smart-infrastructure\/#primaryimage\"},\"thumbnailUrl\":\"https:\/\/www.energiecrossmedial.de\/wp-content\/uploads\/2023\/02\/2_ChrMann_high-res-scaled.jpg\",\"datePublished\":\"2023-02-24T13:49:41+00:00\",\"dateModified\":\"2023-02-24T14:00:28+00:00\",\"breadcrumb\":{\"@id\":\"https:\/\/www.energiecrossmedial.de\/index.php\/2023\/02\/24\/interview-mir-christiane-mann-vice-president-industry-affairs-siemens-smart-infrastructure\/#breadcrumb\"},\"inLanguage\":\"de\",\"potentialAction\":[{\"@type\":\"ReadAction\",\"target\":[\"https:\/\/www.energiecrossmedial.de\/index.php\/2023\/02\/24\/interview-mir-christiane-mann-vice-president-industry-affairs-siemens-smart-infrastructure\/\"]}]},{\"@type\":\"ImageObject\",\"inLanguage\":\"de\",\"@id\":\"https:\/\/www.energiecrossmedial.de\/index.php\/2023\/02\/24\/interview-mir-christiane-mann-vice-president-industry-affairs-siemens-smart-infrastructure\/#primaryimage\",\"url\":\"https:\/\/www.energiecrossmedial.de\/wp-content\/uploads\/2023\/02\/2_ChrMann_high-res-scaled.jpg\",\"contentUrl\":\"https:\/\/www.energiecrossmedial.de\/wp-content\/uploads\/2023\/02\/2_ChrMann_high-res-scaled.jpg\",\"width\":1063,\"height\":1600},{\"@type\":\"BreadcrumbList\",\"@id\":\"https:\/\/www.energiecrossmedial.de\/index.php\/2023\/02\/24\/interview-mir-christiane-mann-vice-president-industry-affairs-siemens-smart-infrastructure\/#breadcrumb\",\"itemListElement\":[{\"@type\":\"ListItem\",\"position\":1,\"name\":\"Startseite\",\"item\":\"https:\/\/www.energiecrossmedial.de\/\"},{\"@type\":\"ListItem\",\"position\":2,\"name\":\"Interview mir Christiane Mann, Vice President Industry Affairs, Siemens Smart Infrastructure\"}]},{\"@type\":\"WebSite\",\"@id\":\"https:\/\/www.energiecrossmedial.de\/#website\",\"url\":\"https:\/\/www.energiecrossmedial.de\/\",\"name\":\"ENERGIE.CROSS.MEDIAL - das forum der energiewende\",\"description\":\"das forum der energiewende\",\"publisher\":{\"@id\":\"https:\/\/www.energiecrossmedial.de\/#organization\"},\"potentialAction\":[{\"@type\":\"SearchAction\",\"target\":{\"@type\":\"EntryPoint\",\"urlTemplate\":\"https:\/\/www.energiecrossmedial.de\/?s={search_term_string}\"},\"query-input\":{\"@type\":\"PropertyValueSpecification\",\"valueRequired\":true,\"valueName\":\"search_term_string\"}}],\"inLanguage\":\"de\"},{\"@type\":\"Organization\",\"@id\":\"https:\/\/www.energiecrossmedial.de\/#organization\",\"name\":\"ENERGIE.CROSS.MEDIAL - das forum der energiewende\",\"url\":\"https:\/\/www.energiecrossmedial.de\/\",\"logo\":{\"@type\":\"ImageObject\",\"inLanguage\":\"de\",\"@id\":\"https:\/\/www.energiecrossmedial.de\/#\/schema\/logo\/image\/\",\"url\":\"https:\/\/www.energiecrossmedial.de\/wp-content\/uploads\/2023\/09\/cropped-Website_Icon.png\",\"contentUrl\":\"https:\/\/www.energiecrossmedial.de\/wp-content\/uploads\/2023\/09\/cropped-Website_Icon.png\",\"width\":512,\"height\":512,\"caption\":\"ENERGIE.CROSS.MEDIAL - das forum der energiewende\"},\"image\":{\"@id\":\"https:\/\/www.energiecrossmedial.de\/#\/schema\/logo\/image\/\"},\"sameAs\":[\"https:\/\/x.com\/EnergieXMedial\",\"https:\/\/www.linkedin.com\/company\/zukunftsenergien\/\"]},{\"@type\":\"Person\",\"@id\":\"https:\/\/www.energiecrossmedial.de\/#\/schema\/person\/3b43b0eae42f3575bba3965e87b29f05\",\"name\":\"Jakob Fidler\",\"image\":{\"@type\":\"ImageObject\",\"inLanguage\":\"de\",\"@id\":\"https:\/\/www.energiecrossmedial.de\/#\/schema\/person\/image\/\",\"url\":\"https:\/\/secure.gravatar.com\/avatar\/2158a12b3acdd5bd9924116f3a1c4ad6?s=96&d=mm&r=g\",\"contentUrl\":\"https:\/\/secure.gravatar.com\/avatar\/2158a12b3acdd5bd9924116f3a1c4ad6?s=96&d=mm&r=g\",\"caption\":\"Jakob Fidler\"},\"url\":\"https:\/\/www.energiecrossmedial.de\/index.php\/author\/efoadmin2\/\"}]}<\/script>\n<!-- \/ Yoast SEO plugin. -->","yoast_head_json":{"title":"Interview mir Christiane Mann, Vice President Industry Affairs, Siemens Smart Infrastructure - ENERGIE.CROSS.MEDIAL","robots":{"index":"index","follow":"follow","max-snippet":"max-snippet:-1","max-image-preview":"max-image-preview:large","max-video-preview":"max-video-preview:-1"},"canonical":"https:\/\/www.energiecrossmedial.de\/index.php\/2023\/02\/24\/interview-mir-christiane-mann-vice-president-industry-affairs-siemens-smart-infrastructure\/","og_locale":"de_DE","og_type":"article","og_title":"Interview mir Christiane Mann, Vice President Industry Affairs, Siemens Smart Infrastructure - ENERGIE.CROSS.MEDIAL","og_description":"4 Fragen an&#8230; \u2026Christiane Mann, Vice President Industry Affairs, Siemens Smart Infrastructure Dr. Annette Nietfeld: Frau Mann, wo sehen Sie die energetische Zukunft unserer St\u00e4dte? Christiane Mann: Die W\u00fcnsche, die wir an den urbanen Lebensraum haben sind so vielf\u00e4ltig wie [&hellip;]","og_url":"https:\/\/www.energiecrossmedial.de\/index.php\/2023\/02\/24\/interview-mir-christiane-mann-vice-president-industry-affairs-siemens-smart-infrastructure\/","og_site_name":"ENERGIE.CROSS.MEDIAL","article_published_time":"2023-02-24T13:49:41+00:00","article_modified_time":"2023-02-24T14:00:28+00:00","og_image":[{"width":1063,"height":1600,"url":"https:\/\/www.energiecrossmedial.de\/wp-content\/uploads\/2023\/02\/2_ChrMann_high-res-scaled.jpg","type":"image\/jpeg"}],"author":"Jakob Fidler","twitter_card":"summary_large_image","twitter_creator":"@EnergieXMedial","twitter_site":"@EnergieXMedial","twitter_misc":{"Verfasst von":"Jakob Fidler","Gesch\u00e4tzte Lesezeit":"5\u00a0Minuten"},"schema":{"@context":"https:\/\/schema.org","@graph":[{"@type":"Article","@id":"https:\/\/www.energiecrossmedial.de\/index.php\/2023\/02\/24\/interview-mir-christiane-mann-vice-president-industry-affairs-siemens-smart-infrastructure\/#article","isPartOf":{"@id":"https:\/\/www.energiecrossmedial.de\/index.php\/2023\/02\/24\/interview-mir-christiane-mann-vice-president-industry-affairs-siemens-smart-infrastructure\/"},"author":{"name":"Jakob Fidler","@id":"https:\/\/www.energiecrossmedial.de\/#\/schema\/person\/3b43b0eae42f3575bba3965e87b29f05"},"headline":"Interview mir Christiane Mann, Vice President Industry Affairs, Siemens Smart Infrastructure","datePublished":"2023-02-24T13:49:41+00:00","dateModified":"2023-02-24T14:00:28+00:00","mainEntityOfPage":{"@id":"https:\/\/www.energiecrossmedial.de\/index.php\/2023\/02\/24\/interview-mir-christiane-mann-vice-president-industry-affairs-siemens-smart-infrastructure\/"},"wordCount":978,"commentCount":0,"publisher":{"@id":"https:\/\/www.energiecrossmedial.de\/#organization"},"image":{"@id":"https:\/\/www.energiecrossmedial.de\/index.php\/2023\/02\/24\/interview-mir-christiane-mann-vice-president-industry-affairs-siemens-smart-infrastructure\/#primaryimage"},"thumbnailUrl":"https:\/\/www.energiecrossmedial.de\/wp-content\/uploads\/2023\/02\/2_ChrMann_high-res-scaled.jpg","keywords":["Interview2023"],"articleSection":["Interview2023"],"inLanguage":"de","potentialAction":[{"@type":"CommentAction","name":"Comment","target":["https:\/\/www.energiecrossmedial.de\/index.php\/2023\/02\/24\/interview-mir-christiane-mann-vice-president-industry-affairs-siemens-smart-infrastructure\/#respond"]}]},{"@type":"WebPage","@id":"https:\/\/www.energiecrossmedial.de\/index.php\/2023\/02\/24\/interview-mir-christiane-mann-vice-president-industry-affairs-siemens-smart-infrastructure\/","url":"https:\/\/www.energiecrossmedial.de\/index.php\/2023\/02\/24\/interview-mir-christiane-mann-vice-president-industry-affairs-siemens-smart-infrastructure\/","name":"Interview mir Christiane Mann, Vice President Industry Affairs, Siemens Smart Infrastructure - ENERGIE.CROSS.MEDIAL","isPartOf":{"@id":"https:\/\/www.energiecrossmedial.de\/#website"},"primaryImageOfPage":{"@id":"https:\/\/www.energiecrossmedial.de\/index.php\/2023\/02\/24\/interview-mir-christiane-mann-vice-president-industry-affairs-siemens-smart-infrastructure\/#primaryimage"},"image":{"@id":"https:\/\/www.energiecrossmedial.de\/index.php\/2023\/02\/24\/interview-mir-christiane-mann-vice-president-industry-affairs-siemens-smart-infrastructure\/#primaryimage"},"thumbnailUrl":"https:\/\/www.energiecrossmedial.de\/wp-content\/uploads\/2023\/02\/2_ChrMann_high-res-scaled.jpg","datePublished":"2023-02-24T13:49:41+00:00","dateModified":"2023-02-24T14:00:28+00:00","breadcrumb":{"@id":"https:\/\/www.energiecrossmedial.de\/index.php\/2023\/02\/24\/interview-mir-christiane-mann-vice-president-industry-affairs-siemens-smart-infrastructure\/#breadcrumb"},"inLanguage":"de","potentialAction":[{"@type":"ReadAction","target":["https:\/\/www.energiecrossmedial.de\/index.php\/2023\/02\/24\/interview-mir-christiane-mann-vice-president-industry-affairs-siemens-smart-infrastructure\/"]}]},{"@type":"ImageObject","inLanguage":"de","@id":"https:\/\/www.energiecrossmedial.de\/index.php\/2023\/02\/24\/interview-mir-christiane-mann-vice-president-industry-affairs-siemens-smart-infrastructure\/#primaryimage","url":"https:\/\/www.energiecrossmedial.de\/wp-content\/uploads\/2023\/02\/2_ChrMann_high-res-scaled.jpg","contentUrl":"https:\/\/www.energiecrossmedial.de\/wp-content\/uploads\/2023\/02\/2_ChrMann_high-res-scaled.jpg","width":1063,"height":1600},{"@type":"BreadcrumbList","@id":"https:\/\/www.energiecrossmedial.de\/index.php\/2023\/02\/24\/interview-mir-christiane-mann-vice-president-industry-affairs-siemens-smart-infrastructure\/#breadcrumb","itemListElement":[{"@type":"ListItem","position":1,"name":"Startseite","item":"https:\/\/www.energiecrossmedial.de\/"},{"@type":"ListItem","position":2,"name":"Interview mir Christiane Mann, Vice President Industry Affairs, Siemens Smart Infrastructure"}]},{"@type":"WebSite","@id":"https:\/\/www.energiecrossmedial.de\/#website","url":"https:\/\/www.energiecrossmedial.de\/","name":"ENERGIE.CROSS.MEDIAL - das forum der energiewende","description":"das forum der energiewende","publisher":{"@id":"https:\/\/www.energiecrossmedial.de\/#organization"},"potentialAction":[{"@type":"SearchAction","target":{"@type":"EntryPoint","urlTemplate":"https:\/\/www.energiecrossmedial.de\/?s={search_term_string}"},"query-input":{"@type":"PropertyValueSpecification","valueRequired":true,"valueName":"search_term_string"}}],"inLanguage":"de"},{"@type":"Organization","@id":"https:\/\/www.energiecrossmedial.de\/#organization","name":"ENERGIE.CROSS.MEDIAL - das forum der energiewende","url":"https:\/\/www.energiecrossmedial.de\/","logo":{"@type":"ImageObject","inLanguage":"de","@id":"https:\/\/www.energiecrossmedial.de\/#\/schema\/logo\/image\/","url":"https:\/\/www.energiecrossmedial.de\/wp-content\/uploads\/2023\/09\/cropped-Website_Icon.png","contentUrl":"https:\/\/www.energiecrossmedial.de\/wp-content\/uploads\/2023\/09\/cropped-Website_Icon.png","width":512,"height":512,"caption":"ENERGIE.CROSS.MEDIAL - das forum der energiewende"},"image":{"@id":"https:\/\/www.energiecrossmedial.de\/#\/schema\/logo\/image\/"},"sameAs":["https:\/\/x.com\/EnergieXMedial","https:\/\/www.linkedin.com\/company\/zukunftsenergien\/"]},{"@type":"Person","@id":"https:\/\/www.energiecrossmedial.de\/#\/schema\/person\/3b43b0eae42f3575bba3965e87b29f05","name":"Jakob Fidler","image":{"@type":"ImageObject","inLanguage":"de","@id":"https:\/\/www.energiecrossmedial.de\/#\/schema\/person\/image\/","url":"https:\/\/secure.gravatar.com\/avatar\/2158a12b3acdd5bd9924116f3a1c4ad6?s=96&d=mm&r=g","contentUrl":"https:\/\/secure.gravatar.com\/avatar\/2158a12b3acdd5bd9924116f3a1c4ad6?s=96&d=mm&r=g","caption":"Jakob Fidler"},"url":"https:\/\/www.energiecrossmedial.de\/index.php\/author\/efoadmin2\/"}]}},"jetpack_featured_media_url":"https:\/\/www.energiecrossmedial.de\/wp-content\/uploads\/2023\/02\/2_ChrMann_high-res-scaled.jpg","jetpack_sharing_enabled":true,"_links":{"self":[{"href":"https:\/\/www.energiecrossmedial.de\/index.php\/wp-json\/wp\/v2\/posts\/6138","targetHints":{"allow":["GET"]}}],"collection":[{"href":"https:\/\/www.energiecrossmedial.de\/index.php\/wp-json\/wp\/v2\/posts"}],"about":[{"href":"https:\/\/www.energiecrossmedial.de\/index.php\/wp-json\/wp\/v2\/types\/post"}],"author":[{"embeddable":true,"href":"https:\/\/www.energiecrossmedial.de\/index.php\/wp-json\/wp\/v2\/users\/3"}],"replies":[{"embeddable":true,"href":"https:\/\/www.energiecrossmedial.de\/index.php\/wp-json\/wp\/v2\/comments?post=6138"}],"version-history":[{"count":15,"href":"https:\/\/www.energiecrossmedial.de\/index.php\/wp-json\/wp\/v2\/posts\/6138\/revisions"}],"predecessor-version":[{"id":6157,"href":"https:\/\/www.energiecrossmedial.de\/index.php\/wp-json\/wp\/v2\/posts\/6138\/revisions\/6157"}],"wp:featuredmedia":[{"embeddable":true,"href":"https:\/\/www.energiecrossmedial.de\/index.php\/wp-json\/wp\/v2\/media\/4349"}],"wp:attachment":[{"href":"https:\/\/www.energiecrossmedial.de\/index.php\/wp-json\/wp\/v2\/media?parent=6138"}],"wp:term":[{"taxonomy":"category","embeddable":true,"href":"https:\/\/www.energiecrossmedial.de\/index.php\/wp-json\/wp\/v2\/categories?post=6138"},{"taxonomy":"post_tag","embeddable":true,"href":"https:\/\/www.energiecrossmedial.de\/index.php\/wp-json\/wp\/v2\/tags?post=6138"}],"curies":[{"name":"wp","href":"https:\/\/api.w.org\/{rel}","templated":true}]}}