{"id":7245,"date":"2023-12-08T12:07:36","date_gmt":"2023-12-08T11:07:36","guid":{"rendered":"https:\/\/www.energiecrossmedial.de\/?p=7245"},"modified":"2024-01-19T11:27:31","modified_gmt":"2024-01-19T10:27:31","slug":"interview-mit-dr-annette-nietfeld","status":"publish","type":"post","link":"https:\/\/www.energiecrossmedial.de\/index.php\/2023\/12\/08\/interview-mit-dr-annette-nietfeld\/","title":{"rendered":"Interview mit Dr. Annette Nietfeld"},"content":{"rendered":"\t\t<div data-elementor-type=\"wp-post\" data-elementor-id=\"7245\" class=\"elementor elementor-7245\" data-elementor-post-type=\"post\">\n\t\t\t\t\t\t<section class=\"elementor-section elementor-top-section elementor-element elementor-element-54a6a9f0 elementor-section-boxed elementor-section-height-default elementor-section-height-default\" data-id=\"54a6a9f0\" data-element_type=\"section\" data-settings=\"{&quot;grandconference_ext_is_background_parallax&quot;:&quot;false&quot;,&quot;grandconference_ext_is_background_backdrop&quot;:&quot;false&quot;,&quot;grandconference_ext_is_background_on_scroll&quot;:&quot;false&quot;}\">\n\t\t\t\t\t\t<div class=\"elementor-container elementor-column-gap-default\">\n\t\t\t\t\t<div class=\"elementor-column elementor-col-100 elementor-top-column elementor-element elementor-element-45ed3ec6\" data-id=\"45ed3ec6\" data-element_type=\"column\" data-settings=\"{&quot;grandconference_ext_link_sidemenu&quot;:&quot;false&quot;,&quot;grandconference_ext_link_fullmenu&quot;:&quot;false&quot;,&quot;grandconference_ext_link_closed_fullmenu&quot;:&quot;false&quot;,&quot;grandconference_ext_is_sticky&quot;:&quot;false&quot;,&quot;grandconference_ext_is_scrollme&quot;:&quot;false&quot;,&quot;grandconference_ext_is_smoove&quot;:&quot;false&quot;,&quot;grandconference_ext_is_parallax_mouse&quot;:&quot;false&quot;,&quot;grandconference_ext_is_infinite&quot;:&quot;false&quot;,&quot;grandconference_ext_is_fadeout_animation&quot;:&quot;false&quot;,&quot;grandconference_ext_mobile_static&quot;:&quot;false&quot;}\">\n\t\t\t<div class=\"elementor-widget-wrap elementor-element-populated\">\n\t\t\t\t\t\t<div class=\"elementor-element elementor-element-f655703 elementor-widget elementor-widget-heading\" data-id=\"f655703\" data-element_type=\"widget\" data-settings=\"{&quot;grandconference_ext_link_sidemenu&quot;:&quot;false&quot;,&quot;grandconference_ext_link_fullmenu&quot;:&quot;false&quot;,&quot;grandconference_ext_link_closed_fullmenu&quot;:&quot;false&quot;,&quot;grandconference_ext_is_sticky&quot;:&quot;false&quot;,&quot;grandconference_ext_is_scrollme&quot;:&quot;false&quot;,&quot;grandconference_ext_is_smoove&quot;:&quot;false&quot;,&quot;grandconference_ext_is_parallax_mouse&quot;:&quot;false&quot;,&quot;grandconference_ext_is_infinite&quot;:&quot;false&quot;,&quot;grandconference_ext_is_fadeout_animation&quot;:&quot;false&quot;,&quot;grandconference_ext_mobile_static&quot;:&quot;false&quot;}\" data-widget_type=\"heading.default\">\n\t\t\t\t<div class=\"elementor-widget-container\">\n\t\t\t<h2 class=\"elementor-heading-title elementor-size-default\">Interview mit Dr. Annette Nietfeld<\/h2>\t\t<\/div>\n\t\t\t\t<\/div>\n\t\t\t\t\t<\/div>\n\t\t<\/div>\n\t\t\t\t\t<\/div>\n\t\t<\/section>\n\t\t\t\t<section class=\"elementor-section elementor-top-section elementor-element elementor-element-38d6e6a elementor-section-boxed elementor-section-height-default elementor-section-height-default\" data-id=\"38d6e6a\" data-element_type=\"section\" data-settings=\"{&quot;grandconference_ext_is_background_parallax&quot;:&quot;false&quot;,&quot;grandconference_ext_is_background_backdrop&quot;:&quot;false&quot;,&quot;grandconference_ext_is_background_on_scroll&quot;:&quot;false&quot;}\">\n\t\t\t\t\t\t<div class=\"elementor-container elementor-column-gap-default\">\n\t\t\t\t\t<div class=\"elementor-column elementor-col-66 elementor-top-column elementor-element elementor-element-e8f0519\" data-id=\"e8f0519\" data-element_type=\"column\" data-settings=\"{&quot;grandconference_ext_link_sidemenu&quot;:&quot;false&quot;,&quot;grandconference_ext_link_fullmenu&quot;:&quot;false&quot;,&quot;grandconference_ext_link_closed_fullmenu&quot;:&quot;false&quot;,&quot;grandconference_ext_is_sticky&quot;:&quot;false&quot;,&quot;grandconference_ext_is_scrollme&quot;:&quot;false&quot;,&quot;grandconference_ext_is_smoove&quot;:&quot;false&quot;,&quot;grandconference_ext_is_parallax_mouse&quot;:&quot;false&quot;,&quot;grandconference_ext_is_infinite&quot;:&quot;false&quot;,&quot;grandconference_ext_is_fadeout_animation&quot;:&quot;false&quot;,&quot;grandconference_ext_mobile_static&quot;:&quot;false&quot;}\">\n\t\t\t<div class=\"elementor-widget-wrap elementor-element-populated\">\n\t\t\t\t\t\t<div class=\"elementor-element elementor-element-38991bdb elementor-widget elementor-widget-text-editor\" data-id=\"38991bdb\" data-element_type=\"widget\" data-settings=\"{&quot;grandconference_ext_link_sidemenu&quot;:&quot;false&quot;,&quot;grandconference_ext_link_fullmenu&quot;:&quot;false&quot;,&quot;grandconference_ext_link_closed_fullmenu&quot;:&quot;false&quot;,&quot;grandconference_ext_is_sticky&quot;:&quot;false&quot;,&quot;grandconference_ext_is_scrollme&quot;:&quot;false&quot;,&quot;grandconference_ext_is_smoove&quot;:&quot;false&quot;,&quot;grandconference_ext_is_parallax_mouse&quot;:&quot;false&quot;,&quot;grandconference_ext_is_infinite&quot;:&quot;false&quot;,&quot;grandconference_ext_is_fadeout_animation&quot;:&quot;false&quot;,&quot;grandconference_ext_mobile_static&quot;:&quot;false&quot;}\" data-widget_type=\"text-editor.default\">\n\t\t\t\t<div class=\"elementor-widget-container\">\n\t\t\t\t\t\t\t<p><!-- wp:image {\"id\":7276,\"sizeSlug\":\"full\",\"linkDestination\":\"none\"} --><\/p>\n<figure class=\"wp-block-image size-full\"><img fetchpriority=\"high\" decoding=\"async\" width=\"1600\" height=\"533\" class=\"wp-image-7276\" src=\"https:\/\/www.energiecrossmedial.de\/wp-content\/uploads\/2023\/12\/EXM24_Interview_Share_Nietfeld_neu.jpg\" alt=\"\" \/><\/figure>\n<p><!-- \/wp:image --><!-- wp:paragraph --><\/p>\n<p><strong>Zur Vorbereitung der ENERGIE.CROSS.MEDIAL 2024 sprach Johann Terres, Praktikant im Forum f\u00fcr Zukunftsenergien e.V., mit <a href=\"https:\/\/www.energiecrossmedial.de\/index.php\/speaker\/annette-nietfeld\/\" target=\"_blank\" rel=\"noopener\">Dr. Annette Nietfeld<\/a>, Initiatorin der EXM und Gesch\u00e4ftsf\u00fchrerin des <a href=\"https:\/\/stage.zukunftsenergien.de\/\">Forum f\u00fcr Zukunftsenergien e.V.<\/a><br \/><\/strong><\/p>\n<p><!-- \/wp:paragraph --><!-- wp:paragraph {\"style\":{\"color\":{\"text\":\"#d51030\"}}} --><\/p>\n<p class=\"has-text-color\" style=\"color: #d51030;\"><strong>Johann Terres: Frau Dr. Nietfeld, am 5. &amp; 6. M\u00e4rz 2024 wird die 5. Ausgabe der ENERGIE.CROSS.MEDIAL stattfinden. Was erwartet uns?<\/strong><\/p>\n<p><!-- \/wp:paragraph --><!-- wp:paragraph --><\/p>\n<p><strong>Dr. Annette Nietfeld: <\/strong>Die ENERGIE.CROSS.MEDIAL 2024 steht ganz im Zeichen der bevorstehenden Europawahlen. Wir wollen einen intensiven Blick auf die Arbeit der aktuellen EU-Kommission werfen und Impulse in Sachen Energie-, Verkehrs und Klimaschutzpolitik f\u00fcr die kommende EU-Kommission geben. Gleichzeitig ist die Ampelregierung mittlerweile in der Halbzeit ihrer Legislaturperiode angekommen und f\u00fchlt sich \u201evon der Wirklichkeit umzingelt\u201c. Ein Ausweg aus den schwierigen Umst\u00e4nden, die sich aus der verschiedenen Bundesverfassungsgerichtsurteilen ergeben, ist zur Zeit nicht in Sicht. Eine f\u00fcr die deutsche Volkswirtschaft mehr als missliche Situation. Wir werden deshalb eine Halbzeitbilanz seitens der Wirtschaft, der Forschung aber auch seitens der Politik selbst ziehen und ausgiebig \u00fcber das Ver\u00e4nderungspotential diskutieren. Die Energiewende an sich ist derma\u00dfen vielschichtig, dass alle G\u00e4ste und Mitwirkende sich auf unterschiedlichste Fragen der Energiewende freuen k\u00f6nnen. Die Konferenz fungiert also praktisch als Forum der Energiewende.<\/p>\n<p><!-- \/wp:paragraph --><!-- wp:paragraph {\"style\":{\"color\":{\"text\":\"#d51030\"}}} --><\/p>\n<p class=\"has-text-color\" style=\"color: #d51030;\"><strong>Johann Terres: Was macht f\u00fcr Sie die ENERGIE.CROSS.MEDIAL einzigartig? Weswegen sollte man die Konferenz besuchen?<\/strong><\/p>\n<p><!-- \/wp:paragraph --><!-- wp:paragraph --><\/p>\n<p><strong>Dr. Annette Nietfeld: <\/strong>Das Besondere an der ENERGIE.CROSS.MEDIAL ist, dass die Konferenz allen von der Energiewende betroffenen Branchen ein Angebot zum Austausch unterbreitet. Als unabh\u00e4ngige Organisation ist es uns ein gro\u00dfes Anliegen, Impulse und Meinungen seitens der betroffenen Branchen und Stakeholder zu h\u00f6ren und auszutauschen. Der Grundgedanke besteht darin, einen m\u00f6glichst breiten Dialog zu Fragen der Energiewende zu schaffen, um gemeinsam L\u00f6sungen zu finden.<br \/>Besonders lohnend macht die Teilnahme die Dichte an Pers\u00f6nlichkeiten, die aktiv an der Umsetzung der Energiewende mitarbeiten und oftmals in gro\u00dfer Verantwortung zu aufkommenden Problemstellungen stehen. Zusagen haben wir bereits von Top-Speakern wie <strong>Marco Alver\u00e1<\/strong>, CEO, Tree Energy Solutions (TES), <strong>Dr. Hans-J\u00fcrgen Brick<\/strong>, Vorsitzender der Gesch\u00e4ftsf\u00fchrung der Amprion GmbH, <strong>Christian Heine<\/strong>, Gesch\u00e4ftsf\u00fchrer der Hamburger Energiewerke GmbH, <strong>Barbie Haller<\/strong>, Vizepr\u00e4sidentin der Bundesnetzagentur<strong>, Tim Meyerj\u00fcrgens<\/strong>, Mitglied der Gesch\u00e4ftsleitung von TenneT, <strong>Prof. Dr. Gerald Linke<\/strong>, Vorstandsvorsitzender des DVGW, <strong>Dr. Harald Schwager<\/strong>, stellv. Vorsitzender des Vorstandes bei der Evonik Industries AG, <strong>Dr. Uwe Lauber<\/strong>, Vorstandsvorsitzender der MAN Energy Solutions SE, <strong>Prof. Dr. Oliver Kraft<\/strong>, Pr\u00e4sident des Karlsruher Instituts f\u00fcr Technologie. Wer den Austausch mit Entscheidern aus Energiewirtschaft, Bauwesen, Beratung, Forschung und Politik etc. sucht, dem w\u00fcrde ich eine Teilnahme an der ENERGIE.CROSS.MEDIAL empfehlen. Nicht zu vergessen sind die vielen spannenden Beitr\u00e4ge und Insights zu aktuellen Themen der Energiewende.<\/p>\n<p><!-- \/wp:paragraph --><!-- wp:paragraph {\"style\":{\"color\":{\"text\":\"#d51030\"}}} --><\/p>\n<p class=\"has-text-color\" style=\"color: #d51030;\"><strong>Johann Terres: Die Konferenz gliedert sich in 3 gro\u00dfe Formate. Zu Beginn wird ein Er\u00f6ffnungsplenum stattfinden. Was erwartet uns?<\/strong><\/p>\n<p><!-- \/wp:paragraph --><!-- wp:paragraph --><\/p>\n<p><strong>Dr. Annette Nietfeld:<\/strong> Die ENERGIE.CROSS.MEDIAL 2024 findet gut zwei Jahre nach dem Beginn des Krieges, den Russland gegen die Ukraine f\u00fchrt, vor dem Hintergrund statt, dass Versorgungskrisen und extrem volatile Preise an den Energiem\u00e4rkten im ersten Kriegsjahr zwar gemeistert wurden; dennoch perspektivisch die Versorgungssicherheit nicht gew\u00e4hrleistet ist. Im ersten Halbjahr 2024 werden die Rezession und die hohen Strompreise, die die deutsche Volkswirtschaft weiterhin sehr belasten, im Mittelpunkt der Aufmerksamkeit stehen. Hinzu kommt, dass der Krieg die bisherigen handelspolitischen Beziehungen dauerhaft ver\u00e4ndert hat und der IRA der USA daf\u00fcr sorgt, dass Investitionen nicht in Europa und Deutschland stattfinden. Gleichzeitig h\u00e4lt die Politik an der Energiewende und ihren Klimaschutzzielen, die vor der Pandemie und vor dem Krieg definiert wurden, fest; mit allen Konsequenzen f\u00fcr die deutsche Wirtschaft, die \u00f6ffentlichen und \u00a0privaten Haushalte. Unter anderem wird der bereits erw\u00e4hnte Herr <strong>Marco Alver\u00e1<\/strong>, CEO, Tree Energy Solutions (TES) zu den Hoffnungen und Potenzialen von Wasserstoff f\u00fcr die Energiewende vortragen.<\/p>\n<p><!-- \/wp:paragraph --><!-- wp:paragraph {\"style\":{\"color\":{\"text\":\"#d51030\"}}} --><\/p>\n<p class=\"has-text-color\" style=\"color: #d51030;\"><strong>Johann Terres: \u00dcber die 2 Tage sind verschiedene Themensessions im Programmablauf vorgesehen. Was darf man sich darunter vorstellen?<\/strong><\/p>\n<p><!-- \/wp:paragraph --><!-- wp:paragraph --><\/p>\n<p><strong>Dr. Annette Nietfeld: <\/strong>Im Plenum werden generelle Themen angesprochen; in den Sessions die verschiedenen fachspezifischen Themen. Insgesamt werden 6 dieser Sessions zu den Themen \u201eKommunale W\u00e4rmeplanung\u201c, \u201eTransformation der Infrastrukturen\u201c, \u201eDatenr\u00e4ume f\u00fcr die Energiewirtschaft\u201c, \u201eMolek\u00fclwende\u201c, \u201eFinanzielle Mittel f\u00fcr die Energiewende jenseits des Bundeshaushaltes\u201c und \u201eUmsetzung der europ\u00e4ischen und nationalen Energieeffizienzvorgaben\u201c angeboten. Das Konzept der Themensession funktioniert wie folgt: Hierzu f\u00e4llt mir direkt z.B. die Themensession 2 zur Gleichzeitigkeit der Infrastrukturtransformation ein. Hierzu werden wir zun\u00e4chst Vortr\u00e4ge die Vortr\u00e4ge <strong>\u201eWie kann die Regulierung moderner und flexibler werden?\u201c (Barbie Haller, Vizepr\u00e4sidentin der BNetzA)<\/strong>, <strong>\u201eDas &#8222;Klimaneutralit\u00e4tsnetz&#8220;\u201c (Tim Meyerj\u00fcrgens, COO TenneT) <\/strong>und <strong>\u201eVerteilnetzthemen\u201c (Susanne Fabry, Vorst\u00e4ndin Netze RheinEnergie AG), <\/strong>sowie einen zur<strong> Perspektive der Gaswirtschaft <\/strong>h\u00f6ren. Im Anschluss wird <strong>Prof. Dr. Gerald (Vorstandsvorsitzender des DVGW)<\/strong> im Interview die Fragen des Auditoriums und die Impulsvortr\u00e4ge besprechen. Diese Sessions werden von entsprechenden Partnern ausgerichtet und bieten brancheninternen Input, sowie Podiumsdiskussionen und gen\u00fcgend Raum f\u00fcr Fragen und ausgiebigen Austausch zu 6 Schwerpunktthemen.<\/p>\n<p><!-- \/wp:paragraph --><!-- wp:paragraph {\"style\":{\"color\":{\"text\":\"#d51030\"}}} --><\/p>\n<p class=\"has-text-color\" style=\"color: #d51030;\"><strong>Johann Terres: Und was erwartet uns neben den Sessions im Plenum?<\/strong><\/p>\n<p><!-- \/wp:paragraph --><!-- wp:paragraph --><\/p>\n<p><strong>Dr. Annette Nietfeld: <\/strong>Wir werden die Themen \u201eVersorgungssicherheit und Klimaschutz\u201c im Plenum besprechen. Dort werden wir au\u00dferdem wie zu Beginn beschrieben, eine Bilanz der \u201eEnergie- und Klimaschutzpolitik der EU\u2013Kommission\u201c nach vier Jahren ziehen, sowie Impulse f\u00fcr die n\u00e4chste Amtszeit sammeln. Anl\u00e4sslich der Halbzeit der deutschen Bundesregierung sollen ferner Erwartungen an die Politik in den verbleibenden zwei Jahren formuliert werden. Die Schwerpunkte im Detail sind auf der Konferenz-Website nachzulesen.<\/p>\n<p><!-- \/wp:paragraph --><!-- wp:paragraph {\"style\":{\"color\":{\"text\":\"#d51030\"}}} --><\/p>\n<p class=\"has-text-color\" style=\"color: #d51030;\"><strong>Johann Terres: Was bringt ENERGIE.CROSS.MEDIAL 2024 noch mit sich? Haben Sie vielleicht ein paar Kennzahlen f\u00fcr uns?<\/strong><\/p>\n<p><!-- \/wp:paragraph --><!-- wp:paragraph --><\/p>\n<p><strong>Dr. Annette Nietfeld: <\/strong>Neben dem fachlichen Diskurs bringen solche Konferenzen nat\u00fcrlich immer den Vorteil mit, viele Branchenkollegen in Person treffen zu k\u00f6nnen. Zum \u201eklassischen Netzwerken\u201c gibt es viel Raum und Zeit. Vor Ort erwarten wir 8-10 Aussteller, die ihre Unternehmen und ihre Arbeit abseits des Programms vorstellen werden. F\u00fcr gute Getr\u00e4nke und Speisen wird ebenfalls gesorgt sein, so dass es m\u00f6glich sein wird, sich in angenehmer Atmosph\u00e4re mit anderen Teilnehmern auszutauschen. Im letzten Jahr hatten wir ca. 250 Besucher, um die 60 Top-Speaker und mehr als 20 Partner.<\/p>\n<p><!-- \/wp:paragraph --><!-- wp:paragraph {\"style\":{\"color\":{\"text\":\"#d51030\"}}} --><\/p>\n<p class=\"has-text-color\" style=\"color: #d51030;\"><strong>Johann Terres: Worauf freuen Sie sich am meisten? Was macht die Konferenz aus?<\/strong><\/p>\n<p><!-- \/wp:paragraph --><!-- wp:paragraph --><\/p>\n<p><strong>Dr. Annette Nietfeld: <\/strong>Da ich aktiv das Programm mitgestalte, kann ich versichern, dass wir an die Qualit\u00e4t des Programmes vom letzten Jahr ankn\u00fcpfen und viele sehr spannende Beitr\u00e4ge h\u00f6ren werden. Ich verfolge nun schon seit mindestens 25 Jahren aktiv die energiepolitische Debatte und kann sagen, dass ich &#8211; w\u00e4re ich externe Dritte \u2013 sehr gerne zu dieser Konferenz kommen w\u00fcrde. Die Konferenz macht in erster Linie aus, dass ein kompetenter, kritischer und konstruktiver Dialog herrscht, der vor allem offen und ehrlich ist. Denn nur gemeinsam und ehrlich, l\u00e4sst sich die Energiewende meistern.<\/p>\n<p><!-- \/wp:paragraph --><!-- wp:paragraph {\"style\":{\"color\":{\"text\":\"#d51030\"}}} --><\/p>\n<p class=\"has-text-color\" style=\"color: #d51030;\"><strong>Johann Terres: Liebe Frau Nietfeld, vielen Dank f\u00fcr den interessanten und ausf\u00fchrlichen Ausblick auf die ENERGIE.CROSS.MEDIAL 2024!<\/strong><\/p>\n<p><!-- \/wp:paragraph --><\/p>\t\t\t\t\t\t<\/div>\n\t\t\t\t<\/div>\n\t\t\t\t\t<\/div>\n\t\t<\/div>\n\t\t\t\t<div class=\"elementor-column elementor-col-33 elementor-top-column elementor-element elementor-element-aec9434\" data-id=\"aec9434\" data-element_type=\"column\" data-settings=\"{&quot;grandconference_ext_link_sidemenu&quot;:&quot;false&quot;,&quot;grandconference_ext_link_fullmenu&quot;:&quot;false&quot;,&quot;grandconference_ext_link_closed_fullmenu&quot;:&quot;false&quot;,&quot;grandconference_ext_is_sticky&quot;:&quot;false&quot;,&quot;grandconference_ext_is_scrollme&quot;:&quot;false&quot;,&quot;grandconference_ext_is_smoove&quot;:&quot;false&quot;,&quot;grandconference_ext_is_parallax_mouse&quot;:&quot;false&quot;,&quot;grandconference_ext_is_infinite&quot;:&quot;false&quot;,&quot;grandconference_ext_is_fadeout_animation&quot;:&quot;false&quot;,&quot;grandconference_ext_mobile_static&quot;:&quot;false&quot;}\">\n\t\t\t<div class=\"elementor-widget-wrap elementor-element-populated\">\n\t\t\t\t\t\t<div class=\"elementor-element elementor-element-97704f6 elementor-widget elementor-widget-spacer\" data-id=\"97704f6\" data-element_type=\"widget\" data-settings=\"{&quot;grandconference_ext_link_sidemenu&quot;:&quot;false&quot;,&quot;grandconference_ext_link_fullmenu&quot;:&quot;false&quot;,&quot;grandconference_ext_link_closed_fullmenu&quot;:&quot;false&quot;,&quot;grandconference_ext_is_sticky&quot;:&quot;false&quot;,&quot;grandconference_ext_is_scrollme&quot;:&quot;false&quot;,&quot;grandconference_ext_is_smoove&quot;:&quot;false&quot;,&quot;grandconference_ext_is_parallax_mouse&quot;:&quot;false&quot;,&quot;grandconference_ext_is_infinite&quot;:&quot;false&quot;,&quot;grandconference_ext_is_fadeout_animation&quot;:&quot;false&quot;,&quot;grandconference_ext_mobile_static&quot;:&quot;false&quot;}\" data-widget_type=\"spacer.default\">\n\t\t\t\t<div class=\"elementor-widget-container\">\n\t\t\t\t\t<div class=\"elementor-spacer\">\n\t\t\t<div class=\"elementor-spacer-inner\"><\/div>\n\t\t<\/div>\n\t\t\t\t<\/div>\n\t\t\t\t<\/div>\n\t\t\t\t<div class=\"elementor-element elementor-element-6d78f90 elementor-widget elementor-widget-text-editor\" data-id=\"6d78f90\" data-element_type=\"widget\" data-settings=\"{&quot;grandconference_ext_link_sidemenu&quot;:&quot;false&quot;,&quot;grandconference_ext_link_fullmenu&quot;:&quot;false&quot;,&quot;grandconference_ext_link_closed_fullmenu&quot;:&quot;false&quot;,&quot;grandconference_ext_is_sticky&quot;:&quot;false&quot;,&quot;grandconference_ext_is_scrollme&quot;:&quot;false&quot;,&quot;grandconference_ext_is_smoove&quot;:&quot;false&quot;,&quot;grandconference_ext_is_parallax_mouse&quot;:&quot;false&quot;,&quot;grandconference_ext_is_infinite&quot;:&quot;false&quot;,&quot;grandconference_ext_is_fadeout_animation&quot;:&quot;false&quot;,&quot;grandconference_ext_mobile_static&quot;:&quot;false&quot;}\" data-widget_type=\"text-editor.default\">\n\t\t\t\t<div class=\"elementor-widget-container\">\n\t\t\t\t\t\t\t<h4 style=\"text-align: center;\">Autor<\/h4>\t\t\t\t\t\t<\/div>\n\t\t\t\t<\/div>\n\t\t\t\t<div class=\"elementor-element elementor-element-1369398 elementor-widget elementor-widget-text-editor\" data-id=\"1369398\" data-element_type=\"widget\" data-settings=\"{&quot;grandconference_ext_link_sidemenu&quot;:&quot;false&quot;,&quot;grandconference_ext_link_fullmenu&quot;:&quot;false&quot;,&quot;grandconference_ext_link_closed_fullmenu&quot;:&quot;false&quot;,&quot;grandconference_ext_is_sticky&quot;:&quot;false&quot;,&quot;grandconference_ext_is_scrollme&quot;:&quot;false&quot;,&quot;grandconference_ext_is_smoove&quot;:&quot;false&quot;,&quot;grandconference_ext_is_parallax_mouse&quot;:&quot;false&quot;,&quot;grandconference_ext_is_infinite&quot;:&quot;false&quot;,&quot;grandconference_ext_is_fadeout_animation&quot;:&quot;false&quot;,&quot;grandconference_ext_mobile_static&quot;:&quot;false&quot;}\" data-widget_type=\"text-editor.default\">\n\t\t\t\t<div class=\"elementor-widget-container\">\n\t\t\t\t\t\t\t<p><img decoding=\"async\" class=\"aligncenter wp-image-7283 size-thumbnail\" src=\"https:\/\/www.energiecrossmedial.de\/wp-content\/uploads\/2023\/12\/Terres_800x800-150x150.png\" alt=\"\" width=\"150\" height=\"150\" \/><\/p>\n<h3 style=\"text-align: center;\">Johann Terres<\/h3>\n<p style=\"text-align: center;\">FSJ-Politik<br \/>+49 30 \/ 72 61 59 98 \u2013 6<br \/><a href=\"mailto:terres@zukunftsenergien.de\"><span class=\"color_red\">terres@zukunftsenergien.de<\/span><\/a><\/p>\t\t\t\t\t\t<\/div>\n\t\t\t\t<\/div>\n\t\t\t\t<div class=\"elementor-element elementor-element-5857fe7 elementor-widget elementor-widget-text-editor\" data-id=\"5857fe7\" data-element_type=\"widget\" data-settings=\"{&quot;grandconference_ext_link_sidemenu&quot;:&quot;false&quot;,&quot;grandconference_ext_link_fullmenu&quot;:&quot;false&quot;,&quot;grandconference_ext_link_closed_fullmenu&quot;:&quot;false&quot;,&quot;grandconference_ext_is_sticky&quot;:&quot;false&quot;,&quot;grandconference_ext_is_scrollme&quot;:&quot;false&quot;,&quot;grandconference_ext_is_smoove&quot;:&quot;false&quot;,&quot;grandconference_ext_is_parallax_mouse&quot;:&quot;false&quot;,&quot;grandconference_ext_is_infinite&quot;:&quot;false&quot;,&quot;grandconference_ext_is_fadeout_animation&quot;:&quot;false&quot;,&quot;grandconference_ext_mobile_static&quot;:&quot;false&quot;}\" data-widget_type=\"text-editor.default\">\n\t\t\t\t<div class=\"elementor-widget-container\">\n\t\t\t\t\t\t\t<h4 style=\"text-align: center;\">Weitere Artikel<\/h4>\t\t\t\t\t\t<\/div>\n\t\t\t\t<\/div>\n\t\t\t\t<div class=\"elementor-element elementor-element-dde86f4 elementor-grid-2 elementor-grid-tablet-2 elementor-grid-mobile-1 elementor-widget elementor-widget-portfolio\" data-id=\"dde86f4\" data-element_type=\"widget\" data-settings=\"{&quot;columns&quot;:&quot;2&quot;,&quot;masonry&quot;:&quot;yes&quot;,&quot;row_gap&quot;:{&quot;unit&quot;:&quot;px&quot;,&quot;size&quot;:5,&quot;sizes&quot;:[]},&quot;columns_tablet&quot;:&quot;2&quot;,&quot;columns_mobile&quot;:&quot;1&quot;,&quot;item_gap&quot;:{&quot;unit&quot;:&quot;px&quot;,&quot;size&quot;:&quot;&quot;,&quot;sizes&quot;:[]},&quot;grandconference_ext_link_sidemenu&quot;:&quot;false&quot;,&quot;grandconference_ext_link_fullmenu&quot;:&quot;false&quot;,&quot;grandconference_ext_link_closed_fullmenu&quot;:&quot;false&quot;,&quot;grandconference_ext_is_sticky&quot;:&quot;false&quot;,&quot;grandconference_ext_is_scrollme&quot;:&quot;false&quot;,&quot;grandconference_ext_is_smoove&quot;:&quot;false&quot;,&quot;grandconference_ext_is_parallax_mouse&quot;:&quot;false&quot;,&quot;grandconference_ext_is_infinite&quot;:&quot;false&quot;,&quot;grandconference_ext_is_fadeout_animation&quot;:&quot;false&quot;,&quot;grandconference_ext_mobile_static&quot;:&quot;false&quot;}\" data-widget_type=\"portfolio.default\">\n\t\t\t\t<div class=\"elementor-widget-container\">\n\t\t\t\t\t<div class=\"elementor-portfolio elementor-grid elementor-posts-container\">\n\t\t\t\t<article class=\"elementor-portfolio-item elementor-post  post-8189 post type-post status-publish format-standard has-post-thumbnail hentry category-allgemein category-interviews-2024\">\n\t\t\t<a class=\"elementor-post__thumbnail__link\" href=\"https:\/\/www.energiecrossmedial.de\/index.php\/2024\/03\/04\/interview-mit-achim-bothe\/\">\n\t\t\t\t<div class=\"elementor-portfolio-item__img elementor-post__thumbnail\">\n\t\t\t<img decoding=\"async\" width=\"150\" height=\"150\" src=\"https:\/\/www.energiecrossmedial.de\/wp-content\/uploads\/2024\/03\/Achim_Bothe-150x150.jpg\" class=\"attachment-thumbnail size-thumbnail wp-image-8212\" alt=\"\" \/>\t\t<\/div>\n\t\t\t\t<div class=\"elementor-portfolio-item__overlay\">\n\t\t\t\t<h3 class=\"elementor-portfolio-item__title\">\n\t\tInterview mit Achim Bothe\t\t<\/h3>\n\t\t\t\t<\/div>\n\t\t\t\t<\/a>\n\t\t<\/article>\n\t\t\t\t<article class=\"elementor-portfolio-item elementor-post  post-8137 post type-post status-publish format-standard has-post-thumbnail hentry category-allgemein category-interviews-2024\">\n\t\t\t<a class=\"elementor-post__thumbnail__link\" href=\"https:\/\/www.energiecrossmedial.de\/index.php\/2024\/03\/01\/interview-mit-prof-dr-gerald-linke\/\">\n\t\t\t\t<div class=\"elementor-portfolio-item__img elementor-post__thumbnail\">\n\t\t\t<img loading=\"lazy\" decoding=\"async\" width=\"150\" height=\"150\" src=\"https:\/\/www.energiecrossmedial.de\/wp-content\/uploads\/2024\/02\/gerald-linke-dvgw-150x150.jpg\" class=\"attachment-thumbnail size-thumbnail wp-image-8175\" alt=\"\" \/>\t\t<\/div>\n\t\t\t\t<div class=\"elementor-portfolio-item__overlay\">\n\t\t\t\t<h3 class=\"elementor-portfolio-item__title\">\n\t\tInterview mit Prof. Dr. Gerald Linke\t\t<\/h3>\n\t\t\t\t<\/div>\n\t\t\t\t<\/a>\n\t\t<\/article>\n\t\t\t\t<article class=\"elementor-portfolio-item elementor-post  post-8124 post type-post status-publish format-standard has-post-thumbnail hentry category-allgemein category-interviews-2024\">\n\t\t\t<a class=\"elementor-post__thumbnail__link\" href=\"https:\/\/www.energiecrossmedial.de\/index.php\/2024\/02\/27\/interview-mit-prof-dr-joerg-steinbach\/\">\n\t\t\t\t<div class=\"elementor-portfolio-item__img elementor-post__thumbnail\">\n\t\t\t<img loading=\"lazy\" decoding=\"async\" width=\"150\" height=\"150\" src=\"https:\/\/www.energiecrossmedial.de\/wp-content\/uploads\/2024\/02\/Steinbach_20_small_Till_Budde-150x150.jpg\" class=\"attachment-thumbnail size-thumbnail wp-image-8147\" alt=\"\" \/>\t\t<\/div>\n\t\t\t\t<div class=\"elementor-portfolio-item__overlay\">\n\t\t\t\t<h3 class=\"elementor-portfolio-item__title\">\n\t\tInterview mit Prof. Dr. J\u00f6rg Steinbach\t\t<\/h3>\n\t\t\t\t<\/div>\n\t\t\t\t<\/a>\n\t\t<\/article>\n\t\t\t\t<article class=\"elementor-portfolio-item elementor-post  post-8114 post type-post status-publish format-standard has-post-thumbnail hentry category-allgemein category-interviews-2024\">\n\t\t\t<a class=\"elementor-post__thumbnail__link\" href=\"https:\/\/www.energiecrossmedial.de\/index.php\/2024\/02\/26\/interview-mit-dr-martin-wansleben\/\">\n\t\t\t\t<div class=\"elementor-portfolio-item__img elementor-post__thumbnail\">\n\t\t\t<img loading=\"lazy\" decoding=\"async\" width=\"150\" height=\"150\" src=\"https:\/\/www.energiecrossmedial.de\/wp-content\/uploads\/2024\/02\/MK3_5545-Bearbeitet-150x150.jpg\" class=\"attachment-thumbnail size-thumbnail wp-image-8145\" alt=\"\" \/>\t\t<\/div>\n\t\t\t\t<div class=\"elementor-portfolio-item__overlay\">\n\t\t\t\t<h3 class=\"elementor-portfolio-item__title\">\n\t\tInterview mit Dr. Martin Wansleben\t\t<\/h3>\n\t\t\t\t<\/div>\n\t\t\t\t<\/a>\n\t\t<\/article>\n\t\t\t\t<\/div>\n\t\t\t\t<\/div>\n\t\t\t\t<\/div>\n\t\t\t\t\t<\/div>\n\t\t<\/div>\n\t\t\t\t\t<\/div>\n\t\t<\/section>\n\t\t\t\t<\/div>\n\t\t","protected":false},"excerpt":{"rendered":"<p>Zur Vorbereitung der ENERGIE.CROSS.MEDIAL 2024 sprach Johann Terres mit der Initiatorin der Konferenz, Dr. Annette Nietfeld, \u00fcber Themen und Teilnehmer auf der Konferenz. <\/p>\n","protected":false},"author":7,"featured_media":7232,"comment_status":"open","ping_status":"open","sticky":false,"template":"","format":"standard","meta":{"_acf_changed":false,"_jetpack_memberships_contains_paid_content":false,"footnotes":""},"categories":[1,114],"tags":[],"class_list":["post-7245","post","type-post","status-publish","format-standard","has-post-thumbnail","hentry","category-allgemein","category-interviews-2024"],"acf":[],"yoast_head":"<!-- This site is optimized with the Yoast SEO plugin v24.0 - https:\/\/yoast.com\/wordpress\/plugins\/seo\/ -->\n<title>Interview mit Dr. Annette Nietfeld - ENERGIE.CROSS.MEDIAL<\/title>\n<meta name=\"robots\" content=\"index, follow, max-snippet:-1, max-image-preview:large, max-video-preview:-1\" \/>\n<link rel=\"canonical\" href=\"https:\/\/www.energiecrossmedial.de\/index.php\/2023\/12\/08\/interview-mit-dr-annette-nietfeld\/\" \/>\n<meta property=\"og:locale\" content=\"de_DE\" \/>\n<meta property=\"og:type\" content=\"article\" \/>\n<meta property=\"og:title\" content=\"Interview mit Dr. Annette Nietfeld - ENERGIE.CROSS.MEDIAL\" \/>\n<meta property=\"og:description\" content=\"Zur Vorbereitung der ENERGIE.CROSS.MEDIAL 2024 sprach Johann Terres mit der Initiatorin der Konferenz, Dr. Annette Nietfeld, \u00fcber Themen und Teilnehmer auf der Konferenz.\" \/>\n<meta property=\"og:url\" content=\"https:\/\/www.energiecrossmedial.de\/index.php\/2023\/12\/08\/interview-mit-dr-annette-nietfeld\/\" \/>\n<meta property=\"og:site_name\" content=\"ENERGIE.CROSS.MEDIAL\" \/>\n<meta property=\"article:published_time\" content=\"2023-12-08T11:07:36+00:00\" \/>\n<meta property=\"article:modified_time\" content=\"2024-01-19T10:27:31+00:00\" \/>\n<meta property=\"og:image\" content=\"https:\/\/www.energiecrossmedial.de\/wp-content\/uploads\/2023\/12\/DSC_2399_Nietfeld_final.jpg\" \/>\n\t<meta property=\"og:image:width\" content=\"2000\" \/>\n\t<meta property=\"og:image:height\" content=\"1331\" \/>\n\t<meta property=\"og:image:type\" content=\"image\/jpeg\" \/>\n<meta name=\"author\" content=\"Johann Terres\" \/>\n<meta name=\"twitter:card\" content=\"summary_large_image\" \/>\n<meta name=\"twitter:creator\" content=\"@EnergieXMedial\" \/>\n<meta name=\"twitter:site\" content=\"@EnergieXMedial\" \/>\n<meta name=\"twitter:label1\" content=\"Verfasst von\" \/>\n\t<meta name=\"twitter:data1\" content=\"Johann Terres\" \/>\n\t<meta name=\"twitter:label2\" content=\"Gesch\u00e4tzte Lesezeit\" \/>\n\t<meta name=\"twitter:data2\" content=\"8\u00a0Minuten\" \/>\n<script type=\"application\/ld+json\" class=\"yoast-schema-graph\">{\"@context\":\"https:\/\/schema.org\",\"@graph\":[{\"@type\":\"Article\",\"@id\":\"https:\/\/www.energiecrossmedial.de\/index.php\/2023\/12\/08\/interview-mit-dr-annette-nietfeld\/#article\",\"isPartOf\":{\"@id\":\"https:\/\/www.energiecrossmedial.de\/index.php\/2023\/12\/08\/interview-mit-dr-annette-nietfeld\/\"},\"author\":{\"name\":\"Johann Terres\",\"@id\":\"https:\/\/www.energiecrossmedial.de\/#\/schema\/person\/c47b77575fdae990fb185d6b00f52a75\"},\"headline\":\"Interview mit Dr. Annette Nietfeld\",\"datePublished\":\"2023-12-08T11:07:36+00:00\",\"dateModified\":\"2024-01-19T10:27:31+00:00\",\"mainEntityOfPage\":{\"@id\":\"https:\/\/www.energiecrossmedial.de\/index.php\/2023\/12\/08\/interview-mit-dr-annette-nietfeld\/\"},\"wordCount\":1163,\"commentCount\":0,\"publisher\":{\"@id\":\"https:\/\/www.energiecrossmedial.de\/#organization\"},\"image\":{\"@id\":\"https:\/\/www.energiecrossmedial.de\/index.php\/2023\/12\/08\/interview-mit-dr-annette-nietfeld\/#primaryimage\"},\"thumbnailUrl\":\"https:\/\/www.energiecrossmedial.de\/wp-content\/uploads\/2023\/12\/DSC_2399_Nietfeld_final.jpg\",\"articleSection\":{\"1\":\"Interviews 2024\"},\"inLanguage\":\"de\",\"potentialAction\":[{\"@type\":\"CommentAction\",\"name\":\"Comment\",\"target\":[\"https:\/\/www.energiecrossmedial.de\/index.php\/2023\/12\/08\/interview-mit-dr-annette-nietfeld\/#respond\"]}]},{\"@type\":\"WebPage\",\"@id\":\"https:\/\/www.energiecrossmedial.de\/index.php\/2023\/12\/08\/interview-mit-dr-annette-nietfeld\/\",\"url\":\"https:\/\/www.energiecrossmedial.de\/index.php\/2023\/12\/08\/interview-mit-dr-annette-nietfeld\/\",\"name\":\"Interview mit Dr. Annette Nietfeld - ENERGIE.CROSS.MEDIAL\",\"isPartOf\":{\"@id\":\"https:\/\/www.energiecrossmedial.de\/#website\"},\"primaryImageOfPage\":{\"@id\":\"https:\/\/www.energiecrossmedial.de\/index.php\/2023\/12\/08\/interview-mit-dr-annette-nietfeld\/#primaryimage\"},\"image\":{\"@id\":\"https:\/\/www.energiecrossmedial.de\/index.php\/2023\/12\/08\/interview-mit-dr-annette-nietfeld\/#primaryimage\"},\"thumbnailUrl\":\"https:\/\/www.energiecrossmedial.de\/wp-content\/uploads\/2023\/12\/DSC_2399_Nietfeld_final.jpg\",\"datePublished\":\"2023-12-08T11:07:36+00:00\",\"dateModified\":\"2024-01-19T10:27:31+00:00\",\"breadcrumb\":{\"@id\":\"https:\/\/www.energiecrossmedial.de\/index.php\/2023\/12\/08\/interview-mit-dr-annette-nietfeld\/#breadcrumb\"},\"inLanguage\":\"de\",\"potentialAction\":[{\"@type\":\"ReadAction\",\"target\":[\"https:\/\/www.energiecrossmedial.de\/index.php\/2023\/12\/08\/interview-mit-dr-annette-nietfeld\/\"]}]},{\"@type\":\"ImageObject\",\"inLanguage\":\"de\",\"@id\":\"https:\/\/www.energiecrossmedial.de\/index.php\/2023\/12\/08\/interview-mit-dr-annette-nietfeld\/#primaryimage\",\"url\":\"https:\/\/www.energiecrossmedial.de\/wp-content\/uploads\/2023\/12\/DSC_2399_Nietfeld_final.jpg\",\"contentUrl\":\"https:\/\/www.energiecrossmedial.de\/wp-content\/uploads\/2023\/12\/DSC_2399_Nietfeld_final.jpg\",\"width\":2000,\"height\":1331},{\"@type\":\"BreadcrumbList\",\"@id\":\"https:\/\/www.energiecrossmedial.de\/index.php\/2023\/12\/08\/interview-mit-dr-annette-nietfeld\/#breadcrumb\",\"itemListElement\":[{\"@type\":\"ListItem\",\"position\":1,\"name\":\"Startseite\",\"item\":\"https:\/\/www.energiecrossmedial.de\/\"},{\"@type\":\"ListItem\",\"position\":2,\"name\":\"Interview mit Dr. Annette Nietfeld\"}]},{\"@type\":\"WebSite\",\"@id\":\"https:\/\/www.energiecrossmedial.de\/#website\",\"url\":\"https:\/\/www.energiecrossmedial.de\/\",\"name\":\"ENERGIE.CROSS.MEDIAL - das forum der energiewende\",\"description\":\"das forum der energiewende\",\"publisher\":{\"@id\":\"https:\/\/www.energiecrossmedial.de\/#organization\"},\"potentialAction\":[{\"@type\":\"SearchAction\",\"target\":{\"@type\":\"EntryPoint\",\"urlTemplate\":\"https:\/\/www.energiecrossmedial.de\/?s={search_term_string}\"},\"query-input\":{\"@type\":\"PropertyValueSpecification\",\"valueRequired\":true,\"valueName\":\"search_term_string\"}}],\"inLanguage\":\"de\"},{\"@type\":\"Organization\",\"@id\":\"https:\/\/www.energiecrossmedial.de\/#organization\",\"name\":\"ENERGIE.CROSS.MEDIAL - das forum der energiewende\",\"url\":\"https:\/\/www.energiecrossmedial.de\/\",\"logo\":{\"@type\":\"ImageObject\",\"inLanguage\":\"de\",\"@id\":\"https:\/\/www.energiecrossmedial.de\/#\/schema\/logo\/image\/\",\"url\":\"https:\/\/www.energiecrossmedial.de\/wp-content\/uploads\/2023\/09\/cropped-Website_Icon.png\",\"contentUrl\":\"https:\/\/www.energiecrossmedial.de\/wp-content\/uploads\/2023\/09\/cropped-Website_Icon.png\",\"width\":512,\"height\":512,\"caption\":\"ENERGIE.CROSS.MEDIAL - das forum der energiewende\"},\"image\":{\"@id\":\"https:\/\/www.energiecrossmedial.de\/#\/schema\/logo\/image\/\"},\"sameAs\":[\"https:\/\/x.com\/EnergieXMedial\",\"https:\/\/www.linkedin.com\/company\/zukunftsenergien\/\"]},{\"@type\":\"Person\",\"@id\":\"https:\/\/www.energiecrossmedial.de\/#\/schema\/person\/c47b77575fdae990fb185d6b00f52a75\",\"name\":\"Johann Terres\",\"image\":{\"@type\":\"ImageObject\",\"inLanguage\":\"de\",\"@id\":\"https:\/\/www.energiecrossmedial.de\/#\/schema\/person\/image\/\",\"url\":\"https:\/\/secure.gravatar.com\/avatar\/d6a1fcc62be2782dcf3c873d73beac90?s=96&d=mm&r=g\",\"contentUrl\":\"https:\/\/secure.gravatar.com\/avatar\/d6a1fcc62be2782dcf3c873d73beac90?s=96&d=mm&r=g\",\"caption\":\"Johann Terres\"},\"url\":\"https:\/\/www.energiecrossmedial.de\/index.php\/author\/terres\/\"}]}<\/script>\n<!-- \/ Yoast SEO plugin. -->","yoast_head_json":{"title":"Interview mit Dr. Annette Nietfeld - ENERGIE.CROSS.MEDIAL","robots":{"index":"index","follow":"follow","max-snippet":"max-snippet:-1","max-image-preview":"max-image-preview:large","max-video-preview":"max-video-preview:-1"},"canonical":"https:\/\/www.energiecrossmedial.de\/index.php\/2023\/12\/08\/interview-mit-dr-annette-nietfeld\/","og_locale":"de_DE","og_type":"article","og_title":"Interview mit Dr. Annette Nietfeld - ENERGIE.CROSS.MEDIAL","og_description":"Zur Vorbereitung der ENERGIE.CROSS.MEDIAL 2024 sprach Johann Terres mit der Initiatorin der Konferenz, Dr. Annette Nietfeld, \u00fcber Themen und Teilnehmer auf der Konferenz.","og_url":"https:\/\/www.energiecrossmedial.de\/index.php\/2023\/12\/08\/interview-mit-dr-annette-nietfeld\/","og_site_name":"ENERGIE.CROSS.MEDIAL","article_published_time":"2023-12-08T11:07:36+00:00","article_modified_time":"2024-01-19T10:27:31+00:00","og_image":[{"width":2000,"height":1331,"url":"https:\/\/www.energiecrossmedial.de\/wp-content\/uploads\/2023\/12\/DSC_2399_Nietfeld_final.jpg","type":"image\/jpeg"}],"author":"Johann Terres","twitter_card":"summary_large_image","twitter_creator":"@EnergieXMedial","twitter_site":"@EnergieXMedial","twitter_misc":{"Verfasst von":"Johann Terres","Gesch\u00e4tzte Lesezeit":"8\u00a0Minuten"},"schema":{"@context":"https:\/\/schema.org","@graph":[{"@type":"Article","@id":"https:\/\/www.energiecrossmedial.de\/index.php\/2023\/12\/08\/interview-mit-dr-annette-nietfeld\/#article","isPartOf":{"@id":"https:\/\/www.energiecrossmedial.de\/index.php\/2023\/12\/08\/interview-mit-dr-annette-nietfeld\/"},"author":{"name":"Johann Terres","@id":"https:\/\/www.energiecrossmedial.de\/#\/schema\/person\/c47b77575fdae990fb185d6b00f52a75"},"headline":"Interview mit Dr. Annette Nietfeld","datePublished":"2023-12-08T11:07:36+00:00","dateModified":"2024-01-19T10:27:31+00:00","mainEntityOfPage":{"@id":"https:\/\/www.energiecrossmedial.de\/index.php\/2023\/12\/08\/interview-mit-dr-annette-nietfeld\/"},"wordCount":1163,"commentCount":0,"publisher":{"@id":"https:\/\/www.energiecrossmedial.de\/#organization"},"image":{"@id":"https:\/\/www.energiecrossmedial.de\/index.php\/2023\/12\/08\/interview-mit-dr-annette-nietfeld\/#primaryimage"},"thumbnailUrl":"https:\/\/www.energiecrossmedial.de\/wp-content\/uploads\/2023\/12\/DSC_2399_Nietfeld_final.jpg","articleSection":{"1":"Interviews 2024"},"inLanguage":"de","potentialAction":[{"@type":"CommentAction","name":"Comment","target":["https:\/\/www.energiecrossmedial.de\/index.php\/2023\/12\/08\/interview-mit-dr-annette-nietfeld\/#respond"]}]},{"@type":"WebPage","@id":"https:\/\/www.energiecrossmedial.de\/index.php\/2023\/12\/08\/interview-mit-dr-annette-nietfeld\/","url":"https:\/\/www.energiecrossmedial.de\/index.php\/2023\/12\/08\/interview-mit-dr-annette-nietfeld\/","name":"Interview mit Dr. Annette Nietfeld - ENERGIE.CROSS.MEDIAL","isPartOf":{"@id":"https:\/\/www.energiecrossmedial.de\/#website"},"primaryImageOfPage":{"@id":"https:\/\/www.energiecrossmedial.de\/index.php\/2023\/12\/08\/interview-mit-dr-annette-nietfeld\/#primaryimage"},"image":{"@id":"https:\/\/www.energiecrossmedial.de\/index.php\/2023\/12\/08\/interview-mit-dr-annette-nietfeld\/#primaryimage"},"thumbnailUrl":"https:\/\/www.energiecrossmedial.de\/wp-content\/uploads\/2023\/12\/DSC_2399_Nietfeld_final.jpg","datePublished":"2023-12-08T11:07:36+00:00","dateModified":"2024-01-19T10:27:31+00:00","breadcrumb":{"@id":"https:\/\/www.energiecrossmedial.de\/index.php\/2023\/12\/08\/interview-mit-dr-annette-nietfeld\/#breadcrumb"},"inLanguage":"de","potentialAction":[{"@type":"ReadAction","target":["https:\/\/www.energiecrossmedial.de\/index.php\/2023\/12\/08\/interview-mit-dr-annette-nietfeld\/"]}]},{"@type":"ImageObject","inLanguage":"de","@id":"https:\/\/www.energiecrossmedial.de\/index.php\/2023\/12\/08\/interview-mit-dr-annette-nietfeld\/#primaryimage","url":"https:\/\/www.energiecrossmedial.de\/wp-content\/uploads\/2023\/12\/DSC_2399_Nietfeld_final.jpg","contentUrl":"https:\/\/www.energiecrossmedial.de\/wp-content\/uploads\/2023\/12\/DSC_2399_Nietfeld_final.jpg","width":2000,"height":1331},{"@type":"BreadcrumbList","@id":"https:\/\/www.energiecrossmedial.de\/index.php\/2023\/12\/08\/interview-mit-dr-annette-nietfeld\/#breadcrumb","itemListElement":[{"@type":"ListItem","position":1,"name":"Startseite","item":"https:\/\/www.energiecrossmedial.de\/"},{"@type":"ListItem","position":2,"name":"Interview mit Dr. Annette Nietfeld"}]},{"@type":"WebSite","@id":"https:\/\/www.energiecrossmedial.de\/#website","url":"https:\/\/www.energiecrossmedial.de\/","name":"ENERGIE.CROSS.MEDIAL - das forum der energiewende","description":"das forum der energiewende","publisher":{"@id":"https:\/\/www.energiecrossmedial.de\/#organization"},"potentialAction":[{"@type":"SearchAction","target":{"@type":"EntryPoint","urlTemplate":"https:\/\/www.energiecrossmedial.de\/?s={search_term_string}"},"query-input":{"@type":"PropertyValueSpecification","valueRequired":true,"valueName":"search_term_string"}}],"inLanguage":"de"},{"@type":"Organization","@id":"https:\/\/www.energiecrossmedial.de\/#organization","name":"ENERGIE.CROSS.MEDIAL - das forum der energiewende","url":"https:\/\/www.energiecrossmedial.de\/","logo":{"@type":"ImageObject","inLanguage":"de","@id":"https:\/\/www.energiecrossmedial.de\/#\/schema\/logo\/image\/","url":"https:\/\/www.energiecrossmedial.de\/wp-content\/uploads\/2023\/09\/cropped-Website_Icon.png","contentUrl":"https:\/\/www.energiecrossmedial.de\/wp-content\/uploads\/2023\/09\/cropped-Website_Icon.png","width":512,"height":512,"caption":"ENERGIE.CROSS.MEDIAL - das forum der energiewende"},"image":{"@id":"https:\/\/www.energiecrossmedial.de\/#\/schema\/logo\/image\/"},"sameAs":["https:\/\/x.com\/EnergieXMedial","https:\/\/www.linkedin.com\/company\/zukunftsenergien\/"]},{"@type":"Person","@id":"https:\/\/www.energiecrossmedial.de\/#\/schema\/person\/c47b77575fdae990fb185d6b00f52a75","name":"Johann Terres","image":{"@type":"ImageObject","inLanguage":"de","@id":"https:\/\/www.energiecrossmedial.de\/#\/schema\/person\/image\/","url":"https:\/\/secure.gravatar.com\/avatar\/d6a1fcc62be2782dcf3c873d73beac90?s=96&d=mm&r=g","contentUrl":"https:\/\/secure.gravatar.com\/avatar\/d6a1fcc62be2782dcf3c873d73beac90?s=96&d=mm&r=g","caption":"Johann Terres"},"url":"https:\/\/www.energiecrossmedial.de\/index.php\/author\/terres\/"}]}},"jetpack_featured_media_url":"https:\/\/www.energiecrossmedial.de\/wp-content\/uploads\/2023\/12\/DSC_2399_Nietfeld_final.jpg","jetpack_sharing_enabled":true,"_links":{"self":[{"href":"https:\/\/www.energiecrossmedial.de\/index.php\/wp-json\/wp\/v2\/posts\/7245","targetHints":{"allow":["GET"]}}],"collection":[{"href":"https:\/\/www.energiecrossmedial.de\/index.php\/wp-json\/wp\/v2\/posts"}],"about":[{"href":"https:\/\/www.energiecrossmedial.de\/index.php\/wp-json\/wp\/v2\/types\/post"}],"author":[{"embeddable":true,"href":"https:\/\/www.energiecrossmedial.de\/index.php\/wp-json\/wp\/v2\/users\/7"}],"replies":[{"embeddable":true,"href":"https:\/\/www.energiecrossmedial.de\/index.php\/wp-json\/wp\/v2\/comments?post=7245"}],"version-history":[{"count":50,"href":"https:\/\/www.energiecrossmedial.de\/index.php\/wp-json\/wp\/v2\/posts\/7245\/revisions"}],"predecessor-version":[{"id":7644,"href":"https:\/\/www.energiecrossmedial.de\/index.php\/wp-json\/wp\/v2\/posts\/7245\/revisions\/7644"}],"wp:featuredmedia":[{"embeddable":true,"href":"https:\/\/www.energiecrossmedial.de\/index.php\/wp-json\/wp\/v2\/media\/7232"}],"wp:attachment":[{"href":"https:\/\/www.energiecrossmedial.de\/index.php\/wp-json\/wp\/v2\/media?parent=7245"}],"wp:term":[{"taxonomy":"category","embeddable":true,"href":"https:\/\/www.energiecrossmedial.de\/index.php\/wp-json\/wp\/v2\/categories?post=7245"},{"taxonomy":"post_tag","embeddable":true,"href":"https:\/\/www.energiecrossmedial.de\/index.php\/wp-json\/wp\/v2\/tags?post=7245"}],"curies":[{"name":"wp","href":"https:\/\/api.w.org\/{rel}","templated":true}]}}