{"id":7646,"date":"2024-01-19T15:50:54","date_gmt":"2024-01-19T14:50:54","guid":{"rendered":"https:\/\/www.energiecrossmedial.de\/?p=7646"},"modified":"2024-01-23T11:43:48","modified_gmt":"2024-01-23T10:43:48","slug":"interview-mit-prof-dr-kuechen","status":"publish","type":"post","link":"https:\/\/www.energiecrossmedial.de\/index.php\/2024\/01\/19\/interview-mit-prof-dr-kuechen\/","title":{"rendered":"Interview mit Prof. Dr. K\u00fcchen"},"content":{"rendered":"\t\t<div data-elementor-type=\"wp-post\" data-elementor-id=\"7646\" class=\"elementor elementor-7646\" data-elementor-post-type=\"post\">\n\t\t\t\t\t\t<section class=\"elementor-section elementor-top-section elementor-element elementor-element-ed1a7a5 elementor-section-boxed elementor-section-height-default elementor-section-height-default\" data-id=\"ed1a7a5\" data-element_type=\"section\" data-settings=\"{&quot;grandconference_ext_is_background_parallax&quot;:&quot;false&quot;,&quot;grandconference_ext_is_background_backdrop&quot;:&quot;false&quot;,&quot;grandconference_ext_is_background_on_scroll&quot;:&quot;false&quot;}\">\n\t\t\t\t\t\t<div class=\"elementor-container elementor-column-gap-default\">\n\t\t\t\t\t<div class=\"elementor-column elementor-col-100 elementor-top-column elementor-element elementor-element-e409ba0\" data-id=\"e409ba0\" data-element_type=\"column\" data-settings=\"{&quot;grandconference_ext_link_sidemenu&quot;:&quot;false&quot;,&quot;grandconference_ext_link_fullmenu&quot;:&quot;false&quot;,&quot;grandconference_ext_link_closed_fullmenu&quot;:&quot;false&quot;,&quot;grandconference_ext_is_sticky&quot;:&quot;false&quot;,&quot;grandconference_ext_is_scrollme&quot;:&quot;false&quot;,&quot;grandconference_ext_is_smoove&quot;:&quot;false&quot;,&quot;grandconference_ext_is_parallax_mouse&quot;:&quot;false&quot;,&quot;grandconference_ext_is_infinite&quot;:&quot;false&quot;,&quot;grandconference_ext_is_fadeout_animation&quot;:&quot;false&quot;,&quot;grandconference_ext_mobile_static&quot;:&quot;false&quot;}\">\n\t\t\t<div class=\"elementor-widget-wrap elementor-element-populated\">\n\t\t\t\t\t\t<div class=\"elementor-element elementor-element-46189d1 elementor-widget elementor-widget-heading\" data-id=\"46189d1\" data-element_type=\"widget\" data-settings=\"{&quot;grandconference_ext_link_sidemenu&quot;:&quot;false&quot;,&quot;grandconference_ext_link_fullmenu&quot;:&quot;false&quot;,&quot;grandconference_ext_link_closed_fullmenu&quot;:&quot;false&quot;,&quot;grandconference_ext_is_sticky&quot;:&quot;false&quot;,&quot;grandconference_ext_is_scrollme&quot;:&quot;false&quot;,&quot;grandconference_ext_is_smoove&quot;:&quot;false&quot;,&quot;grandconference_ext_is_parallax_mouse&quot;:&quot;false&quot;,&quot;grandconference_ext_is_infinite&quot;:&quot;false&quot;,&quot;grandconference_ext_is_fadeout_animation&quot;:&quot;false&quot;,&quot;grandconference_ext_mobile_static&quot;:&quot;false&quot;}\" data-widget_type=\"heading.default\">\n\t\t\t\t<div class=\"elementor-widget-container\">\n\t\t\t<h2 class=\"elementor-heading-title elementor-size-default\">Interview mit Prof. Dr. K\u00fcchen<\/h2>\t\t<\/div>\n\t\t\t\t<\/div>\n\t\t\t\t\t<\/div>\n\t\t<\/div>\n\t\t\t\t\t<\/div>\n\t\t<\/section>\n\t\t\t\t<section class=\"elementor-section elementor-top-section elementor-element elementor-element-4d69392 elementor-section-boxed elementor-section-height-default elementor-section-height-default\" data-id=\"4d69392\" data-element_type=\"section\" data-settings=\"{&quot;grandconference_ext_is_background_parallax&quot;:&quot;false&quot;,&quot;grandconference_ext_is_background_backdrop&quot;:&quot;false&quot;,&quot;grandconference_ext_is_background_on_scroll&quot;:&quot;false&quot;}\">\n\t\t\t\t\t\t<div class=\"elementor-container elementor-column-gap-default\">\n\t\t\t\t\t<div class=\"elementor-column elementor-col-66 elementor-top-column elementor-element elementor-element-078a838\" data-id=\"078a838\" data-element_type=\"column\" data-settings=\"{&quot;grandconference_ext_link_sidemenu&quot;:&quot;false&quot;,&quot;grandconference_ext_link_fullmenu&quot;:&quot;false&quot;,&quot;grandconference_ext_link_closed_fullmenu&quot;:&quot;false&quot;,&quot;grandconference_ext_is_sticky&quot;:&quot;false&quot;,&quot;grandconference_ext_is_scrollme&quot;:&quot;false&quot;,&quot;grandconference_ext_is_smoove&quot;:&quot;false&quot;,&quot;grandconference_ext_is_parallax_mouse&quot;:&quot;false&quot;,&quot;grandconference_ext_is_infinite&quot;:&quot;false&quot;,&quot;grandconference_ext_is_fadeout_animation&quot;:&quot;false&quot;,&quot;grandconference_ext_mobile_static&quot;:&quot;false&quot;}\">\n\t\t\t<div class=\"elementor-widget-wrap elementor-element-populated\">\n\t\t\t\t\t\t<div class=\"elementor-element elementor-element-cb061f9 elementor-widget elementor-widget-image\" data-id=\"cb061f9\" data-element_type=\"widget\" data-settings=\"{&quot;grandconference_image_is_animation&quot;:&quot;false&quot;,&quot;grandconference_ext_link_sidemenu&quot;:&quot;false&quot;,&quot;grandconference_ext_link_fullmenu&quot;:&quot;false&quot;,&quot;grandconference_ext_link_closed_fullmenu&quot;:&quot;false&quot;,&quot;grandconference_ext_is_sticky&quot;:&quot;false&quot;,&quot;grandconference_ext_is_scrollme&quot;:&quot;false&quot;,&quot;grandconference_ext_is_smoove&quot;:&quot;false&quot;,&quot;grandconference_ext_is_parallax_mouse&quot;:&quot;false&quot;,&quot;grandconference_ext_is_infinite&quot;:&quot;false&quot;,&quot;grandconference_ext_is_fadeout_animation&quot;:&quot;false&quot;,&quot;grandconference_ext_mobile_static&quot;:&quot;false&quot;}\" data-widget_type=\"image.default\">\n\t\t\t\t<div class=\"elementor-widget-container\">\n\t\t\t\t\t\t\t\t\t\t\t\t\t<img fetchpriority=\"high\" decoding=\"async\" width=\"1024\" height=\"341\" src=\"https:\/\/www.energiecrossmedial.de\/wp-content\/uploads\/2024\/01\/Website-Banner-Interview-Kuechen-1024x341.jpg\" class=\"attachment-large size-large wp-image-7649\" alt=\"\" \/>\t\t\t\t\t\t\t\t\t\t\t\t\t<\/div>\n\t\t\t\t<\/div>\n\t\t\t\t<div class=\"elementor-element elementor-element-60552063 elementor-widget elementor-widget-text-editor\" data-id=\"60552063\" data-element_type=\"widget\" data-settings=\"{&quot;grandconference_ext_link_sidemenu&quot;:&quot;false&quot;,&quot;grandconference_ext_link_fullmenu&quot;:&quot;false&quot;,&quot;grandconference_ext_link_closed_fullmenu&quot;:&quot;false&quot;,&quot;grandconference_ext_is_sticky&quot;:&quot;false&quot;,&quot;grandconference_ext_is_scrollme&quot;:&quot;false&quot;,&quot;grandconference_ext_is_smoove&quot;:&quot;false&quot;,&quot;grandconference_ext_is_parallax_mouse&quot;:&quot;false&quot;,&quot;grandconference_ext_is_infinite&quot;:&quot;false&quot;,&quot;grandconference_ext_is_fadeout_animation&quot;:&quot;false&quot;,&quot;grandconference_ext_mobile_static&quot;:&quot;false&quot;}\" data-widget_type=\"text-editor.default\">\n\t\t\t\t<div class=\"elementor-widget-container\">\n\t\t\t\t\t\t\t<p><!-- wp:paragraph --><\/p>\n<p><strong>Zur Vorbereitung der ENERGIE.CROSS.MEDIAL 2024 sprach Johann Terres, Praktikant im Forum f\u00fcr Zukunftsenergien e.V., mit <a href=\"https:\/\/www.energiecrossmedial.de\/index.php\/speaker\/prof-dr-christian-kuechen\/\">Prof. Dr. K\u00fcchen<\/a>, Hauptgesch\u00e4ftsf\u00fchrer von <a href=\"https:\/\/en2x.de\/\">en2x &#8211; Wirtschaftsverband Fuels und Energie e.V.<\/a><br><\/strong><\/p>\n<p><!-- wp:paragraph {\"style\":{\"color\":{\"text\":\"#d51030\"}}} --><\/p>\n<p class=\"has-text-color\" style=\"color: #d51030;\"><strong>Johann Terres: Herr Prof. K\u00fcchen, Sie fordern die \u201eMolek\u00fclwende\u201c. Was ist damit gemeint?<\/strong><\/p>\n<p><!-- wp:paragraph --><\/p>\n<p><strong>Prof. Christian K\u00fcchen:<\/strong> Wir haben die Situation, dass zwar immer von einer Energiewende geredet wird, in der Realit\u00e4t aber immer nur eine Stromwende gemeint ist. Strom macht jedoch nur 20 Prozent des Energieverbrauchs in Deutschland aus. 80 Prozent der Energie sind Molek\u00fcle, vor allem in Form von Gasen, \u00d6lprodukten und Kohle. W\u00e4hrend die Stromwende bereits deutliche Fortschritte gemacht hat, ist der erneuerbare Anteil bei Molek\u00fclen bisher gering. Um die Klimaziele zu erreichen, brauchen wir also nicht nur erneuerbaren Strom, sondern f\u00fcr viele Anwendungen auch gr\u00fcne Molek\u00fcle.<\/p>\n<p><!-- wp:paragraph {\"style\":{\"color\":{\"text\":\"#d51030\"}}} --><\/p>\n<p class=\"has-text-color\" style=\"color: #d51030;\"><strong>Johann Terres: Warum brauchen wir gr\u00fcne Molek\u00fcle f\u00fcr die Energiewende?<\/strong><\/p>\n<p><!-- wp:paragraph --><\/p>\n<p><strong>Prof. Christian K\u00fcchen: <\/strong>Gr\u00fcne Molek\u00fcle in Form von Kohlenwasserstoffen sind nicht nur als Energietr\u00e4ger, sondern z. B. f\u00fcr die chemische Industrie und weitere Grundstoffindustrien als Rohstoffe unverzichtbar. Dasselbe gilt f\u00fcr Schiff- und Luftfahrt sowie f\u00fcr Fahrzeuge und Aggregate in den Bereichen Landwirtschaft, Feuerwehr, Katastrophenschutz und Milit\u00e4r. Und nat\u00fcrlich brauchen wir auch Molek\u00fcle, um in Zeiten der Dunkelflaute eine sichere Stromversorgung gew\u00e4hrleisten zu k\u00f6nnen. Batteriespeicher allein werden das nicht leisten k\u00f6nnen.<\/p>\n<p><!-- wp:paragraph {\"style\":{\"color\":{\"text\":\"#d51030\"}}} --><\/p>\n<p class=\"has-text-color\" style=\"color: #d51030;\"><strong>Johann Terres: Untersch\u00e4tzen Sie nicht die fortschreitende Elektrifizierung mit \u00d6kostrom?<\/strong><\/p>\n<p><!-- wp:paragraph --><\/p>\n<p><strong>Prof. Christian K\u00fcchen: <\/strong>Sicher: Insgesamt wird durch Elektrifizierung vieler Anwendungen und zunehmende Effizienzsteigerung der Bedarf an Molek\u00fclen zur Energieversorgung abnehmen. Er wird aber langfristig aus den genannten Gr\u00fcnden sehr hoch bleiben. Um die Klimaziele dennoch erreichen zu k\u00f6nnen, ist es daher erforderlich, Molek\u00fcle aus heute noch fossilen Quellen so schnell wie m\u00f6glich durch CO2-neutrale zu ersetzen.&nbsp; Gr\u00fcne Molek\u00fcle stehen somit nicht in Konkurrenz zur Elektrifizierung, sondern sind zwingend erforderlich f\u00fcr eine nachhaltige und sichere Rohstoff- und Energieversorgung.<\/p>\n<p><!-- wp:paragraph {\"style\":{\"color\":{\"text\":\"#d51030\"}}} --><\/p>\n<p class=\"has-text-color\" style=\"color: #d51030;\"><strong>Johann Terres: Wie und wo k\u00f6nnen gr\u00fcne Molek\u00fcle hergestellt werden?<\/strong><\/p>\n<p><!-- wp:paragraph --><\/p>\n<p><strong>Prof. Christian K\u00fcchen: <\/strong>Es wird Anwendungen geben, bei denen Molek\u00fcle in Form von Wasserstoff als Energietr\u00e4ger zum Einsatz kommen. Der hierf\u00fcr erforderliche CO2-neutrale Wasserstoff kann durch Elektrolyse mit erneuerbarem Strom erzeugt werden \u2013 der gr\u00fcne Wasserstoff. Denkbar ist auch die Nutzung von Biomasse oder Biogas zur Herstellung des erneuerbaren Wasserstoffs. Zumindest f\u00fcr eine \u00dcbergangszeit wird auch blauer Wasserstoff auf Basis von fossilem Erdgas eine Rolle spielen. Hier wird das bei der Herstellung entstehende CO2 abgeschieden und dauerhaft eingelagert (CCS).<\/p>\n<p><!-- wp:paragraph {\"style\":{\"color\":{\"text\":\"#d51030\"}}} --><\/p>\n<p class=\"has-text-color\" style=\"color: #d51030;\"><strong>Johann Terres: \u00d6kostrom plus gr\u00fcner Wasserstoff \u2013 reicht das zum Erreichen der<\/strong> <strong>Klimaziele?<\/strong><\/p>\n<p><!-- wp:paragraph --><\/p>\n<p><strong>Prof. Christian K\u00fcchen: <\/strong>Nein, denn f\u00fcr viele Anwendungen werden auch Kohlenwasserstoffe ben\u00f6tigt. Da bei der energetischen Nutzung von Kohlenwasserstoffen CO2 entsteht, muss eine vergleichbare Menge an Kohlendioxid der Atmosph\u00e4re entnommen werden, anders ist die CO2-Neutralit\u00e4t nicht zu erreichen. Eine M\u00f6glichkeit ist die Nutzung von Biomasse, hier \u00fcbernehmen die Pflanzen das \u201eRecycling\u201c von CO2. Das ist die heute am meisten verbreitete Technologie zur CO2-neutralen Nutzung von Kohlenwasserstoffen. Eine Alternative ist die Nutzung von kohlenstoffhaltigen Abfall- und Reststoffen wie das Recycling von Kunststoffen. Die dritte M\u00f6glichkeit sind technische Verfahren, die CO2 aus industriellen Punktquellen oder aus der Luft filtern. Da auch der Bedarf an Kohlenwasserstoffen hoch bleiben wird, werden wir auf keine dieser Technologien verzichten k\u00f6nnen.<\/p>\n<p><!-- wp:paragraph {\"style\":{\"color\":{\"text\":\"#d51030\"}}} --><\/p>\n<p class=\"has-text-color\" style=\"color: #d51030;\"><strong>Johann Terres: Wo lassen sich die gr\u00fcnen Produkte am besten herstellen?<\/strong><\/p>\n<p><!-- wp:paragraph --><\/p>\n<p><strong>Prof. Christian K\u00fcchen: <\/strong>Hier stellt sich die Frage, wo diese Rohstoffe, wie zum Beispiel Biomasse, zur Verf\u00fcgung stehen. Ein Teil kann aus Deutschland oder Nachbarl\u00e4ndern kommen. Kohlenwasserstoffe haben aber den Vorteil, dass sie einfach und effizient auch \u00fcber lange Strecken transportiert werden k\u00f6nnen. Wir werden daher \u2013 wie heute auch \u2013 einen wesentlichen Teil unseres Energiebedarfs durch Importe von Kohlenwasserstoffen decken k\u00f6nnen und m\u00fcssen. Das gilt insbesondere auch f\u00fcr die strombasierte Herstellung von gr\u00fcnen Wasserstoffderivaten. Daf\u00fcr bieten sich Regionen an, die \u00fcber viel Sonne und Wind verf\u00fcgen und somit g\u00fcnstigere Bedingungen zur Erzeugung erneuerbaren Stroms aufweisen, als sie hierzulande bestehen. Gr\u00fcner Wasserstoff und seine Folgeprodukte \u2013 wie Ammoniak, Methanol oder synthetisches Roh\u00f6l \u2013 sind aufgrund Ihrer relativ hohen Energiedichte und guten Transportf\u00e4higkeit die beste M\u00f6glichkeit, erneuerbare Energie in Form von Molek\u00fclen aus aller Welt einzuf\u00fchren.<\/p>\n<p><!-- wp:paragraph {\"style\":{\"color\":{\"text\":\"#d51030\"}}} --><\/p>\n<p class=\"has-text-color\" style=\"color: #d51030;\"><strong>Johann Terres: Also Import von Wasserstoff statt Roh\u00f6l?<\/strong><\/p>\n<p><!-- wp:paragraph --><\/p>\n<p><strong>Prof. Christian K\u00fcchen: <\/strong>Genau. So wie wir heute Roh\u00f6l importieren, um daraus die ben\u00f6tigten Produkte herzustellen, k\u00f6nnten es dann k\u00fcnftig Methanol und synthetisches Roh\u00f6l sein. Synthetisches Roh\u00f6l kann fossiles Roh\u00f6l schrittweise ersetzen und in Raffinerien zun\u00e4chst gemeinsam mit fossilem Roh\u00f6l verarbeitet werden. Methanol kann z. B. direkt selbst als alternativer Kraftstoff eingesetzt werden. Es ist aber auch ein Einsatzstoff f\u00fcr zahlreiche Produktionsverfahren, mit denen dann zum Beispiel Kunststoffe oder auch Kraftstoffe wie Benzin oder Kerosin hergestellt werden k\u00f6nnen. Daf\u00fcr m\u00fcssen wir einen internationalen Markt f\u00fcr synthetisches Roh\u00f6l und Methanol entwickeln. Das w\u00fcrde zum einen die Versorgung zu Weltmarktpreisen erm\u00f6glichen und zum anderen die industrielle Wertsch\u00f6pfung in deutschen Raffinerien halten.<\/p>\n<p><!-- wp:paragraph {\"style\":{\"color\":{\"text\":\"#d51030\"}}} --><\/p>\n<p class=\"has-text-color\" style=\"color: #d51030;\"><strong>Johann Terres: Welche Investitionen sind daf\u00fcr erforderlich?<\/strong><\/p>\n<p><!-- wp:paragraph --><\/p>\n<p><strong>Prof. Christian K\u00fcchen: <\/strong>Was man jetzt schon sagen kann: Sie sind enorm. Dabei sind die Voraussetzungen unterschiedlich. Die Nutzung von Biomasse erfordert vergleichsweise geringe Investitionen. Trotzdem sind auf Biomasse basierende Kraft- und Brennstoffe bzw. Rohstoffe f\u00fcr die Industrie teurer als die heute eingesetzten fossilen Produkte. Damit sie dennoch zum Einsatz kommen, setzt die Politik heute vor allem auf Quoten. Das funktioniert immer dann, wenn diese Produkte wie z. B. Pflanzen\u00f6le grunds\u00e4tzlich vorhanden sind oder mit geringem Aufwand hergestellt werden k\u00f6nnen.<\/p>\n<p><!-- wp:paragraph {\"style\":{\"color\":{\"text\":\"#d51030\"}}} --><\/p>\n<p class=\"has-text-color\" style=\"color: #d51030;\"><strong>Johann Terres: Was w\u00e4re neben einer Quotenvorgabe n\u00f6tig?<\/strong><\/p>\n<p><!-- wp:paragraph --><\/p>\n<p><strong>Prof. Christian K\u00fcchen: <\/strong>Das Hauptinstrument, um vor allem auf Rest- und Abfallstoffen basierende fortschrittliche Biokraftstoffe in den Markt zu bringen, w\u00e4re eine ausreichend hohe CO2-Bepreisung. Das k\u00f6nnte z. B. \u00fcber die von der EU-Kommission vorgeschlagene Neugestaltung der Energiesteuerrichtlinie erfolgen, in Kombination mit einer verl\u00e4sslichen CO2-Bepreisung durch das deutsche Brennstoffemissionshandelssystem, das durch den EU-Emissionshandel f\u00fcr W\u00e4rme und Verkehr abgel\u00f6st werden soll. Da Biomasse allein nicht ausreichen wird, um den Bedarf an gr\u00fcnen Molek\u00fclen zu decken, werden wird zus\u00e4tzlich auch Power-to-Liquids (PtL)-Produkte bzw. E-Fuels brauchen. Auch hier k\u00f6nnen die genannten Ma\u00dfnahmen die Kostendifferenz zu fossilen Produkten verringern. Es gibt jedoch eine zus\u00e4tzliche Herausforderung \u2026<\/p>\n<p><!-- wp:paragraph {\"style\":{\"color\":{\"text\":\"#d51030\"}}} --><\/p>\n<p class=\"has-text-color\" style=\"color: #d51030;\"><strong>Johann Terres: \u2026 und zwar welche?<\/strong><\/p>\n<p><!-- wp:paragraph --><\/p>\n<p><strong>Prof. Christian K\u00fcchen: <\/strong>Dass f\u00fcr die entsprechenden Anlagen zur Produktion und zum Transport erhebliche Investitionen erforderlich sind \u2013 bei neuen Technologien sind die ersten Anlagen meist die teuersten. Damit \u00fcberhaupt investiert wird, muss diesem \u201eFirst-Mover-Disadvantage\u201c entgegengewirkt werden. Das gelingt offensichtlich mit Quoten \u00fcberhaupt nicht, wie sich derzeit im Falle der Luftfahrt sehen l\u00e4sst. Obwohl es eine europ\u00e4ische Quotenvorgaben f\u00fcr strombasiertes Kerosin ab 2030 gibt und v\u00f6llig klar ist, dass daf\u00fcr PtL-Produkte ben\u00f6tigt werden, gibt es derzeit weltweit keine der erforderlichen Investitionsentscheidungen f\u00fcr entsprechende Produktionsanlagen.<\/p>\n<p><!-- wp:paragraph {\"style\":{\"color\":{\"text\":\"#d51030\"}}} --><\/p>\n<p class=\"has-text-color\" style=\"color: #d51030;\"><strong>Johann Terres: Welchen Ausweg aus dem Dilemma sehen Sie?<\/strong><\/p>\n<p><!-- wp:paragraph --><\/p>\n<p><strong>Prof. Christian K\u00fcchen: <\/strong>Wir m\u00fcssen uns daran erinnern, dass Windenergie und Solarkraft nicht \u00fcber Quoten in den Markt eingef\u00fchrt werden, sondern \u00fcber eine garantierte Verg\u00fctung der produzierten Mengen \u00fcber einen l\u00e4ngeren Zeitraum, die \u00fcber Ausschreibungen im Wettbewerb ermittelt wird. Etwas Vergleichbares werden wir f\u00fcr die neuen Technologien zur Herstellung gr\u00fcner Molek\u00fcle auch machen m\u00fcssen \u2013 im internationalen Ma\u00dfstab. Diese Ausschreibungsmodelle m\u00fcssen langfristig sicher finanziert sein. Das wird vermutlich nicht ohne zweckgebundene Umlagen m\u00f6glich sein. F\u00fcr die Luftfahrt wird dar\u00fcber bereits diskutiert. Der Schl\u00fcssel f\u00fcr eine erfolgreiche Molek\u00fclwende ist die Mobilisierung von privatem Kapital in erheblicher Gr\u00f6\u00dfenordnung. Der Staat muss zumindest bei der Abfederung von Risiken unterst\u00fctzen. Ansonsten bleiben die Klimaziele unerreichbar.<\/p>\n<p><!-- wp:paragraph {\"style\":{\"color\":{\"text\":\"#d51030\"}}} --><\/p>\n<p class=\"has-text-color\" style=\"color: #d51030;\"><strong>Johann Terres: Herr Prof. K\u00fcchen, vielen Dank f\u00fcr die spannenden Hintergr\u00fcnden zu der von en2x angestrebten Molek\u00fclwende. Ich bin sehr gespannt auf die weiteren Ausf\u00fchrungen zu dem Thema in Session 4 der ENERGIE.CROSS.MEDIAL 2024!<\/strong><\/p>\n<p><!-- \/wp:paragraph --><\/p>\t\t\t\t\t\t<\/div>\n\t\t\t\t<\/div>\n\t\t\t\t\t<\/div>\n\t\t<\/div>\n\t\t\t\t<div class=\"elementor-column elementor-col-33 elementor-top-column elementor-element elementor-element-e0380e0\" data-id=\"e0380e0\" data-element_type=\"column\" data-settings=\"{&quot;grandconference_ext_link_sidemenu&quot;:&quot;false&quot;,&quot;grandconference_ext_link_fullmenu&quot;:&quot;false&quot;,&quot;grandconference_ext_link_closed_fullmenu&quot;:&quot;false&quot;,&quot;grandconference_ext_is_sticky&quot;:&quot;false&quot;,&quot;grandconference_ext_is_scrollme&quot;:&quot;false&quot;,&quot;grandconference_ext_is_smoove&quot;:&quot;false&quot;,&quot;grandconference_ext_is_parallax_mouse&quot;:&quot;false&quot;,&quot;grandconference_ext_is_infinite&quot;:&quot;false&quot;,&quot;grandconference_ext_is_fadeout_animation&quot;:&quot;false&quot;,&quot;grandconference_ext_mobile_static&quot;:&quot;false&quot;}\">\n\t\t\t<div class=\"elementor-widget-wrap elementor-element-populated\">\n\t\t\t\t\t\t<div class=\"elementor-element elementor-element-640df92 elementor-widget elementor-widget-spacer\" data-id=\"640df92\" data-element_type=\"widget\" data-settings=\"{&quot;grandconference_ext_link_sidemenu&quot;:&quot;false&quot;,&quot;grandconference_ext_link_fullmenu&quot;:&quot;false&quot;,&quot;grandconference_ext_link_closed_fullmenu&quot;:&quot;false&quot;,&quot;grandconference_ext_is_sticky&quot;:&quot;false&quot;,&quot;grandconference_ext_is_scrollme&quot;:&quot;false&quot;,&quot;grandconference_ext_is_smoove&quot;:&quot;false&quot;,&quot;grandconference_ext_is_parallax_mouse&quot;:&quot;false&quot;,&quot;grandconference_ext_is_infinite&quot;:&quot;false&quot;,&quot;grandconference_ext_is_fadeout_animation&quot;:&quot;false&quot;,&quot;grandconference_ext_mobile_static&quot;:&quot;false&quot;}\" data-widget_type=\"spacer.default\">\n\t\t\t\t<div class=\"elementor-widget-container\">\n\t\t\t\t\t<div class=\"elementor-spacer\">\n\t\t\t<div class=\"elementor-spacer-inner\"><\/div>\n\t\t<\/div>\n\t\t\t\t<\/div>\n\t\t\t\t<\/div>\n\t\t\t\t<div class=\"elementor-element elementor-element-eb2559f elementor-widget elementor-widget-text-editor\" data-id=\"eb2559f\" data-element_type=\"widget\" data-settings=\"{&quot;grandconference_ext_link_sidemenu&quot;:&quot;false&quot;,&quot;grandconference_ext_link_fullmenu&quot;:&quot;false&quot;,&quot;grandconference_ext_link_closed_fullmenu&quot;:&quot;false&quot;,&quot;grandconference_ext_is_sticky&quot;:&quot;false&quot;,&quot;grandconference_ext_is_scrollme&quot;:&quot;false&quot;,&quot;grandconference_ext_is_smoove&quot;:&quot;false&quot;,&quot;grandconference_ext_is_parallax_mouse&quot;:&quot;false&quot;,&quot;grandconference_ext_is_infinite&quot;:&quot;false&quot;,&quot;grandconference_ext_is_fadeout_animation&quot;:&quot;false&quot;,&quot;grandconference_ext_mobile_static&quot;:&quot;false&quot;}\" data-widget_type=\"text-editor.default\">\n\t\t\t\t<div class=\"elementor-widget-container\">\n\t\t\t\t\t\t\t<h4 style=\"text-align: center;\">Autor<\/h4>\t\t\t\t\t\t<\/div>\n\t\t\t\t<\/div>\n\t\t\t\t<div class=\"elementor-element elementor-element-4900fec elementor-widget elementor-widget-text-editor\" data-id=\"4900fec\" data-element_type=\"widget\" data-settings=\"{&quot;grandconference_ext_link_sidemenu&quot;:&quot;false&quot;,&quot;grandconference_ext_link_fullmenu&quot;:&quot;false&quot;,&quot;grandconference_ext_link_closed_fullmenu&quot;:&quot;false&quot;,&quot;grandconference_ext_is_sticky&quot;:&quot;false&quot;,&quot;grandconference_ext_is_scrollme&quot;:&quot;false&quot;,&quot;grandconference_ext_is_smoove&quot;:&quot;false&quot;,&quot;grandconference_ext_is_parallax_mouse&quot;:&quot;false&quot;,&quot;grandconference_ext_is_infinite&quot;:&quot;false&quot;,&quot;grandconference_ext_is_fadeout_animation&quot;:&quot;false&quot;,&quot;grandconference_ext_mobile_static&quot;:&quot;false&quot;}\" data-widget_type=\"text-editor.default\">\n\t\t\t\t<div class=\"elementor-widget-container\">\n\t\t\t\t\t\t\t<p><img decoding=\"async\" class=\"aligncenter wp-image-7283 size-thumbnail\" src=\"https:\/\/www.energiecrossmedial.de\/wp-content\/uploads\/2023\/12\/Terres_800x800-150x150.png\" alt=\"\" width=\"150\" height=\"150\" \/><\/p>\n<h3 style=\"text-align: center;\">Johann Terres<\/h3>\n<p style=\"text-align: center;\">FSJ-Politik<br \/>+49 30 \/ 72 61 59 98 \u2013 6<br \/><a href=\"mailto:terres@zukunftsenergien.de\"><span class=\"color_red\">terres@zukunftsenergien.de<\/span><\/a><\/p>\t\t\t\t\t\t<\/div>\n\t\t\t\t<\/div>\n\t\t\t\t<div class=\"elementor-element elementor-element-985dd85 elementor-grid-2 elementor-grid-tablet-2 elementor-grid-mobile-1 elementor-widget elementor-widget-portfolio\" data-id=\"985dd85\" data-element_type=\"widget\" data-settings=\"{&quot;columns&quot;:&quot;2&quot;,&quot;masonry&quot;:&quot;yes&quot;,&quot;row_gap&quot;:{&quot;unit&quot;:&quot;px&quot;,&quot;size&quot;:5,&quot;sizes&quot;:[]},&quot;columns_tablet&quot;:&quot;2&quot;,&quot;columns_mobile&quot;:&quot;1&quot;,&quot;item_gap&quot;:{&quot;unit&quot;:&quot;px&quot;,&quot;size&quot;:&quot;&quot;,&quot;sizes&quot;:[]},&quot;grandconference_ext_link_sidemenu&quot;:&quot;false&quot;,&quot;grandconference_ext_link_fullmenu&quot;:&quot;false&quot;,&quot;grandconference_ext_link_closed_fullmenu&quot;:&quot;false&quot;,&quot;grandconference_ext_is_sticky&quot;:&quot;false&quot;,&quot;grandconference_ext_is_scrollme&quot;:&quot;false&quot;,&quot;grandconference_ext_is_smoove&quot;:&quot;false&quot;,&quot;grandconference_ext_is_parallax_mouse&quot;:&quot;false&quot;,&quot;grandconference_ext_is_infinite&quot;:&quot;false&quot;,&quot;grandconference_ext_is_fadeout_animation&quot;:&quot;false&quot;,&quot;grandconference_ext_mobile_static&quot;:&quot;false&quot;}\" data-widget_type=\"portfolio.default\">\n\t\t\t\t<div class=\"elementor-widget-container\">\n\t\t\t\t\t<div class=\"elementor-portfolio elementor-grid elementor-posts-container\">\n\t\t\t\t<article class=\"elementor-portfolio-item elementor-post  post-8189 post type-post status-publish format-standard has-post-thumbnail hentry category-allgemein category-interviews-2024\">\n\t\t\t<a class=\"elementor-post__thumbnail__link\" href=\"https:\/\/www.energiecrossmedial.de\/index.php\/2024\/03\/04\/interview-mit-achim-bothe\/\">\n\t\t\t\t<div class=\"elementor-portfolio-item__img elementor-post__thumbnail\">\n\t\t\t<img decoding=\"async\" width=\"150\" height=\"150\" src=\"https:\/\/www.energiecrossmedial.de\/wp-content\/uploads\/2024\/03\/Achim_Bothe-150x150.jpg\" class=\"attachment-thumbnail size-thumbnail wp-image-8212\" alt=\"\" \/>\t\t<\/div>\n\t\t\t\t<div class=\"elementor-portfolio-item__overlay\">\n\t\t\t\t<h3 class=\"elementor-portfolio-item__title\">\n\t\tInterview mit Achim Bothe\t\t<\/h3>\n\t\t\t\t<\/div>\n\t\t\t\t<\/a>\n\t\t<\/article>\n\t\t\t\t<article class=\"elementor-portfolio-item elementor-post  post-8137 post type-post status-publish format-standard has-post-thumbnail hentry category-allgemein category-interviews-2024\">\n\t\t\t<a class=\"elementor-post__thumbnail__link\" href=\"https:\/\/www.energiecrossmedial.de\/index.php\/2024\/03\/01\/interview-mit-prof-dr-gerald-linke\/\">\n\t\t\t\t<div class=\"elementor-portfolio-item__img elementor-post__thumbnail\">\n\t\t\t<img loading=\"lazy\" decoding=\"async\" width=\"150\" height=\"150\" src=\"https:\/\/www.energiecrossmedial.de\/wp-content\/uploads\/2024\/02\/gerald-linke-dvgw-150x150.jpg\" class=\"attachment-thumbnail size-thumbnail wp-image-8175\" alt=\"\" \/>\t\t<\/div>\n\t\t\t\t<div class=\"elementor-portfolio-item__overlay\">\n\t\t\t\t<h3 class=\"elementor-portfolio-item__title\">\n\t\tInterview mit Prof. Dr. Gerald Linke\t\t<\/h3>\n\t\t\t\t<\/div>\n\t\t\t\t<\/a>\n\t\t<\/article>\n\t\t\t\t<article class=\"elementor-portfolio-item elementor-post  post-8124 post type-post status-publish format-standard has-post-thumbnail hentry category-allgemein category-interviews-2024\">\n\t\t\t<a class=\"elementor-post__thumbnail__link\" href=\"https:\/\/www.energiecrossmedial.de\/index.php\/2024\/02\/27\/interview-mit-prof-dr-joerg-steinbach\/\">\n\t\t\t\t<div class=\"elementor-portfolio-item__img elementor-post__thumbnail\">\n\t\t\t<img loading=\"lazy\" decoding=\"async\" width=\"150\" height=\"150\" src=\"https:\/\/www.energiecrossmedial.de\/wp-content\/uploads\/2024\/02\/Steinbach_20_small_Till_Budde-150x150.jpg\" class=\"attachment-thumbnail size-thumbnail wp-image-8147\" alt=\"\" \/>\t\t<\/div>\n\t\t\t\t<div class=\"elementor-portfolio-item__overlay\">\n\t\t\t\t<h3 class=\"elementor-portfolio-item__title\">\n\t\tInterview mit Prof. Dr. J\u00f6rg Steinbach\t\t<\/h3>\n\t\t\t\t<\/div>\n\t\t\t\t<\/a>\n\t\t<\/article>\n\t\t\t\t<article class=\"elementor-portfolio-item elementor-post  post-8114 post type-post status-publish format-standard has-post-thumbnail hentry category-allgemein category-interviews-2024\">\n\t\t\t<a class=\"elementor-post__thumbnail__link\" href=\"https:\/\/www.energiecrossmedial.de\/index.php\/2024\/02\/26\/interview-mit-dr-martin-wansleben\/\">\n\t\t\t\t<div class=\"elementor-portfolio-item__img elementor-post__thumbnail\">\n\t\t\t<img loading=\"lazy\" decoding=\"async\" width=\"150\" height=\"150\" src=\"https:\/\/www.energiecrossmedial.de\/wp-content\/uploads\/2024\/02\/MK3_5545-Bearbeitet-150x150.jpg\" class=\"attachment-thumbnail size-thumbnail wp-image-8145\" alt=\"\" \/>\t\t<\/div>\n\t\t\t\t<div class=\"elementor-portfolio-item__overlay\">\n\t\t\t\t<h3 class=\"elementor-portfolio-item__title\">\n\t\tInterview mit Dr. Martin Wansleben\t\t<\/h3>\n\t\t\t\t<\/div>\n\t\t\t\t<\/a>\n\t\t<\/article>\n\t\t\t\t<\/div>\n\t\t\t\t<\/div>\n\t\t\t\t<\/div>\n\t\t\t\t\t<\/div>\n\t\t<\/div>\n\t\t\t\t\t<\/div>\n\t\t<\/section>\n\t\t\t\t<\/div>\n\t\t","protected":false},"excerpt":{"rendered":"<p>Im Interview umrei\u00dft Herr Prof. K\u00fcchen, Hauptgesch\u00e4ftsf\u00fchrer von en2x &#8211; Wirtschaftsverband Fuels und Energie e.V., seine Forderungen nach einer Molek\u00fclwende, die er auf der EXM24 in Session 4 vorstellen wird.<\/p>\n","protected":false},"author":7,"featured_media":7663,"comment_status":"open","ping_status":"open","sticky":false,"template":"","format":"standard","meta":{"_acf_changed":false,"_jetpack_memberships_contains_paid_content":false,"footnotes":""},"categories":[1,114],"tags":[],"class_list":["post-7646","post","type-post","status-publish","format-standard","has-post-thumbnail","hentry","category-allgemein","category-interviews-2024"],"acf":[],"yoast_head":"<!-- This site is optimized with the Yoast SEO plugin v24.0 - https:\/\/yoast.com\/wordpress\/plugins\/seo\/ -->\n<title>Interview mit Prof. Dr. K\u00fcchen - ENERGIE.CROSS.MEDIAL<\/title>\n<meta name=\"robots\" content=\"index, follow, max-snippet:-1, max-image-preview:large, max-video-preview:-1\" \/>\n<link rel=\"canonical\" href=\"https:\/\/www.energiecrossmedial.de\/index.php\/2024\/01\/19\/interview-mit-prof-dr-kuechen\/\" \/>\n<meta property=\"og:locale\" content=\"de_DE\" \/>\n<meta property=\"og:type\" content=\"article\" \/>\n<meta property=\"og:title\" content=\"Interview mit Prof. Dr. K\u00fcchen - ENERGIE.CROSS.MEDIAL\" \/>\n<meta property=\"og:description\" content=\"Im Interview umrei\u00dft Herr Prof. K\u00fcchen, Hauptgesch\u00e4ftsf\u00fchrer von en2x - Wirtschaftsverband Fuels und Energie e.V., seine Forderungen nach einer Molek\u00fclwende, die er auf der EXM24 in Session 4 vorstellen wird.\" \/>\n<meta property=\"og:url\" content=\"https:\/\/www.energiecrossmedial.de\/index.php\/2024\/01\/19\/interview-mit-prof-dr-kuechen\/\" \/>\n<meta property=\"og:site_name\" content=\"ENERGIE.CROSS.MEDIAL\" \/>\n<meta property=\"article:published_time\" content=\"2024-01-19T14:50:54+00:00\" \/>\n<meta property=\"article:modified_time\" content=\"2024-01-23T10:43:48+00:00\" \/>\n<meta property=\"og:image\" content=\"https:\/\/www.energiecrossmedial.de\/wp-content\/uploads\/2024\/01\/Christian_Kuechen_en2x_Pressebild_Querformat_2.jpg\" \/>\n\t<meta property=\"og:image:width\" content=\"2979\" \/>\n\t<meta property=\"og:image:height\" content=\"2000\" \/>\n\t<meta property=\"og:image:type\" content=\"image\/jpeg\" \/>\n<meta name=\"author\" content=\"Johann Terres\" \/>\n<meta name=\"twitter:card\" content=\"summary_large_image\" \/>\n<meta name=\"twitter:creator\" content=\"@EnergieXMedial\" \/>\n<meta name=\"twitter:site\" content=\"@EnergieXMedial\" \/>\n<meta name=\"twitter:label1\" content=\"Verfasst von\" \/>\n\t<meta name=\"twitter:data1\" content=\"Johann Terres\" \/>\n\t<meta name=\"twitter:label2\" content=\"Gesch\u00e4tzte Lesezeit\" \/>\n\t<meta name=\"twitter:data2\" content=\"8\u00a0Minuten\" \/>\n<script type=\"application\/ld+json\" class=\"yoast-schema-graph\">{\"@context\":\"https:\/\/schema.org\",\"@graph\":[{\"@type\":\"Article\",\"@id\":\"https:\/\/www.energiecrossmedial.de\/index.php\/2024\/01\/19\/interview-mit-prof-dr-kuechen\/#article\",\"isPartOf\":{\"@id\":\"https:\/\/www.energiecrossmedial.de\/index.php\/2024\/01\/19\/interview-mit-prof-dr-kuechen\/\"},\"author\":{\"name\":\"Johann Terres\",\"@id\":\"https:\/\/www.energiecrossmedial.de\/#\/schema\/person\/c47b77575fdae990fb185d6b00f52a75\"},\"headline\":\"Interview mit Prof. Dr. K\u00fcchen\",\"datePublished\":\"2024-01-19T14:50:54+00:00\",\"dateModified\":\"2024-01-23T10:43:48+00:00\",\"mainEntityOfPage\":{\"@id\":\"https:\/\/www.energiecrossmedial.de\/index.php\/2024\/01\/19\/interview-mit-prof-dr-kuechen\/\"},\"wordCount\":1382,\"commentCount\":0,\"publisher\":{\"@id\":\"https:\/\/www.energiecrossmedial.de\/#organization\"},\"image\":{\"@id\":\"https:\/\/www.energiecrossmedial.de\/index.php\/2024\/01\/19\/interview-mit-prof-dr-kuechen\/#primaryimage\"},\"thumbnailUrl\":\"https:\/\/www.energiecrossmedial.de\/wp-content\/uploads\/2024\/01\/Christian_Kuechen_en2x_Pressebild_Querformat_2.jpg\",\"articleSection\":{\"1\":\"Interviews 2024\"},\"inLanguage\":\"de\",\"potentialAction\":[{\"@type\":\"CommentAction\",\"name\":\"Comment\",\"target\":[\"https:\/\/www.energiecrossmedial.de\/index.php\/2024\/01\/19\/interview-mit-prof-dr-kuechen\/#respond\"]}]},{\"@type\":\"WebPage\",\"@id\":\"https:\/\/www.energiecrossmedial.de\/index.php\/2024\/01\/19\/interview-mit-prof-dr-kuechen\/\",\"url\":\"https:\/\/www.energiecrossmedial.de\/index.php\/2024\/01\/19\/interview-mit-prof-dr-kuechen\/\",\"name\":\"Interview mit Prof. Dr. K\u00fcchen - ENERGIE.CROSS.MEDIAL\",\"isPartOf\":{\"@id\":\"https:\/\/www.energiecrossmedial.de\/#website\"},\"primaryImageOfPage\":{\"@id\":\"https:\/\/www.energiecrossmedial.de\/index.php\/2024\/01\/19\/interview-mit-prof-dr-kuechen\/#primaryimage\"},\"image\":{\"@id\":\"https:\/\/www.energiecrossmedial.de\/index.php\/2024\/01\/19\/interview-mit-prof-dr-kuechen\/#primaryimage\"},\"thumbnailUrl\":\"https:\/\/www.energiecrossmedial.de\/wp-content\/uploads\/2024\/01\/Christian_Kuechen_en2x_Pressebild_Querformat_2.jpg\",\"datePublished\":\"2024-01-19T14:50:54+00:00\",\"dateModified\":\"2024-01-23T10:43:48+00:00\",\"breadcrumb\":{\"@id\":\"https:\/\/www.energiecrossmedial.de\/index.php\/2024\/01\/19\/interview-mit-prof-dr-kuechen\/#breadcrumb\"},\"inLanguage\":\"de\",\"potentialAction\":[{\"@type\":\"ReadAction\",\"target\":[\"https:\/\/www.energiecrossmedial.de\/index.php\/2024\/01\/19\/interview-mit-prof-dr-kuechen\/\"]}]},{\"@type\":\"ImageObject\",\"inLanguage\":\"de\",\"@id\":\"https:\/\/www.energiecrossmedial.de\/index.php\/2024\/01\/19\/interview-mit-prof-dr-kuechen\/#primaryimage\",\"url\":\"https:\/\/www.energiecrossmedial.de\/wp-content\/uploads\/2024\/01\/Christian_Kuechen_en2x_Pressebild_Querformat_2.jpg\",\"contentUrl\":\"https:\/\/www.energiecrossmedial.de\/wp-content\/uploads\/2024\/01\/Christian_Kuechen_en2x_Pressebild_Querformat_2.jpg\",\"width\":2979,\"height\":2000},{\"@type\":\"BreadcrumbList\",\"@id\":\"https:\/\/www.energiecrossmedial.de\/index.php\/2024\/01\/19\/interview-mit-prof-dr-kuechen\/#breadcrumb\",\"itemListElement\":[{\"@type\":\"ListItem\",\"position\":1,\"name\":\"Startseite\",\"item\":\"https:\/\/www.energiecrossmedial.de\/\"},{\"@type\":\"ListItem\",\"position\":2,\"name\":\"Interview mit Prof. Dr. K\u00fcchen\"}]},{\"@type\":\"WebSite\",\"@id\":\"https:\/\/www.energiecrossmedial.de\/#website\",\"url\":\"https:\/\/www.energiecrossmedial.de\/\",\"name\":\"ENERGIE.CROSS.MEDIAL - das forum der energiewende\",\"description\":\"das forum der energiewende\",\"publisher\":{\"@id\":\"https:\/\/www.energiecrossmedial.de\/#organization\"},\"potentialAction\":[{\"@type\":\"SearchAction\",\"target\":{\"@type\":\"EntryPoint\",\"urlTemplate\":\"https:\/\/www.energiecrossmedial.de\/?s={search_term_string}\"},\"query-input\":{\"@type\":\"PropertyValueSpecification\",\"valueRequired\":true,\"valueName\":\"search_term_string\"}}],\"inLanguage\":\"de\"},{\"@type\":\"Organization\",\"@id\":\"https:\/\/www.energiecrossmedial.de\/#organization\",\"name\":\"ENERGIE.CROSS.MEDIAL - das forum der energiewende\",\"url\":\"https:\/\/www.energiecrossmedial.de\/\",\"logo\":{\"@type\":\"ImageObject\",\"inLanguage\":\"de\",\"@id\":\"https:\/\/www.energiecrossmedial.de\/#\/schema\/logo\/image\/\",\"url\":\"https:\/\/www.energiecrossmedial.de\/wp-content\/uploads\/2023\/09\/cropped-Website_Icon.png\",\"contentUrl\":\"https:\/\/www.energiecrossmedial.de\/wp-content\/uploads\/2023\/09\/cropped-Website_Icon.png\",\"width\":512,\"height\":512,\"caption\":\"ENERGIE.CROSS.MEDIAL - das forum der energiewende\"},\"image\":{\"@id\":\"https:\/\/www.energiecrossmedial.de\/#\/schema\/logo\/image\/\"},\"sameAs\":[\"https:\/\/x.com\/EnergieXMedial\",\"https:\/\/www.linkedin.com\/company\/zukunftsenergien\/\"]},{\"@type\":\"Person\",\"@id\":\"https:\/\/www.energiecrossmedial.de\/#\/schema\/person\/c47b77575fdae990fb185d6b00f52a75\",\"name\":\"Johann Terres\",\"image\":{\"@type\":\"ImageObject\",\"inLanguage\":\"de\",\"@id\":\"https:\/\/www.energiecrossmedial.de\/#\/schema\/person\/image\/\",\"url\":\"https:\/\/secure.gravatar.com\/avatar\/d6a1fcc62be2782dcf3c873d73beac90?s=96&d=mm&r=g\",\"contentUrl\":\"https:\/\/secure.gravatar.com\/avatar\/d6a1fcc62be2782dcf3c873d73beac90?s=96&d=mm&r=g\",\"caption\":\"Johann Terres\"},\"url\":\"https:\/\/www.energiecrossmedial.de\/index.php\/author\/terres\/\"}]}<\/script>\n<!-- \/ Yoast SEO plugin. -->","yoast_head_json":{"title":"Interview mit Prof. Dr. K\u00fcchen - ENERGIE.CROSS.MEDIAL","robots":{"index":"index","follow":"follow","max-snippet":"max-snippet:-1","max-image-preview":"max-image-preview:large","max-video-preview":"max-video-preview:-1"},"canonical":"https:\/\/www.energiecrossmedial.de\/index.php\/2024\/01\/19\/interview-mit-prof-dr-kuechen\/","og_locale":"de_DE","og_type":"article","og_title":"Interview mit Prof. Dr. K\u00fcchen - ENERGIE.CROSS.MEDIAL","og_description":"Im Interview umrei\u00dft Herr Prof. K\u00fcchen, Hauptgesch\u00e4ftsf\u00fchrer von en2x - Wirtschaftsverband Fuels und Energie e.V., seine Forderungen nach einer Molek\u00fclwende, die er auf der EXM24 in Session 4 vorstellen wird.","og_url":"https:\/\/www.energiecrossmedial.de\/index.php\/2024\/01\/19\/interview-mit-prof-dr-kuechen\/","og_site_name":"ENERGIE.CROSS.MEDIAL","article_published_time":"2024-01-19T14:50:54+00:00","article_modified_time":"2024-01-23T10:43:48+00:00","og_image":[{"width":2979,"height":2000,"url":"https:\/\/www.energiecrossmedial.de\/wp-content\/uploads\/2024\/01\/Christian_Kuechen_en2x_Pressebild_Querformat_2.jpg","type":"image\/jpeg"}],"author":"Johann Terres","twitter_card":"summary_large_image","twitter_creator":"@EnergieXMedial","twitter_site":"@EnergieXMedial","twitter_misc":{"Verfasst von":"Johann Terres","Gesch\u00e4tzte Lesezeit":"8\u00a0Minuten"},"schema":{"@context":"https:\/\/schema.org","@graph":[{"@type":"Article","@id":"https:\/\/www.energiecrossmedial.de\/index.php\/2024\/01\/19\/interview-mit-prof-dr-kuechen\/#article","isPartOf":{"@id":"https:\/\/www.energiecrossmedial.de\/index.php\/2024\/01\/19\/interview-mit-prof-dr-kuechen\/"},"author":{"name":"Johann Terres","@id":"https:\/\/www.energiecrossmedial.de\/#\/schema\/person\/c47b77575fdae990fb185d6b00f52a75"},"headline":"Interview mit Prof. Dr. K\u00fcchen","datePublished":"2024-01-19T14:50:54+00:00","dateModified":"2024-01-23T10:43:48+00:00","mainEntityOfPage":{"@id":"https:\/\/www.energiecrossmedial.de\/index.php\/2024\/01\/19\/interview-mit-prof-dr-kuechen\/"},"wordCount":1382,"commentCount":0,"publisher":{"@id":"https:\/\/www.energiecrossmedial.de\/#organization"},"image":{"@id":"https:\/\/www.energiecrossmedial.de\/index.php\/2024\/01\/19\/interview-mit-prof-dr-kuechen\/#primaryimage"},"thumbnailUrl":"https:\/\/www.energiecrossmedial.de\/wp-content\/uploads\/2024\/01\/Christian_Kuechen_en2x_Pressebild_Querformat_2.jpg","articleSection":{"1":"Interviews 2024"},"inLanguage":"de","potentialAction":[{"@type":"CommentAction","name":"Comment","target":["https:\/\/www.energiecrossmedial.de\/index.php\/2024\/01\/19\/interview-mit-prof-dr-kuechen\/#respond"]}]},{"@type":"WebPage","@id":"https:\/\/www.energiecrossmedial.de\/index.php\/2024\/01\/19\/interview-mit-prof-dr-kuechen\/","url":"https:\/\/www.energiecrossmedial.de\/index.php\/2024\/01\/19\/interview-mit-prof-dr-kuechen\/","name":"Interview mit Prof. Dr. K\u00fcchen - ENERGIE.CROSS.MEDIAL","isPartOf":{"@id":"https:\/\/www.energiecrossmedial.de\/#website"},"primaryImageOfPage":{"@id":"https:\/\/www.energiecrossmedial.de\/index.php\/2024\/01\/19\/interview-mit-prof-dr-kuechen\/#primaryimage"},"image":{"@id":"https:\/\/www.energiecrossmedial.de\/index.php\/2024\/01\/19\/interview-mit-prof-dr-kuechen\/#primaryimage"},"thumbnailUrl":"https:\/\/www.energiecrossmedial.de\/wp-content\/uploads\/2024\/01\/Christian_Kuechen_en2x_Pressebild_Querformat_2.jpg","datePublished":"2024-01-19T14:50:54+00:00","dateModified":"2024-01-23T10:43:48+00:00","breadcrumb":{"@id":"https:\/\/www.energiecrossmedial.de\/index.php\/2024\/01\/19\/interview-mit-prof-dr-kuechen\/#breadcrumb"},"inLanguage":"de","potentialAction":[{"@type":"ReadAction","target":["https:\/\/www.energiecrossmedial.de\/index.php\/2024\/01\/19\/interview-mit-prof-dr-kuechen\/"]}]},{"@type":"ImageObject","inLanguage":"de","@id":"https:\/\/www.energiecrossmedial.de\/index.php\/2024\/01\/19\/interview-mit-prof-dr-kuechen\/#primaryimage","url":"https:\/\/www.energiecrossmedial.de\/wp-content\/uploads\/2024\/01\/Christian_Kuechen_en2x_Pressebild_Querformat_2.jpg","contentUrl":"https:\/\/www.energiecrossmedial.de\/wp-content\/uploads\/2024\/01\/Christian_Kuechen_en2x_Pressebild_Querformat_2.jpg","width":2979,"height":2000},{"@type":"BreadcrumbList","@id":"https:\/\/www.energiecrossmedial.de\/index.php\/2024\/01\/19\/interview-mit-prof-dr-kuechen\/#breadcrumb","itemListElement":[{"@type":"ListItem","position":1,"name":"Startseite","item":"https:\/\/www.energiecrossmedial.de\/"},{"@type":"ListItem","position":2,"name":"Interview mit Prof. Dr. K\u00fcchen"}]},{"@type":"WebSite","@id":"https:\/\/www.energiecrossmedial.de\/#website","url":"https:\/\/www.energiecrossmedial.de\/","name":"ENERGIE.CROSS.MEDIAL - das forum der energiewende","description":"das forum der energiewende","publisher":{"@id":"https:\/\/www.energiecrossmedial.de\/#organization"},"potentialAction":[{"@type":"SearchAction","target":{"@type":"EntryPoint","urlTemplate":"https:\/\/www.energiecrossmedial.de\/?s={search_term_string}"},"query-input":{"@type":"PropertyValueSpecification","valueRequired":true,"valueName":"search_term_string"}}],"inLanguage":"de"},{"@type":"Organization","@id":"https:\/\/www.energiecrossmedial.de\/#organization","name":"ENERGIE.CROSS.MEDIAL - das forum der energiewende","url":"https:\/\/www.energiecrossmedial.de\/","logo":{"@type":"ImageObject","inLanguage":"de","@id":"https:\/\/www.energiecrossmedial.de\/#\/schema\/logo\/image\/","url":"https:\/\/www.energiecrossmedial.de\/wp-content\/uploads\/2023\/09\/cropped-Website_Icon.png","contentUrl":"https:\/\/www.energiecrossmedial.de\/wp-content\/uploads\/2023\/09\/cropped-Website_Icon.png","width":512,"height":512,"caption":"ENERGIE.CROSS.MEDIAL - das forum der energiewende"},"image":{"@id":"https:\/\/www.energiecrossmedial.de\/#\/schema\/logo\/image\/"},"sameAs":["https:\/\/x.com\/EnergieXMedial","https:\/\/www.linkedin.com\/company\/zukunftsenergien\/"]},{"@type":"Person","@id":"https:\/\/www.energiecrossmedial.de\/#\/schema\/person\/c47b77575fdae990fb185d6b00f52a75","name":"Johann Terres","image":{"@type":"ImageObject","inLanguage":"de","@id":"https:\/\/www.energiecrossmedial.de\/#\/schema\/person\/image\/","url":"https:\/\/secure.gravatar.com\/avatar\/d6a1fcc62be2782dcf3c873d73beac90?s=96&d=mm&r=g","contentUrl":"https:\/\/secure.gravatar.com\/avatar\/d6a1fcc62be2782dcf3c873d73beac90?s=96&d=mm&r=g","caption":"Johann Terres"},"url":"https:\/\/www.energiecrossmedial.de\/index.php\/author\/terres\/"}]}},"jetpack_featured_media_url":"https:\/\/www.energiecrossmedial.de\/wp-content\/uploads\/2024\/01\/Christian_Kuechen_en2x_Pressebild_Querformat_2.jpg","jetpack_sharing_enabled":true,"_links":{"self":[{"href":"https:\/\/www.energiecrossmedial.de\/index.php\/wp-json\/wp\/v2\/posts\/7646","targetHints":{"allow":["GET"]}}],"collection":[{"href":"https:\/\/www.energiecrossmedial.de\/index.php\/wp-json\/wp\/v2\/posts"}],"about":[{"href":"https:\/\/www.energiecrossmedial.de\/index.php\/wp-json\/wp\/v2\/types\/post"}],"author":[{"embeddable":true,"href":"https:\/\/www.energiecrossmedial.de\/index.php\/wp-json\/wp\/v2\/users\/7"}],"replies":[{"embeddable":true,"href":"https:\/\/www.energiecrossmedial.de\/index.php\/wp-json\/wp\/v2\/comments?post=7646"}],"version-history":[{"count":14,"href":"https:\/\/www.energiecrossmedial.de\/index.php\/wp-json\/wp\/v2\/posts\/7646\/revisions"}],"predecessor-version":[{"id":7705,"href":"https:\/\/www.energiecrossmedial.de\/index.php\/wp-json\/wp\/v2\/posts\/7646\/revisions\/7705"}],"wp:featuredmedia":[{"embeddable":true,"href":"https:\/\/www.energiecrossmedial.de\/index.php\/wp-json\/wp\/v2\/media\/7663"}],"wp:attachment":[{"href":"https:\/\/www.energiecrossmedial.de\/index.php\/wp-json\/wp\/v2\/media?parent=7646"}],"wp:term":[{"taxonomy":"category","embeddable":true,"href":"https:\/\/www.energiecrossmedial.de\/index.php\/wp-json\/wp\/v2\/categories?post=7646"},{"taxonomy":"post_tag","embeddable":true,"href":"https:\/\/www.energiecrossmedial.de\/index.php\/wp-json\/wp\/v2\/tags?post=7646"}],"curies":[{"name":"wp","href":"https:\/\/api.w.org\/{rel}","templated":true}]}}