{"id":7982,"date":"2024-02-13T10:44:03","date_gmt":"2024-02-13T09:44:03","guid":{"rendered":"https:\/\/www.energiecrossmedial.de\/?p=7982"},"modified":"2024-02-13T11:06:19","modified_gmt":"2024-02-13T10:06:19","slug":"interview-mit-holger-kreetz","status":"publish","type":"post","link":"https:\/\/www.energiecrossmedial.de\/index.php\/2024\/02\/13\/interview-mit-holger-kreetz\/","title":{"rendered":"Interview mit Holger Kreetz"},"content":{"rendered":"\t\t<div data-elementor-type=\"wp-post\" data-elementor-id=\"7982\" class=\"elementor elementor-7982\" data-elementor-post-type=\"post\">\n\t\t\t\t\t\t<section class=\"elementor-section elementor-top-section elementor-element elementor-element-cb0918b elementor-section-boxed elementor-section-height-default elementor-section-height-default\" data-id=\"cb0918b\" data-element_type=\"section\" data-settings=\"{&quot;grandconference_ext_is_background_parallax&quot;:&quot;false&quot;,&quot;grandconference_ext_is_background_backdrop&quot;:&quot;false&quot;,&quot;grandconference_ext_is_background_on_scroll&quot;:&quot;false&quot;}\">\n\t\t\t\t\t\t<div class=\"elementor-container elementor-column-gap-default\">\n\t\t\t\t\t<div class=\"elementor-column elementor-col-100 elementor-top-column elementor-element elementor-element-b252d02\" data-id=\"b252d02\" data-element_type=\"column\" data-settings=\"{&quot;grandconference_ext_link_sidemenu&quot;:&quot;false&quot;,&quot;grandconference_ext_link_fullmenu&quot;:&quot;false&quot;,&quot;grandconference_ext_link_closed_fullmenu&quot;:&quot;false&quot;,&quot;grandconference_ext_is_sticky&quot;:&quot;false&quot;,&quot;grandconference_ext_is_scrollme&quot;:&quot;false&quot;,&quot;grandconference_ext_is_smoove&quot;:&quot;false&quot;,&quot;grandconference_ext_is_parallax_mouse&quot;:&quot;false&quot;,&quot;grandconference_ext_is_infinite&quot;:&quot;false&quot;,&quot;grandconference_ext_is_fadeout_animation&quot;:&quot;false&quot;,&quot;grandconference_ext_mobile_static&quot;:&quot;false&quot;}\">\n\t\t\t<div class=\"elementor-widget-wrap elementor-element-populated\">\n\t\t\t\t\t\t<div class=\"elementor-element elementor-element-dc2e830 elementor-widget elementor-widget-heading\" data-id=\"dc2e830\" data-element_type=\"widget\" data-settings=\"{&quot;grandconference_ext_link_sidemenu&quot;:&quot;false&quot;,&quot;grandconference_ext_link_fullmenu&quot;:&quot;false&quot;,&quot;grandconference_ext_link_closed_fullmenu&quot;:&quot;false&quot;,&quot;grandconference_ext_is_sticky&quot;:&quot;false&quot;,&quot;grandconference_ext_is_scrollme&quot;:&quot;false&quot;,&quot;grandconference_ext_is_smoove&quot;:&quot;false&quot;,&quot;grandconference_ext_is_parallax_mouse&quot;:&quot;false&quot;,&quot;grandconference_ext_is_infinite&quot;:&quot;false&quot;,&quot;grandconference_ext_is_fadeout_animation&quot;:&quot;false&quot;,&quot;grandconference_ext_mobile_static&quot;:&quot;false&quot;}\" data-widget_type=\"heading.default\">\n\t\t\t\t<div class=\"elementor-widget-container\">\n\t\t\t<h2 class=\"elementor-heading-title elementor-size-default\">Interview mit Holger Kreetz<\/h2>\t\t<\/div>\n\t\t\t\t<\/div>\n\t\t\t\t\t<\/div>\n\t\t<\/div>\n\t\t\t\t\t<\/div>\n\t\t<\/section>\n\t\t\t\t<section class=\"elementor-section elementor-top-section elementor-element elementor-element-a7279ae elementor-section-boxed elementor-section-height-default elementor-section-height-default\" data-id=\"a7279ae\" data-element_type=\"section\" data-settings=\"{&quot;grandconference_ext_is_background_parallax&quot;:&quot;false&quot;,&quot;grandconference_ext_is_background_backdrop&quot;:&quot;false&quot;,&quot;grandconference_ext_is_background_on_scroll&quot;:&quot;false&quot;}\">\n\t\t\t\t\t\t<div class=\"elementor-container elementor-column-gap-default\">\n\t\t\t\t\t<div class=\"elementor-column elementor-col-66 elementor-top-column elementor-element elementor-element-f9998ab\" data-id=\"f9998ab\" data-element_type=\"column\" data-settings=\"{&quot;grandconference_ext_link_sidemenu&quot;:&quot;false&quot;,&quot;grandconference_ext_link_fullmenu&quot;:&quot;false&quot;,&quot;grandconference_ext_link_closed_fullmenu&quot;:&quot;false&quot;,&quot;grandconference_ext_is_sticky&quot;:&quot;false&quot;,&quot;grandconference_ext_is_scrollme&quot;:&quot;false&quot;,&quot;grandconference_ext_is_smoove&quot;:&quot;false&quot;,&quot;grandconference_ext_is_parallax_mouse&quot;:&quot;false&quot;,&quot;grandconference_ext_is_infinite&quot;:&quot;false&quot;,&quot;grandconference_ext_is_fadeout_animation&quot;:&quot;false&quot;,&quot;grandconference_ext_mobile_static&quot;:&quot;false&quot;}\">\n\t\t\t<div class=\"elementor-widget-wrap elementor-element-populated\">\n\t\t\t\t\t\t<div class=\"elementor-element elementor-element-51e3112 elementor-widget elementor-widget-image\" data-id=\"51e3112\" data-element_type=\"widget\" data-settings=\"{&quot;grandconference_image_is_animation&quot;:&quot;false&quot;,&quot;grandconference_ext_link_sidemenu&quot;:&quot;false&quot;,&quot;grandconference_ext_link_fullmenu&quot;:&quot;false&quot;,&quot;grandconference_ext_link_closed_fullmenu&quot;:&quot;false&quot;,&quot;grandconference_ext_is_sticky&quot;:&quot;false&quot;,&quot;grandconference_ext_is_scrollme&quot;:&quot;false&quot;,&quot;grandconference_ext_is_smoove&quot;:&quot;false&quot;,&quot;grandconference_ext_is_parallax_mouse&quot;:&quot;false&quot;,&quot;grandconference_ext_is_infinite&quot;:&quot;false&quot;,&quot;grandconference_ext_is_fadeout_animation&quot;:&quot;false&quot;,&quot;grandconference_ext_mobile_static&quot;:&quot;false&quot;}\" data-widget_type=\"image.default\">\n\t\t\t\t<div class=\"elementor-widget-container\">\n\t\t\t\t\t\t\t\t\t\t\t\t\t<img fetchpriority=\"high\" decoding=\"async\" width=\"1600\" height=\"533\" src=\"https:\/\/www.energiecrossmedial.de\/wp-content\/uploads\/2024\/02\/Interview-Banner-Kreetz-1200x400px.jpg\" class=\"attachment-full size-full wp-image-7996\" alt=\"\" \/>\t\t\t\t\t\t\t\t\t\t\t\t\t<\/div>\n\t\t\t\t<\/div>\n\t\t\t\t<div class=\"elementor-element elementor-element-a616c23 elementor-widget elementor-widget-text-editor\" data-id=\"a616c23\" data-element_type=\"widget\" data-settings=\"{&quot;grandconference_ext_link_sidemenu&quot;:&quot;false&quot;,&quot;grandconference_ext_link_fullmenu&quot;:&quot;false&quot;,&quot;grandconference_ext_link_closed_fullmenu&quot;:&quot;false&quot;,&quot;grandconference_ext_is_sticky&quot;:&quot;false&quot;,&quot;grandconference_ext_is_scrollme&quot;:&quot;false&quot;,&quot;grandconference_ext_is_smoove&quot;:&quot;false&quot;,&quot;grandconference_ext_is_parallax_mouse&quot;:&quot;false&quot;,&quot;grandconference_ext_is_infinite&quot;:&quot;false&quot;,&quot;grandconference_ext_is_fadeout_animation&quot;:&quot;false&quot;,&quot;grandconference_ext_mobile_static&quot;:&quot;false&quot;}\" data-widget_type=\"text-editor.default\">\n\t\t\t\t<div class=\"elementor-widget-container\">\n\t\t\t\t\t\t\t<p><b>Zur Vorbereitung der ENERGIE.CROSS.MEDIAL 2024 sprach Johann Terres mit <a href=\"https:\/\/www.energiecrossmedial.de\/index.php\/speaker\/dr-holger-kreetz\/\">Holger Kreetz<\/a>, dem COO von <a href=\"https:\/\/www.uniper.energy\/de?gclid=EAIaIQobChMI5KmimpymhAMVmZSDBx2FogU2EAAYASAAEgI4ovD_BwE\">Uniper, <\/a><\/b><strong>zur Versorgungssicherheit durch Technologieoffenheit und zum Wasserstoffhochlauf in Deutschland.<\/strong><b><\/b><\/p>\n<p><!-- wp:paragraph {\"style\":{\"color\":{\"text\":\"#d51030\"},\"elements\":{\"link\":{\"color\":{\"text\":\"#d51030\"}}}}} --><\/p>\n<p class=\"has-text-color has-link-color\" style=\"color: #d51030;\"><strong>Johann Terres: Herr Kreetz, Sie werden auf der ENERGIE.CROSS.MEDIAL 2024 zum Thema Versorgungssicherheit sprechen. Wie sicher ist Deutschlands Energieversorgung zurzeit?<\/strong><\/p>\n<p><!-- wp:paragraph --><\/p>\n<p><strong>Holger Kreetz:<\/strong> Die Gasversorgungslage in Deutschland ist entspannt, da der Winter mild war, die Konjunktur schwach ist und neue LNG-Importkapazit\u00e4ten vorhanden sind, woran Uniper Ende 2022 in Wilhelmshaven ma\u00dfgeblich beteiligt war. Die Gasspeicher sind z. Zt. mit etwa 75% gut gef\u00fcllt. F\u00fcr ein Gelingen des Wasserstoffhochlaufs und gleichzeitig f\u00fcr eine Aufrechterhaltung der Gasversorgungssicherheit, sehen wir die Notwendigkeit f\u00fcr ein integriertes Regime f\u00fcr Gas- und Wasserstoffspeicher. Gleichzeitig sollten ausgewogene, marktbasierte Anreize f\u00fcr die Betreiber von Erdgasspeichern enthalten sein. Die zwar abnehmenden, aber noch viele Jahre notwendigen Gasspeicherkapazit\u00e4ten m\u00fcssen in erforderlichem Umfang weiter betrieben werden k\u00f6nnen, ebenso wie die Speicherkapazit\u00e4ten f\u00fcr Wasserstoff. F\u00fcr den deutschen Strommarkt ist die praktische Umsetzung der Kraftwerksstrategie wichtig, damit die Versorgungssicherheit mittels gesicherter Kraftwerkskapazit\u00e4t auf festem Boden steht. N\u00e4chstes Jahr werden weitere sieben Gigawatt Kohlekraftwerke, die vor\u00fcbergehend aus der Netzreserve zur\u00fcckgekehrt waren, wieder aus dem Markt ausscheiden. Ab dem 1. April wird Uniper drei Kohlekraftwerke (Heyden, Scholven C und Staudinger) mit einer Kapazit\u00e4t von rund 1,7 GW abschalten. In Deutschland betreiben wir dann nur noch das kohlebefeuerte Kraftwerk Datteln 4. Die Versorgungssicherheit beim Strom sollte nicht \u201eauf Kante gen\u00e4ht\u201c sein. Uniper steht bereit, in neue zukunftsf\u00e4hige Kraftwerke zu investieren. Wir begr\u00fc\u00dfen daher die von der Bundesregierung vorgelegten wesentlichen Elemente einer Kraftwerksstrategie, denn wir brauchen Planungssicherheit zum Rahmen solcher Investitionen.<\/p>\n<p><!-- wp:paragraph --><\/p>\n<p>Ingesamt ist mit Blick auf die Versorgungssicherheit in Deutschland eine zuverl\u00e4ssige und gleichzeitig umweltschonende Energieversorgung Voraussetzung f\u00fcr eine funktionierende Gesellschaft, eine wettbewerbsf\u00e4hige Wirtschaft und eine erfolgreiche Energiewende. Uniper hat sich zum Ziel gesetzt, seine Kunden sicher und zuverl\u00e4ssig mit Strom, Gas und W\u00e4rme zu versorgen und diese Energie gleichzeitig immer klimafreundlicher zu gestalten.<\/p>\n<p><!-- wp:paragraph {\"style\":{\"color\":{\"text\":\"#d51030\"},\"elements\":{\"link\":{\"color\":{\"text\":\"#d51030\"}}}}} --><\/p>\n<p class=\"has-text-color has-link-color\" style=\"color: #d51030;\"><strong>Johann Terres:<\/strong> <strong>Technologieoffenheit wird immer gefordert. Egal ob wir auf den Mobilit\u00e4tssektor schauen oder auf die Stromerzeugung. Gleichzeitig hat der Gesetzgeber so viele Bedingungen in den Gesetzen und dem entsprechenden untergesetzlichen Regelwerk formuliert, dass die in Frage kommenden Technologien so begrenzt sind, dass von Technologieoffenheit nicht mehr die Rede sein kann. Warum also verabschiedet sich die Branche nicht von dieser Forderung?<\/strong><\/p>\n<p><!-- wp:paragraph --><\/p>\n<p><strong>Holger Kreetz:<\/strong> Die industrielle Transformation ist herausfordernd, gerade auch deren schnelle und bezahlbare Umsetzung, um Wohlstand und Arbeitspl\u00e4tze in Europa nachhaltig zu sichern. Dies erfordert Technologieoffenheit, diese bleibt eine wichtige Grundvoraussetzung f\u00fcr Innovation, hierauf k\u00f6nnen wir im Zuge der Transformation des Energiesektors mit den ambitionierten Dekarbonisierungszielen nicht verzichten. Zu starre bzw. ideologisch erschwerte Bedingungen f\u00fcr Technologien in Gesetzen und dem untergesetzlichen Regelwerk bringen die Energiewende nicht nach vorne. Lassen Sie mich ein konkretes Beispiel geben.<\/p>\n<p><!-- \/wp:paragraph --><\/p>\n<p>Es besteht z. B. ein Bedarf an Technologieneutralit\u00e4t und Pragmatismus, wenn es um kohlenstoffarmen Wasserstoff geht: Die aktuellen geopolitischen Ereignisse und der Krieg in der Ukraine verleihen dem \u00dcbergang Europas zu einer Netto-Null-Energieversorgung eine neue, noch sch\u00e4rfere strategische Dimension. Wasserstoff ist mehr denn je entscheidend f\u00fcr die Dekarbonisierung und Diversifizierung unseres Energiemixes. Angesichts des Ausma\u00dfes der Herausforderungen, vor denen wir stehen, werden alle Wasserstoffquellen ben\u00f6tigt: kurz- und mittelfristig kohlenstoffarmer Wasserstoff und mittel- und langfristig erneuerbarer Wasserstoff. Damit sich Wasserstoff rasch durchsetzen kann, sollten Kosteneffizienz, Kostenwirksamkeit und Technologieneutralit\u00e4t im Mittelpunkt stehen. Dies erfordert klare Definitionen f\u00fcr kohlenstoffarmen und erneuerbaren Wasserstoff, die sich auf den Kohlenstoffgehalt dieser Gase st\u00fctzen sollten. Um die Kostenl\u00fccke zwischen erneuerbarem\/kohlenstoffarmem Wasserstoff und seinen fossilen \u00c4quivalenten weiter zu schlie\u00dfen, k\u00f6nnten nachfrageseitige Ma\u00dfnahmen wie Quoten und Kohlenstoffdifferenzvertr\u00e4ge (\u02bbCCfD\u02bc) gef\u00f6rdert werden, sofern sie die Anreize des EU-Emissionshandelssystems nicht untergraben oder ersetzen.<\/p>\n<p><!-- wp:paragraph --><\/p>\n<p><span style=\"color: #d51030;\"><strong>Johann Terres:<\/strong> <strong>Welchen Beitrag k\u00f6nnte Technologieoffenheit Ihrer Meinung nach zur Versorgungssicherheit leisten?<\/strong><\/span><\/p>\n<p><!-- wp:paragraph --><\/p>\n<p><strong>Holger Kreetz:<\/strong> Technologieoffenheit f\u00f6rdert die Entwicklung und Integration unterschiedlicher Energietr\u00e4ger und Technologien. Damit k\u00f6nnen wir flexibler auf die sich \u00e4ndernden Bed\u00fcrfnisse und Ressourcenanforderungen reagieren und reduzieren so das Risiko von Engp\u00e4ssen und St\u00f6rungen. Technologieoffenheit erm\u00f6glicht eine Anpassung an die Herausforderungen, die uns im Rahmen der Energiewende in den n\u00e4chsten Jahren begegnen werden.<\/p>\n<p><!-- wp:paragraph --><\/p>\n<p>Mit Blick auf die Versorgungssicherheit Strom: Deutschland braucht eine zukunftsgerichtete Strategie f\u00fcr die Stromerzeugung. Wir steigen aus Kohle und Kernkraft aus, aber wir steigen nirgendwo ein. Deutschland braucht jetzt einen Kapazit\u00e4tsmarkt, technologieoffen und umfassend. Nur so kann dauerhaft gew\u00e4hrleistet werden, dass die Spitzenlast auch gedeckt wird, also auch in Zukunft von einer Dunkelflaute im Winter keine Gefahr f\u00fcr den deutschen Strommarkt ausgeht. Daher ist wichtig, den \u00dcbergang der Neukraftwerke in ein zuk\u00fcnftiges Kapazit\u00e4tsmarktregime bereits jetzt zu regeln, damit dies von den Marktakteuren eingepreist werden kann. Dabei ist Technologieoffenheit beim Neubau sehr zu empfehlen, damit die Fokussierung auf H2-ready-Kraftwerke andere Wege der Dekarbonisierung (z.B. Biomasse, Hydrierte Pflanzen\u00f6le, CCS\/CCU) nicht fr\u00fchzeitig ausschlie\u00dft.<\/p>\n<p><!-- wp:paragraph --><\/p>\n<p>Auch f\u00fcr die zuk\u00fcnftige sichere Versorgung mit Gas, das wir bei Uniper zunehmend dekarbonisieren wollen, ist ein technologieoffener Ansatz mit verschiedenen Instrumenten wesentlich. Die Umstellung vom klassischen Erdgas auf klimafreundlicheren Wasserstoff wird nicht anders funktionieren. Der Markthochlauf von Wasserstoff muss vom Kunden her gedacht werden: Vor allem gr\u00fcner Wasserstoff, ist heute noch signifikant teurer als Vergleichsprodukte. Hier brauchen wir also Mechanismen, um Kunden langfristig an die notwendigen Asset-Investitionen zu binden. Das kann man z. B. \u00fcber sog. Contracts for Difference oder \u00e4hnliche Instrumente erreichen. Parallel muss der Ausbau der erneuerbaren Stromerzeugung mit h\u00f6chster Priorit\u00e4t vorangetrieben werden, denn nur mit Gr\u00fcnem Strom zu wirtschaftlichen Konditionen kann die Gr\u00fcne Wasserstoffproduktion wettbewerbsf\u00e4hig werden. F\u00fcr die n\u00e4chste Marktphase brauchen wir den Hochlauf der Infrastruktur: Netze, Speicher und Import-Terminals. So brauchen wir etwa bei den Import-Terminals schnellstm\u00f6glich einen klaren Investitionsrahmen. Allein in Deutschland werden wir bis 2030 Terminal-Importkapazit\u00e4ten in einem Volumen von 45 bis 70 TWh brauchen. Davon k\u00f6nnten wir mit unserem Projekt \u201eGreen Wilhelmshaven\u201c, einem vergleichsweise gro\u00dfen Projekt, 10 bis 15% sichern. Technologieoffenheit tr\u00e4gt ingesamt dazu bei, die Versorgungssicherheit zu st\u00e4rken, indem sie Flexibilit\u00e4t und Anpassungsf\u00e4higkeit in einem sich wandelnden Energiesystem erm\u00f6glicht.<\/p>\t\t\t\t\t\t<\/div>\n\t\t\t\t<\/div>\n\t\t\t\t\t<\/div>\n\t\t<\/div>\n\t\t\t\t<div class=\"elementor-column elementor-col-33 elementor-top-column elementor-element elementor-element-8c9392a\" data-id=\"8c9392a\" data-element_type=\"column\" data-settings=\"{&quot;grandconference_ext_link_sidemenu&quot;:&quot;false&quot;,&quot;grandconference_ext_link_fullmenu&quot;:&quot;false&quot;,&quot;grandconference_ext_link_closed_fullmenu&quot;:&quot;false&quot;,&quot;grandconference_ext_is_sticky&quot;:&quot;false&quot;,&quot;grandconference_ext_is_scrollme&quot;:&quot;false&quot;,&quot;grandconference_ext_is_smoove&quot;:&quot;false&quot;,&quot;grandconference_ext_is_parallax_mouse&quot;:&quot;false&quot;,&quot;grandconference_ext_is_infinite&quot;:&quot;false&quot;,&quot;grandconference_ext_is_fadeout_animation&quot;:&quot;false&quot;,&quot;grandconference_ext_mobile_static&quot;:&quot;false&quot;}\">\n\t\t\t<div class=\"elementor-widget-wrap elementor-element-populated\">\n\t\t\t\t\t\t<div class=\"elementor-element elementor-element-ecae7a7 elementor-widget elementor-widget-spacer\" data-id=\"ecae7a7\" data-element_type=\"widget\" data-settings=\"{&quot;grandconference_ext_link_sidemenu&quot;:&quot;false&quot;,&quot;grandconference_ext_link_fullmenu&quot;:&quot;false&quot;,&quot;grandconference_ext_link_closed_fullmenu&quot;:&quot;false&quot;,&quot;grandconference_ext_is_sticky&quot;:&quot;false&quot;,&quot;grandconference_ext_is_scrollme&quot;:&quot;false&quot;,&quot;grandconference_ext_is_smoove&quot;:&quot;false&quot;,&quot;grandconference_ext_is_parallax_mouse&quot;:&quot;false&quot;,&quot;grandconference_ext_is_infinite&quot;:&quot;false&quot;,&quot;grandconference_ext_is_fadeout_animation&quot;:&quot;false&quot;,&quot;grandconference_ext_mobile_static&quot;:&quot;false&quot;}\" data-widget_type=\"spacer.default\">\n\t\t\t\t<div class=\"elementor-widget-container\">\n\t\t\t\t\t<div class=\"elementor-spacer\">\n\t\t\t<div class=\"elementor-spacer-inner\"><\/div>\n\t\t<\/div>\n\t\t\t\t<\/div>\n\t\t\t\t<\/div>\n\t\t\t\t<div class=\"elementor-element elementor-element-4aaab46 elementor-widget elementor-widget-text-editor\" data-id=\"4aaab46\" data-element_type=\"widget\" data-settings=\"{&quot;grandconference_ext_link_sidemenu&quot;:&quot;false&quot;,&quot;grandconference_ext_link_fullmenu&quot;:&quot;false&quot;,&quot;grandconference_ext_link_closed_fullmenu&quot;:&quot;false&quot;,&quot;grandconference_ext_is_sticky&quot;:&quot;false&quot;,&quot;grandconference_ext_is_scrollme&quot;:&quot;false&quot;,&quot;grandconference_ext_is_smoove&quot;:&quot;false&quot;,&quot;grandconference_ext_is_parallax_mouse&quot;:&quot;false&quot;,&quot;grandconference_ext_is_infinite&quot;:&quot;false&quot;,&quot;grandconference_ext_is_fadeout_animation&quot;:&quot;false&quot;,&quot;grandconference_ext_mobile_static&quot;:&quot;false&quot;}\" data-widget_type=\"text-editor.default\">\n\t\t\t\t<div class=\"elementor-widget-container\">\n\t\t\t\t\t\t\t<h4 style=\"text-align: center;\">Autor<\/h4>\t\t\t\t\t\t<\/div>\n\t\t\t\t<\/div>\n\t\t\t\t<div class=\"elementor-element elementor-element-9326bb9 elementor-widget elementor-widget-text-editor\" data-id=\"9326bb9\" data-element_type=\"widget\" data-settings=\"{&quot;grandconference_ext_link_sidemenu&quot;:&quot;false&quot;,&quot;grandconference_ext_link_fullmenu&quot;:&quot;false&quot;,&quot;grandconference_ext_link_closed_fullmenu&quot;:&quot;false&quot;,&quot;grandconference_ext_is_sticky&quot;:&quot;false&quot;,&quot;grandconference_ext_is_scrollme&quot;:&quot;false&quot;,&quot;grandconference_ext_is_smoove&quot;:&quot;false&quot;,&quot;grandconference_ext_is_parallax_mouse&quot;:&quot;false&quot;,&quot;grandconference_ext_is_infinite&quot;:&quot;false&quot;,&quot;grandconference_ext_is_fadeout_animation&quot;:&quot;false&quot;,&quot;grandconference_ext_mobile_static&quot;:&quot;false&quot;}\" data-widget_type=\"text-editor.default\">\n\t\t\t\t<div class=\"elementor-widget-container\">\n\t\t\t\t\t\t\t<p><img decoding=\"async\" class=\"aligncenter wp-image-7283 size-thumbnail\" src=\"https:\/\/www.energiecrossmedial.de\/wp-content\/uploads\/2023\/12\/Terres_800x800-150x150.png\" alt=\"\" width=\"150\" height=\"150\" \/><\/p>\n<h3 style=\"text-align: center;\">Johann Terres<\/h3>\n<p style=\"text-align: center;\">FSJ-Politik<br \/>+49 30 \/ 72 61 59 98 \u2013 6<br \/><a href=\"mailto:terres@zukunftsenergien.de\"><span class=\"color_red\">terres@zukunftsenergien.de<\/span><\/a><\/p>\t\t\t\t\t\t<\/div>\n\t\t\t\t<\/div>\n\t\t\t\t<div class=\"elementor-element elementor-element-41dd8d2 elementor-grid-2 elementor-grid-tablet-2 elementor-grid-mobile-1 elementor-widget elementor-widget-portfolio\" data-id=\"41dd8d2\" data-element_type=\"widget\" data-settings=\"{&quot;columns&quot;:&quot;2&quot;,&quot;masonry&quot;:&quot;yes&quot;,&quot;row_gap&quot;:{&quot;unit&quot;:&quot;px&quot;,&quot;size&quot;:5,&quot;sizes&quot;:[]},&quot;columns_tablet&quot;:&quot;2&quot;,&quot;columns_mobile&quot;:&quot;1&quot;,&quot;item_gap&quot;:{&quot;unit&quot;:&quot;px&quot;,&quot;size&quot;:&quot;&quot;,&quot;sizes&quot;:[]},&quot;grandconference_ext_link_sidemenu&quot;:&quot;false&quot;,&quot;grandconference_ext_link_fullmenu&quot;:&quot;false&quot;,&quot;grandconference_ext_link_closed_fullmenu&quot;:&quot;false&quot;,&quot;grandconference_ext_is_sticky&quot;:&quot;false&quot;,&quot;grandconference_ext_is_scrollme&quot;:&quot;false&quot;,&quot;grandconference_ext_is_smoove&quot;:&quot;false&quot;,&quot;grandconference_ext_is_parallax_mouse&quot;:&quot;false&quot;,&quot;grandconference_ext_is_infinite&quot;:&quot;false&quot;,&quot;grandconference_ext_is_fadeout_animation&quot;:&quot;false&quot;,&quot;grandconference_ext_mobile_static&quot;:&quot;false&quot;}\" data-widget_type=\"portfolio.default\">\n\t\t\t\t<div class=\"elementor-widget-container\">\n\t\t\t\t\t<div class=\"elementor-portfolio elementor-grid elementor-posts-container\">\n\t\t\t\t<article class=\"elementor-portfolio-item elementor-post  post-8189 post type-post status-publish format-standard has-post-thumbnail hentry category-allgemein category-interviews-2024\">\n\t\t\t<a class=\"elementor-post__thumbnail__link\" href=\"https:\/\/www.energiecrossmedial.de\/index.php\/2024\/03\/04\/interview-mit-achim-bothe\/\">\n\t\t\t\t<div class=\"elementor-portfolio-item__img elementor-post__thumbnail\">\n\t\t\t<img decoding=\"async\" width=\"150\" height=\"150\" src=\"https:\/\/www.energiecrossmedial.de\/wp-content\/uploads\/2024\/03\/Achim_Bothe-150x150.jpg\" class=\"attachment-thumbnail size-thumbnail wp-image-8212\" alt=\"\" \/>\t\t<\/div>\n\t\t\t\t<div class=\"elementor-portfolio-item__overlay\">\n\t\t\t\t<h3 class=\"elementor-portfolio-item__title\">\n\t\tInterview mit Achim Bothe\t\t<\/h3>\n\t\t\t\t<\/div>\n\t\t\t\t<\/a>\n\t\t<\/article>\n\t\t\t\t<article class=\"elementor-portfolio-item elementor-post  post-8137 post type-post status-publish format-standard has-post-thumbnail hentry category-allgemein category-interviews-2024\">\n\t\t\t<a class=\"elementor-post__thumbnail__link\" href=\"https:\/\/www.energiecrossmedial.de\/index.php\/2024\/03\/01\/interview-mit-prof-dr-gerald-linke\/\">\n\t\t\t\t<div class=\"elementor-portfolio-item__img elementor-post__thumbnail\">\n\t\t\t<img loading=\"lazy\" decoding=\"async\" width=\"150\" height=\"150\" src=\"https:\/\/www.energiecrossmedial.de\/wp-content\/uploads\/2024\/02\/gerald-linke-dvgw-150x150.jpg\" class=\"attachment-thumbnail size-thumbnail wp-image-8175\" alt=\"\" \/>\t\t<\/div>\n\t\t\t\t<div class=\"elementor-portfolio-item__overlay\">\n\t\t\t\t<h3 class=\"elementor-portfolio-item__title\">\n\t\tInterview mit Prof. Dr. Gerald Linke\t\t<\/h3>\n\t\t\t\t<\/div>\n\t\t\t\t<\/a>\n\t\t<\/article>\n\t\t\t\t<article class=\"elementor-portfolio-item elementor-post  post-8124 post type-post status-publish format-standard has-post-thumbnail hentry category-allgemein category-interviews-2024\">\n\t\t\t<a class=\"elementor-post__thumbnail__link\" href=\"https:\/\/www.energiecrossmedial.de\/index.php\/2024\/02\/27\/interview-mit-prof-dr-joerg-steinbach\/\">\n\t\t\t\t<div class=\"elementor-portfolio-item__img elementor-post__thumbnail\">\n\t\t\t<img loading=\"lazy\" decoding=\"async\" width=\"150\" height=\"150\" src=\"https:\/\/www.energiecrossmedial.de\/wp-content\/uploads\/2024\/02\/Steinbach_20_small_Till_Budde-150x150.jpg\" class=\"attachment-thumbnail size-thumbnail wp-image-8147\" alt=\"\" \/>\t\t<\/div>\n\t\t\t\t<div class=\"elementor-portfolio-item__overlay\">\n\t\t\t\t<h3 class=\"elementor-portfolio-item__title\">\n\t\tInterview mit Prof. Dr. J\u00f6rg Steinbach\t\t<\/h3>\n\t\t\t\t<\/div>\n\t\t\t\t<\/a>\n\t\t<\/article>\n\t\t\t\t<article class=\"elementor-portfolio-item elementor-post  post-8114 post type-post status-publish format-standard has-post-thumbnail hentry category-allgemein category-interviews-2024\">\n\t\t\t<a class=\"elementor-post__thumbnail__link\" href=\"https:\/\/www.energiecrossmedial.de\/index.php\/2024\/02\/26\/interview-mit-dr-martin-wansleben\/\">\n\t\t\t\t<div class=\"elementor-portfolio-item__img elementor-post__thumbnail\">\n\t\t\t<img loading=\"lazy\" decoding=\"async\" width=\"150\" height=\"150\" src=\"https:\/\/www.energiecrossmedial.de\/wp-content\/uploads\/2024\/02\/MK3_5545-Bearbeitet-150x150.jpg\" class=\"attachment-thumbnail size-thumbnail wp-image-8145\" alt=\"\" \/>\t\t<\/div>\n\t\t\t\t<div class=\"elementor-portfolio-item__overlay\">\n\t\t\t\t<h3 class=\"elementor-portfolio-item__title\">\n\t\tInterview mit Dr. Martin Wansleben\t\t<\/h3>\n\t\t\t\t<\/div>\n\t\t\t\t<\/a>\n\t\t<\/article>\n\t\t\t\t<\/div>\n\t\t\t\t<\/div>\n\t\t\t\t<\/div>\n\t\t\t\t\t<\/div>\n\t\t<\/div>\n\t\t\t\t\t<\/div>\n\t\t<\/section>\n\t\t\t\t<\/div>\n\t\t","protected":false},"excerpt":{"rendered":"<p>Im Interview umrei\u00dft Holger Kreetz, Cief Operating Officer von Uniper, seine Perspektive zur Ber\u00fccksichtung der Technolieoffenheit beim Zubau von H2-Ready Kraftwerken und ihrer Rolle bei der Versorgungssicherheit in Deutschland, die er am 5. M\u00e4rz auf der Konferenz darlegen wird.<\/p>\n","protected":false},"author":7,"featured_media":8000,"comment_status":"open","ping_status":"open","sticky":false,"template":"","format":"standard","meta":{"_acf_changed":false,"_jetpack_memberships_contains_paid_content":false,"footnotes":""},"categories":[1,114],"tags":[],"class_list":["post-7982","post","type-post","status-publish","format-standard","has-post-thumbnail","hentry","category-allgemein","category-interviews-2024"],"acf":[],"yoast_head":"<!-- This site is optimized with the Yoast SEO plugin v24.0 - https:\/\/yoast.com\/wordpress\/plugins\/seo\/ -->\n<title>Interview mit Holger Kreetz - ENERGIE.CROSS.MEDIAL<\/title>\n<meta name=\"robots\" content=\"index, follow, max-snippet:-1, max-image-preview:large, max-video-preview:-1\" \/>\n<link rel=\"canonical\" href=\"https:\/\/www.energiecrossmedial.de\/index.php\/2024\/02\/13\/interview-mit-holger-kreetz\/\" \/>\n<meta property=\"og:locale\" content=\"de_DE\" \/>\n<meta property=\"og:type\" content=\"article\" \/>\n<meta property=\"og:title\" content=\"Interview mit Holger Kreetz - ENERGIE.CROSS.MEDIAL\" \/>\n<meta property=\"og:description\" content=\"Im Interview umrei\u00dft Holger Kreetz, Cief Operating Officer von Uniper, seine Perspektive zur Ber\u00fccksichtung der Technolieoffenheit beim Zubau von H2-Ready Kraftwerken und ihrer Rolle bei der Versorgungssicherheit in Deutschland, die er am 5. M\u00e4rz auf der Konferenz darlegen wird.\" \/>\n<meta property=\"og:url\" content=\"https:\/\/www.energiecrossmedial.de\/index.php\/2024\/02\/13\/interview-mit-holger-kreetz\/\" \/>\n<meta property=\"og:site_name\" content=\"ENERGIE.CROSS.MEDIAL\" \/>\n<meta property=\"article:published_time\" content=\"2024-02-13T09:44:03+00:00\" \/>\n<meta property=\"article:modified_time\" content=\"2024-02-13T10:06:19+00:00\" \/>\n<meta property=\"og:image\" content=\"https:\/\/www.energiecrossmedial.de\/wp-content\/uploads\/2024\/02\/Holger_Kreetz-6-1024x705.jpg\" \/>\n\t<meta property=\"og:image:width\" content=\"1024\" \/>\n\t<meta property=\"og:image:height\" content=\"705\" \/>\n\t<meta property=\"og:image:type\" content=\"image\/jpeg\" \/>\n<meta name=\"author\" content=\"Johann Terres\" \/>\n<meta name=\"twitter:card\" content=\"summary_large_image\" \/>\n<meta name=\"twitter:creator\" content=\"@EnergieXMedial\" \/>\n<meta name=\"twitter:site\" content=\"@EnergieXMedial\" \/>\n<meta name=\"twitter:label1\" content=\"Verfasst von\" \/>\n\t<meta name=\"twitter:data1\" content=\"Johann Terres\" \/>\n\t<meta name=\"twitter:label2\" content=\"Gesch\u00e4tzte Lesezeit\" \/>\n\t<meta name=\"twitter:data2\" content=\"6\u00a0Minuten\" \/>\n<script type=\"application\/ld+json\" class=\"yoast-schema-graph\">{\"@context\":\"https:\/\/schema.org\",\"@graph\":[{\"@type\":\"Article\",\"@id\":\"https:\/\/www.energiecrossmedial.de\/index.php\/2024\/02\/13\/interview-mit-holger-kreetz\/#article\",\"isPartOf\":{\"@id\":\"https:\/\/www.energiecrossmedial.de\/index.php\/2024\/02\/13\/interview-mit-holger-kreetz\/\"},\"author\":{\"name\":\"Johann Terres\",\"@id\":\"https:\/\/www.energiecrossmedial.de\/#\/schema\/person\/c47b77575fdae990fb185d6b00f52a75\"},\"headline\":\"Interview mit Holger Kreetz\",\"datePublished\":\"2024-02-13T09:44:03+00:00\",\"dateModified\":\"2024-02-13T10:06:19+00:00\",\"mainEntityOfPage\":{\"@id\":\"https:\/\/www.energiecrossmedial.de\/index.php\/2024\/02\/13\/interview-mit-holger-kreetz\/\"},\"wordCount\":1042,\"commentCount\":0,\"publisher\":{\"@id\":\"https:\/\/www.energiecrossmedial.de\/#organization\"},\"image\":{\"@id\":\"https:\/\/www.energiecrossmedial.de\/index.php\/2024\/02\/13\/interview-mit-holger-kreetz\/#primaryimage\"},\"thumbnailUrl\":\"https:\/\/www.energiecrossmedial.de\/wp-content\/uploads\/2024\/02\/Holger_Kreetz-6.jpg\",\"articleSection\":{\"1\":\"Interviews 2024\"},\"inLanguage\":\"de\",\"potentialAction\":[{\"@type\":\"CommentAction\",\"name\":\"Comment\",\"target\":[\"https:\/\/www.energiecrossmedial.de\/index.php\/2024\/02\/13\/interview-mit-holger-kreetz\/#respond\"]}]},{\"@type\":\"WebPage\",\"@id\":\"https:\/\/www.energiecrossmedial.de\/index.php\/2024\/02\/13\/interview-mit-holger-kreetz\/\",\"url\":\"https:\/\/www.energiecrossmedial.de\/index.php\/2024\/02\/13\/interview-mit-holger-kreetz\/\",\"name\":\"Interview mit Holger Kreetz - ENERGIE.CROSS.MEDIAL\",\"isPartOf\":{\"@id\":\"https:\/\/www.energiecrossmedial.de\/#website\"},\"primaryImageOfPage\":{\"@id\":\"https:\/\/www.energiecrossmedial.de\/index.php\/2024\/02\/13\/interview-mit-holger-kreetz\/#primaryimage\"},\"image\":{\"@id\":\"https:\/\/www.energiecrossmedial.de\/index.php\/2024\/02\/13\/interview-mit-holger-kreetz\/#primaryimage\"},\"thumbnailUrl\":\"https:\/\/www.energiecrossmedial.de\/wp-content\/uploads\/2024\/02\/Holger_Kreetz-6.jpg\",\"datePublished\":\"2024-02-13T09:44:03+00:00\",\"dateModified\":\"2024-02-13T10:06:19+00:00\",\"breadcrumb\":{\"@id\":\"https:\/\/www.energiecrossmedial.de\/index.php\/2024\/02\/13\/interview-mit-holger-kreetz\/#breadcrumb\"},\"inLanguage\":\"de\",\"potentialAction\":[{\"@type\":\"ReadAction\",\"target\":[\"https:\/\/www.energiecrossmedial.de\/index.php\/2024\/02\/13\/interview-mit-holger-kreetz\/\"]}]},{\"@type\":\"ImageObject\",\"inLanguage\":\"de\",\"@id\":\"https:\/\/www.energiecrossmedial.de\/index.php\/2024\/02\/13\/interview-mit-holger-kreetz\/#primaryimage\",\"url\":\"https:\/\/www.energiecrossmedial.de\/wp-content\/uploads\/2024\/02\/Holger_Kreetz-6.jpg\",\"contentUrl\":\"https:\/\/www.energiecrossmedial.de\/wp-content\/uploads\/2024\/02\/Holger_Kreetz-6.jpg\",\"width\":5256,\"height\":3621},{\"@type\":\"BreadcrumbList\",\"@id\":\"https:\/\/www.energiecrossmedial.de\/index.php\/2024\/02\/13\/interview-mit-holger-kreetz\/#breadcrumb\",\"itemListElement\":[{\"@type\":\"ListItem\",\"position\":1,\"name\":\"Startseite\",\"item\":\"https:\/\/www.energiecrossmedial.de\/\"},{\"@type\":\"ListItem\",\"position\":2,\"name\":\"Interview mit Holger Kreetz\"}]},{\"@type\":\"WebSite\",\"@id\":\"https:\/\/www.energiecrossmedial.de\/#website\",\"url\":\"https:\/\/www.energiecrossmedial.de\/\",\"name\":\"ENERGIE.CROSS.MEDIAL - das forum der energiewende\",\"description\":\"das forum der energiewende\",\"publisher\":{\"@id\":\"https:\/\/www.energiecrossmedial.de\/#organization\"},\"potentialAction\":[{\"@type\":\"SearchAction\",\"target\":{\"@type\":\"EntryPoint\",\"urlTemplate\":\"https:\/\/www.energiecrossmedial.de\/?s={search_term_string}\"},\"query-input\":{\"@type\":\"PropertyValueSpecification\",\"valueRequired\":true,\"valueName\":\"search_term_string\"}}],\"inLanguage\":\"de\"},{\"@type\":\"Organization\",\"@id\":\"https:\/\/www.energiecrossmedial.de\/#organization\",\"name\":\"ENERGIE.CROSS.MEDIAL - das forum der energiewende\",\"url\":\"https:\/\/www.energiecrossmedial.de\/\",\"logo\":{\"@type\":\"ImageObject\",\"inLanguage\":\"de\",\"@id\":\"https:\/\/www.energiecrossmedial.de\/#\/schema\/logo\/image\/\",\"url\":\"https:\/\/www.energiecrossmedial.de\/wp-content\/uploads\/2023\/09\/cropped-Website_Icon.png\",\"contentUrl\":\"https:\/\/www.energiecrossmedial.de\/wp-content\/uploads\/2023\/09\/cropped-Website_Icon.png\",\"width\":512,\"height\":512,\"caption\":\"ENERGIE.CROSS.MEDIAL - das forum der energiewende\"},\"image\":{\"@id\":\"https:\/\/www.energiecrossmedial.de\/#\/schema\/logo\/image\/\"},\"sameAs\":[\"https:\/\/x.com\/EnergieXMedial\",\"https:\/\/www.linkedin.com\/company\/zukunftsenergien\/\"]},{\"@type\":\"Person\",\"@id\":\"https:\/\/www.energiecrossmedial.de\/#\/schema\/person\/c47b77575fdae990fb185d6b00f52a75\",\"name\":\"Johann Terres\",\"image\":{\"@type\":\"ImageObject\",\"inLanguage\":\"de\",\"@id\":\"https:\/\/www.energiecrossmedial.de\/#\/schema\/person\/image\/\",\"url\":\"https:\/\/secure.gravatar.com\/avatar\/d6a1fcc62be2782dcf3c873d73beac90?s=96&d=mm&r=g\",\"contentUrl\":\"https:\/\/secure.gravatar.com\/avatar\/d6a1fcc62be2782dcf3c873d73beac90?s=96&d=mm&r=g\",\"caption\":\"Johann Terres\"},\"url\":\"https:\/\/www.energiecrossmedial.de\/index.php\/author\/terres\/\"}]}<\/script>\n<!-- \/ Yoast SEO plugin. -->","yoast_head_json":{"title":"Interview mit Holger Kreetz - ENERGIE.CROSS.MEDIAL","robots":{"index":"index","follow":"follow","max-snippet":"max-snippet:-1","max-image-preview":"max-image-preview:large","max-video-preview":"max-video-preview:-1"},"canonical":"https:\/\/www.energiecrossmedial.de\/index.php\/2024\/02\/13\/interview-mit-holger-kreetz\/","og_locale":"de_DE","og_type":"article","og_title":"Interview mit Holger Kreetz - ENERGIE.CROSS.MEDIAL","og_description":"Im Interview umrei\u00dft Holger Kreetz, Cief Operating Officer von Uniper, seine Perspektive zur Ber\u00fccksichtung der Technolieoffenheit beim Zubau von H2-Ready Kraftwerken und ihrer Rolle bei der Versorgungssicherheit in Deutschland, die er am 5. M\u00e4rz auf der Konferenz darlegen wird.","og_url":"https:\/\/www.energiecrossmedial.de\/index.php\/2024\/02\/13\/interview-mit-holger-kreetz\/","og_site_name":"ENERGIE.CROSS.MEDIAL","article_published_time":"2024-02-13T09:44:03+00:00","article_modified_time":"2024-02-13T10:06:19+00:00","og_image":[{"width":1024,"height":705,"url":"https:\/\/www.energiecrossmedial.de\/wp-content\/uploads\/2024\/02\/Holger_Kreetz-6-1024x705.jpg","type":"image\/jpeg"}],"author":"Johann Terres","twitter_card":"summary_large_image","twitter_creator":"@EnergieXMedial","twitter_site":"@EnergieXMedial","twitter_misc":{"Verfasst von":"Johann Terres","Gesch\u00e4tzte Lesezeit":"6\u00a0Minuten"},"schema":{"@context":"https:\/\/schema.org","@graph":[{"@type":"Article","@id":"https:\/\/www.energiecrossmedial.de\/index.php\/2024\/02\/13\/interview-mit-holger-kreetz\/#article","isPartOf":{"@id":"https:\/\/www.energiecrossmedial.de\/index.php\/2024\/02\/13\/interview-mit-holger-kreetz\/"},"author":{"name":"Johann Terres","@id":"https:\/\/www.energiecrossmedial.de\/#\/schema\/person\/c47b77575fdae990fb185d6b00f52a75"},"headline":"Interview mit Holger Kreetz","datePublished":"2024-02-13T09:44:03+00:00","dateModified":"2024-02-13T10:06:19+00:00","mainEntityOfPage":{"@id":"https:\/\/www.energiecrossmedial.de\/index.php\/2024\/02\/13\/interview-mit-holger-kreetz\/"},"wordCount":1042,"commentCount":0,"publisher":{"@id":"https:\/\/www.energiecrossmedial.de\/#organization"},"image":{"@id":"https:\/\/www.energiecrossmedial.de\/index.php\/2024\/02\/13\/interview-mit-holger-kreetz\/#primaryimage"},"thumbnailUrl":"https:\/\/www.energiecrossmedial.de\/wp-content\/uploads\/2024\/02\/Holger_Kreetz-6.jpg","articleSection":{"1":"Interviews 2024"},"inLanguage":"de","potentialAction":[{"@type":"CommentAction","name":"Comment","target":["https:\/\/www.energiecrossmedial.de\/index.php\/2024\/02\/13\/interview-mit-holger-kreetz\/#respond"]}]},{"@type":"WebPage","@id":"https:\/\/www.energiecrossmedial.de\/index.php\/2024\/02\/13\/interview-mit-holger-kreetz\/","url":"https:\/\/www.energiecrossmedial.de\/index.php\/2024\/02\/13\/interview-mit-holger-kreetz\/","name":"Interview mit Holger Kreetz - ENERGIE.CROSS.MEDIAL","isPartOf":{"@id":"https:\/\/www.energiecrossmedial.de\/#website"},"primaryImageOfPage":{"@id":"https:\/\/www.energiecrossmedial.de\/index.php\/2024\/02\/13\/interview-mit-holger-kreetz\/#primaryimage"},"image":{"@id":"https:\/\/www.energiecrossmedial.de\/index.php\/2024\/02\/13\/interview-mit-holger-kreetz\/#primaryimage"},"thumbnailUrl":"https:\/\/www.energiecrossmedial.de\/wp-content\/uploads\/2024\/02\/Holger_Kreetz-6.jpg","datePublished":"2024-02-13T09:44:03+00:00","dateModified":"2024-02-13T10:06:19+00:00","breadcrumb":{"@id":"https:\/\/www.energiecrossmedial.de\/index.php\/2024\/02\/13\/interview-mit-holger-kreetz\/#breadcrumb"},"inLanguage":"de","potentialAction":[{"@type":"ReadAction","target":["https:\/\/www.energiecrossmedial.de\/index.php\/2024\/02\/13\/interview-mit-holger-kreetz\/"]}]},{"@type":"ImageObject","inLanguage":"de","@id":"https:\/\/www.energiecrossmedial.de\/index.php\/2024\/02\/13\/interview-mit-holger-kreetz\/#primaryimage","url":"https:\/\/www.energiecrossmedial.de\/wp-content\/uploads\/2024\/02\/Holger_Kreetz-6.jpg","contentUrl":"https:\/\/www.energiecrossmedial.de\/wp-content\/uploads\/2024\/02\/Holger_Kreetz-6.jpg","width":5256,"height":3621},{"@type":"BreadcrumbList","@id":"https:\/\/www.energiecrossmedial.de\/index.php\/2024\/02\/13\/interview-mit-holger-kreetz\/#breadcrumb","itemListElement":[{"@type":"ListItem","position":1,"name":"Startseite","item":"https:\/\/www.energiecrossmedial.de\/"},{"@type":"ListItem","position":2,"name":"Interview mit Holger Kreetz"}]},{"@type":"WebSite","@id":"https:\/\/www.energiecrossmedial.de\/#website","url":"https:\/\/www.energiecrossmedial.de\/","name":"ENERGIE.CROSS.MEDIAL - das forum der energiewende","description":"das forum der energiewende","publisher":{"@id":"https:\/\/www.energiecrossmedial.de\/#organization"},"potentialAction":[{"@type":"SearchAction","target":{"@type":"EntryPoint","urlTemplate":"https:\/\/www.energiecrossmedial.de\/?s={search_term_string}"},"query-input":{"@type":"PropertyValueSpecification","valueRequired":true,"valueName":"search_term_string"}}],"inLanguage":"de"},{"@type":"Organization","@id":"https:\/\/www.energiecrossmedial.de\/#organization","name":"ENERGIE.CROSS.MEDIAL - das forum der energiewende","url":"https:\/\/www.energiecrossmedial.de\/","logo":{"@type":"ImageObject","inLanguage":"de","@id":"https:\/\/www.energiecrossmedial.de\/#\/schema\/logo\/image\/","url":"https:\/\/www.energiecrossmedial.de\/wp-content\/uploads\/2023\/09\/cropped-Website_Icon.png","contentUrl":"https:\/\/www.energiecrossmedial.de\/wp-content\/uploads\/2023\/09\/cropped-Website_Icon.png","width":512,"height":512,"caption":"ENERGIE.CROSS.MEDIAL - das forum der energiewende"},"image":{"@id":"https:\/\/www.energiecrossmedial.de\/#\/schema\/logo\/image\/"},"sameAs":["https:\/\/x.com\/EnergieXMedial","https:\/\/www.linkedin.com\/company\/zukunftsenergien\/"]},{"@type":"Person","@id":"https:\/\/www.energiecrossmedial.de\/#\/schema\/person\/c47b77575fdae990fb185d6b00f52a75","name":"Johann Terres","image":{"@type":"ImageObject","inLanguage":"de","@id":"https:\/\/www.energiecrossmedial.de\/#\/schema\/person\/image\/","url":"https:\/\/secure.gravatar.com\/avatar\/d6a1fcc62be2782dcf3c873d73beac90?s=96&d=mm&r=g","contentUrl":"https:\/\/secure.gravatar.com\/avatar\/d6a1fcc62be2782dcf3c873d73beac90?s=96&d=mm&r=g","caption":"Johann Terres"},"url":"https:\/\/www.energiecrossmedial.de\/index.php\/author\/terres\/"}]}},"jetpack_featured_media_url":"https:\/\/www.energiecrossmedial.de\/wp-content\/uploads\/2024\/02\/Holger_Kreetz-6.jpg","jetpack_sharing_enabled":true,"_links":{"self":[{"href":"https:\/\/www.energiecrossmedial.de\/index.php\/wp-json\/wp\/v2\/posts\/7982","targetHints":{"allow":["GET"]}}],"collection":[{"href":"https:\/\/www.energiecrossmedial.de\/index.php\/wp-json\/wp\/v2\/posts"}],"about":[{"href":"https:\/\/www.energiecrossmedial.de\/index.php\/wp-json\/wp\/v2\/types\/post"}],"author":[{"embeddable":true,"href":"https:\/\/www.energiecrossmedial.de\/index.php\/wp-json\/wp\/v2\/users\/7"}],"replies":[{"embeddable":true,"href":"https:\/\/www.energiecrossmedial.de\/index.php\/wp-json\/wp\/v2\/comments?post=7982"}],"version-history":[{"count":16,"href":"https:\/\/www.energiecrossmedial.de\/index.php\/wp-json\/wp\/v2\/posts\/7982\/revisions"}],"predecessor-version":[{"id":8002,"href":"https:\/\/www.energiecrossmedial.de\/index.php\/wp-json\/wp\/v2\/posts\/7982\/revisions\/8002"}],"wp:featuredmedia":[{"embeddable":true,"href":"https:\/\/www.energiecrossmedial.de\/index.php\/wp-json\/wp\/v2\/media\/8000"}],"wp:attachment":[{"href":"https:\/\/www.energiecrossmedial.de\/index.php\/wp-json\/wp\/v2\/media?parent=7982"}],"wp:term":[{"taxonomy":"category","embeddable":true,"href":"https:\/\/www.energiecrossmedial.de\/index.php\/wp-json\/wp\/v2\/categories?post=7982"},{"taxonomy":"post_tag","embeddable":true,"href":"https:\/\/www.energiecrossmedial.de\/index.php\/wp-json\/wp\/v2\/tags?post=7982"}],"curies":[{"name":"wp","href":"https:\/\/api.w.org\/{rel}","templated":true}]}}