{"id":8008,"date":"2024-02-14T12:09:12","date_gmt":"2024-02-14T11:09:12","guid":{"rendered":"https:\/\/www.energiecrossmedial.de\/?p=8008"},"modified":"2024-02-14T12:39:13","modified_gmt":"2024-02-14T11:39:13","slug":"interview-mit-robert-schachtschneider","status":"publish","type":"post","link":"https:\/\/www.energiecrossmedial.de\/index.php\/2024\/02\/14\/interview-mit-robert-schachtschneider\/","title":{"rendered":"Interview mit Robert Schachtschneider"},"content":{"rendered":"\t\t<div data-elementor-type=\"wp-post\" data-elementor-id=\"8008\" class=\"elementor elementor-8008\" data-elementor-post-type=\"post\">\n\t\t\t\t\t\t<section class=\"elementor-section elementor-top-section elementor-element elementor-element-792ffaa elementor-section-boxed elementor-section-height-default elementor-section-height-default\" data-id=\"792ffaa\" data-element_type=\"section\" data-settings=\"{&quot;grandconference_ext_is_background_parallax&quot;:&quot;false&quot;,&quot;grandconference_ext_is_background_backdrop&quot;:&quot;false&quot;,&quot;grandconference_ext_is_background_on_scroll&quot;:&quot;false&quot;}\">\n\t\t\t\t\t\t<div class=\"elementor-container elementor-column-gap-default\">\n\t\t\t\t\t<div class=\"elementor-column elementor-col-100 elementor-top-column elementor-element elementor-element-05f8990\" data-id=\"05f8990\" data-element_type=\"column\" data-settings=\"{&quot;grandconference_ext_link_sidemenu&quot;:&quot;false&quot;,&quot;grandconference_ext_link_fullmenu&quot;:&quot;false&quot;,&quot;grandconference_ext_link_closed_fullmenu&quot;:&quot;false&quot;,&quot;grandconference_ext_is_sticky&quot;:&quot;false&quot;,&quot;grandconference_ext_is_scrollme&quot;:&quot;false&quot;,&quot;grandconference_ext_is_smoove&quot;:&quot;false&quot;,&quot;grandconference_ext_is_parallax_mouse&quot;:&quot;false&quot;,&quot;grandconference_ext_is_infinite&quot;:&quot;false&quot;,&quot;grandconference_ext_is_fadeout_animation&quot;:&quot;false&quot;,&quot;grandconference_ext_mobile_static&quot;:&quot;false&quot;}\">\n\t\t\t<div class=\"elementor-widget-wrap elementor-element-populated\">\n\t\t\t\t\t\t<div class=\"elementor-element elementor-element-1c3448f elementor-widget elementor-widget-heading\" data-id=\"1c3448f\" data-element_type=\"widget\" data-settings=\"{&quot;grandconference_ext_link_sidemenu&quot;:&quot;false&quot;,&quot;grandconference_ext_link_fullmenu&quot;:&quot;false&quot;,&quot;grandconference_ext_link_closed_fullmenu&quot;:&quot;false&quot;,&quot;grandconference_ext_is_sticky&quot;:&quot;false&quot;,&quot;grandconference_ext_is_scrollme&quot;:&quot;false&quot;,&quot;grandconference_ext_is_smoove&quot;:&quot;false&quot;,&quot;grandconference_ext_is_parallax_mouse&quot;:&quot;false&quot;,&quot;grandconference_ext_is_infinite&quot;:&quot;false&quot;,&quot;grandconference_ext_is_fadeout_animation&quot;:&quot;false&quot;,&quot;grandconference_ext_mobile_static&quot;:&quot;false&quot;}\" data-widget_type=\"heading.default\">\n\t\t\t\t<div class=\"elementor-widget-container\">\n\t\t\t<h2 class=\"elementor-heading-title elementor-size-default\">Interview mit Robert Schachtschneider<\/h2>\t\t<\/div>\n\t\t\t\t<\/div>\n\t\t\t\t\t<\/div>\n\t\t<\/div>\n\t\t\t\t\t<\/div>\n\t\t<\/section>\n\t\t\t\t<section class=\"elementor-section elementor-top-section elementor-element elementor-element-1c87428 elementor-section-boxed elementor-section-height-default elementor-section-height-default\" data-id=\"1c87428\" data-element_type=\"section\" data-settings=\"{&quot;grandconference_ext_is_background_parallax&quot;:&quot;false&quot;,&quot;grandconference_ext_is_background_backdrop&quot;:&quot;false&quot;,&quot;grandconference_ext_is_background_on_scroll&quot;:&quot;false&quot;}\">\n\t\t\t\t\t\t<div class=\"elementor-container elementor-column-gap-default\">\n\t\t\t\t\t<div class=\"elementor-column elementor-col-66 elementor-top-column elementor-element elementor-element-010457f\" data-id=\"010457f\" data-element_type=\"column\" data-settings=\"{&quot;grandconference_ext_link_sidemenu&quot;:&quot;false&quot;,&quot;grandconference_ext_link_fullmenu&quot;:&quot;false&quot;,&quot;grandconference_ext_link_closed_fullmenu&quot;:&quot;false&quot;,&quot;grandconference_ext_is_sticky&quot;:&quot;false&quot;,&quot;grandconference_ext_is_scrollme&quot;:&quot;false&quot;,&quot;grandconference_ext_is_smoove&quot;:&quot;false&quot;,&quot;grandconference_ext_is_parallax_mouse&quot;:&quot;false&quot;,&quot;grandconference_ext_is_infinite&quot;:&quot;false&quot;,&quot;grandconference_ext_is_fadeout_animation&quot;:&quot;false&quot;,&quot;grandconference_ext_mobile_static&quot;:&quot;false&quot;}\">\n\t\t\t<div class=\"elementor-widget-wrap elementor-element-populated\">\n\t\t\t\t\t\t<div class=\"elementor-element elementor-element-71cc9b9 elementor-widget elementor-widget-image\" data-id=\"71cc9b9\" data-element_type=\"widget\" data-settings=\"{&quot;grandconference_image_is_animation&quot;:&quot;false&quot;,&quot;grandconference_ext_link_sidemenu&quot;:&quot;false&quot;,&quot;grandconference_ext_link_fullmenu&quot;:&quot;false&quot;,&quot;grandconference_ext_link_closed_fullmenu&quot;:&quot;false&quot;,&quot;grandconference_ext_is_sticky&quot;:&quot;false&quot;,&quot;grandconference_ext_is_scrollme&quot;:&quot;false&quot;,&quot;grandconference_ext_is_smoove&quot;:&quot;false&quot;,&quot;grandconference_ext_is_parallax_mouse&quot;:&quot;false&quot;,&quot;grandconference_ext_is_infinite&quot;:&quot;false&quot;,&quot;grandconference_ext_is_fadeout_animation&quot;:&quot;false&quot;,&quot;grandconference_ext_mobile_static&quot;:&quot;false&quot;}\" data-widget_type=\"image.default\">\n\t\t\t\t<div class=\"elementor-widget-container\">\n\t\t\t\t\t\t\t\t\t\t\t\t\t<img fetchpriority=\"high\" decoding=\"async\" width=\"1600\" height=\"533\" src=\"https:\/\/www.energiecrossmedial.de\/wp-content\/uploads\/2024\/02\/Interview-Banner_Schachtschneider-1200x400px.jpg\" class=\"attachment-full size-full wp-image-8011\" alt=\"\" \/>\t\t\t\t\t\t\t\t\t\t\t\t\t<\/div>\n\t\t\t\t<\/div>\n\t\t\t\t<div class=\"elementor-element elementor-element-24556019 elementor-widget elementor-widget-text-editor\" data-id=\"24556019\" data-element_type=\"widget\" data-settings=\"{&quot;grandconference_ext_link_sidemenu&quot;:&quot;false&quot;,&quot;grandconference_ext_link_fullmenu&quot;:&quot;false&quot;,&quot;grandconference_ext_link_closed_fullmenu&quot;:&quot;false&quot;,&quot;grandconference_ext_is_sticky&quot;:&quot;false&quot;,&quot;grandconference_ext_is_scrollme&quot;:&quot;false&quot;,&quot;grandconference_ext_is_smoove&quot;:&quot;false&quot;,&quot;grandconference_ext_is_parallax_mouse&quot;:&quot;false&quot;,&quot;grandconference_ext_is_infinite&quot;:&quot;false&quot;,&quot;grandconference_ext_is_fadeout_animation&quot;:&quot;false&quot;,&quot;grandconference_ext_mobile_static&quot;:&quot;false&quot;}\" data-widget_type=\"text-editor.default\">\n\t\t\t\t<div class=\"elementor-widget-container\">\n\t\t\t\t\t\t\t<!-- wp:paragraph -->\n<p><strong>Zur Vorbereitung der ENERGIE.CROSS.MEDIAL 2024 sprach Johann Terres mit <a href=\"https:\/\/www.energiecrossmedial.de\/index.php\/speaker\/robert-schachtschneider\/\">Robert Schachtschneider<\/a>, Bereichsleiter Energie und Klima in der Hauptstadtrepr\u00e4sentanz der <a href=\"https:\/\/gruppe.schwarz\/\">Schwarz Gruppe<\/a>. <\/strong><\/p>\n<!-- \/wp:paragraph --><!-- wp:paragraph {\"style\":{\"elements\":{\"link\":{\"color\":{\"text\":\"var:preset|color|black\"}}}},\"textColor\":\"black\"} -->\n<p class=\"has-black-color has-text-color has-link-color\"><span style=\"color: #d51030;\"><strong>Johann Terres:<\/strong> <strong>Herr Schachtschneider, seit knapp anderthalb Jahren sind Sie in der Hauptstadtrepr\u00e4sentanz der Unternehmen der Schwarz Gruppe f\u00fcr Energie &amp; Klima zust\u00e4ndig. Erl\u00e4utern Sie uns bitte kurz, inwiefern die Gesch\u00e4ftsaktivit\u00e4ten der Unternehmen der Schwarz Gruppe in Zusammenhang mit der Energiewende stehen.<\/strong><\/span><br \/><br \/><strong>Robert Schachtschneider:<\/strong> Als international t\u00e4tige Handelsgruppe mit rund 575.000 Mitarbeitern in 32 L\u00e4ndern wollen die Unternehmen der Schwarz Gruppe eine lebenswerte und nachhaltige Zukunft gestalten und zu einer verantwortungsvollen Wirtschaft beitragen. Neben unseren Handelssparten Lidl und Kaufland bilden die Schwarz Produktion in der Lebensmittelherstellung und der Umweltdienstleister PreZero im Abfall- und Recyclingmanagement den gesamten Wertsch\u00f6pfungskreislauf ab. Dar\u00fcber hinaus bietet Schwarz Digits \u00fcberzeugende digitale Produkte und Services an, die den hohen deutschen Datenschutzstandards entsprechen, wie beispielsweise Cloud- (STACKIT) und Cybersicherheitsl\u00f6sungen (XM Cyber).<\/p>\n<!-- \/wp:paragraph --><!-- wp:paragraph -->\n<p>Zusammen verbrauchen wir viel Energie. Als Teil der Science Based Target Initiative setzen wir uns entsprechend ehrgeizige Ziele, um unsere betrieblichen CO<sub>2<\/sub>-Emissionen zu verringern. Bis zum Jahr 2030 wollen wir diese um 55 Prozent gegen\u00fcber 2019 reduzieren. Das Fundament hierf\u00fcr ist die gemeinsam erarbeitete Klimastrategie der Unternehmen der Schwarz Gruppe. Im Fokus steht in erster Linie die Reduktion von CO<sub>2<\/sub>&#8211; und anderen Treibhausgasemissionen, indem wir unter anderem auf Energieeffizienz und erneuerbare Energien setzen. So werden auf zahlreichen D\u00e4chern von Geb\u00e4uden der Unternehmen der Schwarz Gruppe auf einer Fl\u00e4che von rund 2,4 Millionen Quadratmetern mit Photovoltaikanlagen knapp\u00a0300 Millionen Kilowattstunden\u00a0Strom produziert. Das entspricht der Fl\u00e4che von 342 Fu\u00dfballfeldern. Dar\u00fcber hinaus unterst\u00fctzen wir die Verkehrswende mit dem Ausbau der Ladeinfrastruktur. Gruppenweit waren es zum Ende des Gesch\u00e4ftsjahres 2022 \u00fcber 11.600 E-Ladepunkte an rund 3.570 Standorten. Zudem legen wir auch gro\u00dfen Wert auf eine klimafreundliche Bauweise von Filialen, Verwaltungsgeb\u00e4uden und Logistikzentren.<\/p>\n<!-- \/wp:paragraph --><!-- wp:paragraph {\"style\":{\"color\":{\"text\":\"#d51030\"},\"elements\":{\"link\":{\"color\":{\"text\":\"#d51030\"}}}}} -->\n<p class=\"has-text-color has-link-color\" style=\"color: #d51030;\"><strong>Johann Terres:<\/strong> <strong>Auf der ENERGIE.CROSS.MEDIAL 2024 werden Sie in Themensession 2 \u201eTransformation der Infrastrukturen \u2013 Wie kann die Gleichzeitig gelingen?\u201c als Kunde der Netzbetreiber sprechen. Welche Herausforderungen ergeben sich hierbei f\u00fcr den Handel? <\/strong><\/p>\n<!-- \/wp:paragraph --><!-- wp:paragraph -->\n<p><strong>Robert Schachtchneider:<\/strong> Beim Umbau der Infrastruktur schauen wir in erster Linie auf das Thema Versorgungssicherheit. Als Handelsgruppe sind wir auf funktionierende und verl\u00e4ssliche Lieferketten angewiesen. In gewisser Weise ist die verl\u00e4ssliche Versorgung der Filialen, K\u00fchllager und Lebensmittelfabriken unserer Handelssparten mit Strom und Gas eine Lieferkette, deren Unterbrechung fatale Folgen haben kann. Der Krieg in der Ukraine und die damit einhergehende Energiekrise in Deutschland haben gezeigt, wie verwundbar unsere Energieversorgung ist und wie wichtig und notwendig es ist, die Transformation der Infrastruktur endlich zu beschleunigen. Dabei m\u00fcssen die Potenziale der Erneuerbaren gehoben, ans Netz angeschlossen und in einen Markt integriert werden, der steuerbare und gesicherte Leistung bereith\u00e4lt. Als Kunde der Netzbetreiber nehmen wir wahr, dass immer mehr Anfragen f\u00fcr Netzanschl\u00fcsse auf immer engere Kapazit\u00e4ten treffen und die Bearbeitungszeiten teilweise sehr lange sind. Der notwendige Ausbau der Schnellladeinfrastruktur f\u00fcr E-Autos an den Filialen oder f\u00fcr E-Lkw an den Verteilzentren kann nur gelingen, wenn das Netz der Nieder- und Mittelspannung die erforderlichen Kapazit\u00e4ten bereith\u00e4lt. Wir gehen zum gegenw\u00e4rtigen Zeitpunkt leider davon aus, dass es aufgrund des verz\u00f6gerten Netzausbaus und den damit verbundenen Netzengp\u00e4ssen eher zu weiteren Verz\u00f6gerungen kommt.<\/p>\n<!-- \/wp:paragraph --><!-- wp:paragraph {\"style\":{\"color\":{\"text\":\"#d51030\"},\"elements\":{\"link\":{\"color\":{\"text\":\"#d51030\"}}}}} -->\n<p class=\"has-text-color has-link-color\" style=\"color: #d51030;\"><strong>Johann Terres:<\/strong> <strong>Was muss regulatorisch passieren, damit der Einzelhandel die Herausforderungen des Netzanschlusses besser meistern kann?<\/strong><\/p>\n<!-- \/wp:paragraph --><!-- wp:paragraph -->\n<p><strong>Robert Schachtschneider: <\/strong>Um die Frage zu beantworten, m\u00f6chte ich gern auf die eigentliche Herausforderung aufmerksam machen, die unsere Handelssparten als filialisiertes Unternehmen besonders trifft \u2013 regulatorische Flickenteppiche. Lidl und Kaufland sind mit knapp 4.000 Filialen in allen Ecken Deutschlands vertreten und damit mit unterschiedlichen Landesbauordnungen, PV-Pflichten, Genehmigungsverfahren und Auslegungen der technischen Netzanschlussbedingungen konfrontiert. Dies betrifft sowohl den Filialneubau als auch Bestandsfilialen, die Lidl und Kaufland mit PV-Anlagen und Lades\u00e4ulen nachr\u00fcsten wollen. Bei ungef\u00e4hr der H\u00e4lfte unserer Projekte verzeichnen wir Verz\u00f6gerungen, die wir selbst nicht beeinflussen k\u00f6nnen. Gr\u00fcnde daf\u00fcr sind meist fehlende Kapazit\u00e4ten in der Nieder- und Mittelspannung, aufw\u00e4ndige Genehmigungsprozesse, uneinheitliche Anschlussbedingungen, lange Lieferzeiten f\u00fcr Trafos und zu wenig oder fehlendes Personal. Netze sind das R\u00fcckgrat der Energiewende \u2013 bei der Ert\u00fcchtigung und beim Ausbau m\u00fcssen wir schneller werden. Ein Schritt in die richtige Richtung w\u00e4ren zum Beispiel bundesweit einheitliche, digitale und verk\u00fcrzte Netzanschlussverfahren.<\/p>\n<!-- \/wp:paragraph --><!-- wp:paragraph {\"style\":{\"color\":{\"text\":\"#d51030\"},\"elements\":{\"link\":{\"color\":{\"text\":\"#d51030\"}}}}} -->\n<p class=\"has-text-color has-link-color\" style=\"color: #d51030;\"><strong>Johann Terres:<\/strong> <strong>Gibt es weitere Themen und Herausforderungen des Handels im Kontext der Energiepolitik, die Sie auf der EXM 2024 adressieren wollen?<\/strong><\/p>\n<!-- \/wp:paragraph --><!-- wp:paragraph -->\n<p><strong>Robert Schachtschneider:<\/strong> Die Erreichung der energie- und klimapolitischen Ziele wird nur gelingen, wenn wir schneller werden. Prozesse m\u00fcssen z\u00fcgig vereinheitlicht, verschlankt und digitalisiert werden. Dokumentations- und Meldepflichten in einem Register oder wenigen Registern b\u00fcndeln und darauf reduzieren, wo durch die erfassten Daten ein tats\u00e4chlicher Mehrwert f\u00fcr die Energiewende entsteht. Es ist wichtig, endlich die Knoten zu l\u00f6sen. Die Bundesregierung hat in der Energiekrise bewiesen, wie schnell sie ins Handeln kommen kann. Diese Dynamik sollten wir nutzen und nach dem Motto \u201eWir \u00f6ffnen Kasse 2 f\u00fcr Sie\u201c das Band ins Rollen bringen und loslegen.<\/p>\n<!-- \/wp:paragraph -->\t\t\t\t\t\t<\/div>\n\t\t\t\t<\/div>\n\t\t\t\t\t<\/div>\n\t\t<\/div>\n\t\t\t\t<div class=\"elementor-column elementor-col-33 elementor-top-column elementor-element elementor-element-a2497b2\" data-id=\"a2497b2\" data-element_type=\"column\" data-settings=\"{&quot;grandconference_ext_link_sidemenu&quot;:&quot;false&quot;,&quot;grandconference_ext_link_fullmenu&quot;:&quot;false&quot;,&quot;grandconference_ext_link_closed_fullmenu&quot;:&quot;false&quot;,&quot;grandconference_ext_is_sticky&quot;:&quot;false&quot;,&quot;grandconference_ext_is_scrollme&quot;:&quot;false&quot;,&quot;grandconference_ext_is_smoove&quot;:&quot;false&quot;,&quot;grandconference_ext_is_parallax_mouse&quot;:&quot;false&quot;,&quot;grandconference_ext_is_infinite&quot;:&quot;false&quot;,&quot;grandconference_ext_is_fadeout_animation&quot;:&quot;false&quot;,&quot;grandconference_ext_mobile_static&quot;:&quot;false&quot;}\">\n\t\t\t<div class=\"elementor-widget-wrap elementor-element-populated\">\n\t\t\t\t\t\t<div class=\"elementor-element elementor-element-73d1e82 elementor-widget elementor-widget-spacer\" data-id=\"73d1e82\" data-element_type=\"widget\" data-settings=\"{&quot;grandconference_ext_link_sidemenu&quot;:&quot;false&quot;,&quot;grandconference_ext_link_fullmenu&quot;:&quot;false&quot;,&quot;grandconference_ext_link_closed_fullmenu&quot;:&quot;false&quot;,&quot;grandconference_ext_is_sticky&quot;:&quot;false&quot;,&quot;grandconference_ext_is_scrollme&quot;:&quot;false&quot;,&quot;grandconference_ext_is_smoove&quot;:&quot;false&quot;,&quot;grandconference_ext_is_parallax_mouse&quot;:&quot;false&quot;,&quot;grandconference_ext_is_infinite&quot;:&quot;false&quot;,&quot;grandconference_ext_is_fadeout_animation&quot;:&quot;false&quot;,&quot;grandconference_ext_mobile_static&quot;:&quot;false&quot;}\" data-widget_type=\"spacer.default\">\n\t\t\t\t<div class=\"elementor-widget-container\">\n\t\t\t\t\t<div class=\"elementor-spacer\">\n\t\t\t<div class=\"elementor-spacer-inner\"><\/div>\n\t\t<\/div>\n\t\t\t\t<\/div>\n\t\t\t\t<\/div>\n\t\t\t\t<div class=\"elementor-element elementor-element-bf62739 elementor-widget elementor-widget-text-editor\" data-id=\"bf62739\" data-element_type=\"widget\" data-settings=\"{&quot;grandconference_ext_link_sidemenu&quot;:&quot;false&quot;,&quot;grandconference_ext_link_fullmenu&quot;:&quot;false&quot;,&quot;grandconference_ext_link_closed_fullmenu&quot;:&quot;false&quot;,&quot;grandconference_ext_is_sticky&quot;:&quot;false&quot;,&quot;grandconference_ext_is_scrollme&quot;:&quot;false&quot;,&quot;grandconference_ext_is_smoove&quot;:&quot;false&quot;,&quot;grandconference_ext_is_parallax_mouse&quot;:&quot;false&quot;,&quot;grandconference_ext_is_infinite&quot;:&quot;false&quot;,&quot;grandconference_ext_is_fadeout_animation&quot;:&quot;false&quot;,&quot;grandconference_ext_mobile_static&quot;:&quot;false&quot;}\" data-widget_type=\"text-editor.default\">\n\t\t\t\t<div class=\"elementor-widget-container\">\n\t\t\t\t\t\t\t<h4 style=\"text-align: center;\">Autor<\/h4>\t\t\t\t\t\t<\/div>\n\t\t\t\t<\/div>\n\t\t\t\t<div class=\"elementor-element elementor-element-a1f07ff elementor-widget elementor-widget-text-editor\" data-id=\"a1f07ff\" data-element_type=\"widget\" data-settings=\"{&quot;grandconference_ext_link_sidemenu&quot;:&quot;false&quot;,&quot;grandconference_ext_link_fullmenu&quot;:&quot;false&quot;,&quot;grandconference_ext_link_closed_fullmenu&quot;:&quot;false&quot;,&quot;grandconference_ext_is_sticky&quot;:&quot;false&quot;,&quot;grandconference_ext_is_scrollme&quot;:&quot;false&quot;,&quot;grandconference_ext_is_smoove&quot;:&quot;false&quot;,&quot;grandconference_ext_is_parallax_mouse&quot;:&quot;false&quot;,&quot;grandconference_ext_is_infinite&quot;:&quot;false&quot;,&quot;grandconference_ext_is_fadeout_animation&quot;:&quot;false&quot;,&quot;grandconference_ext_mobile_static&quot;:&quot;false&quot;}\" data-widget_type=\"text-editor.default\">\n\t\t\t\t<div class=\"elementor-widget-container\">\n\t\t\t\t\t\t\t<p><img decoding=\"async\" class=\"aligncenter wp-image-7283 size-thumbnail\" src=\"https:\/\/www.energiecrossmedial.de\/wp-content\/uploads\/2023\/12\/Terres_800x800-150x150.png\" alt=\"\" width=\"150\" height=\"150\" \/><\/p>\n<h3 style=\"text-align: center;\">Johann Terres<\/h3>\n<p style=\"text-align: center;\">FSJ-Politik<br \/>+49 30 \/ 72 61 59 98 \u2013 6<br \/><a href=\"mailto:terres@zukunftsenergien.de\"><span class=\"color_red\">terres@zukunftsenergien.de<\/span><\/a><\/p>\t\t\t\t\t\t<\/div>\n\t\t\t\t<\/div>\n\t\t\t\t<div class=\"elementor-element elementor-element-8fed1b2 elementor-grid-2 elementor-grid-tablet-2 elementor-grid-mobile-1 elementor-widget elementor-widget-portfolio\" data-id=\"8fed1b2\" data-element_type=\"widget\" data-settings=\"{&quot;columns&quot;:&quot;2&quot;,&quot;masonry&quot;:&quot;yes&quot;,&quot;row_gap&quot;:{&quot;unit&quot;:&quot;px&quot;,&quot;size&quot;:5,&quot;sizes&quot;:[]},&quot;columns_tablet&quot;:&quot;2&quot;,&quot;columns_mobile&quot;:&quot;1&quot;,&quot;item_gap&quot;:{&quot;unit&quot;:&quot;px&quot;,&quot;size&quot;:&quot;&quot;,&quot;sizes&quot;:[]},&quot;grandconference_ext_link_sidemenu&quot;:&quot;false&quot;,&quot;grandconference_ext_link_fullmenu&quot;:&quot;false&quot;,&quot;grandconference_ext_link_closed_fullmenu&quot;:&quot;false&quot;,&quot;grandconference_ext_is_sticky&quot;:&quot;false&quot;,&quot;grandconference_ext_is_scrollme&quot;:&quot;false&quot;,&quot;grandconference_ext_is_smoove&quot;:&quot;false&quot;,&quot;grandconference_ext_is_parallax_mouse&quot;:&quot;false&quot;,&quot;grandconference_ext_is_infinite&quot;:&quot;false&quot;,&quot;grandconference_ext_is_fadeout_animation&quot;:&quot;false&quot;,&quot;grandconference_ext_mobile_static&quot;:&quot;false&quot;}\" data-widget_type=\"portfolio.default\">\n\t\t\t\t<div class=\"elementor-widget-container\">\n\t\t\t\t\t<div class=\"elementor-portfolio elementor-grid elementor-posts-container\">\n\t\t\t\t<article class=\"elementor-portfolio-item elementor-post  post-8189 post type-post status-publish format-standard has-post-thumbnail hentry category-allgemein category-interviews-2024\">\n\t\t\t<a class=\"elementor-post__thumbnail__link\" href=\"https:\/\/www.energiecrossmedial.de\/index.php\/2024\/03\/04\/interview-mit-achim-bothe\/\">\n\t\t\t\t<div class=\"elementor-portfolio-item__img elementor-post__thumbnail\">\n\t\t\t<img decoding=\"async\" width=\"150\" height=\"150\" src=\"https:\/\/www.energiecrossmedial.de\/wp-content\/uploads\/2024\/03\/Achim_Bothe-150x150.jpg\" class=\"attachment-thumbnail size-thumbnail wp-image-8212\" alt=\"\" \/>\t\t<\/div>\n\t\t\t\t<div class=\"elementor-portfolio-item__overlay\">\n\t\t\t\t<h3 class=\"elementor-portfolio-item__title\">\n\t\tInterview mit Achim Bothe\t\t<\/h3>\n\t\t\t\t<\/div>\n\t\t\t\t<\/a>\n\t\t<\/article>\n\t\t\t\t<article class=\"elementor-portfolio-item elementor-post  post-8137 post type-post status-publish format-standard has-post-thumbnail hentry category-allgemein category-interviews-2024\">\n\t\t\t<a class=\"elementor-post__thumbnail__link\" href=\"https:\/\/www.energiecrossmedial.de\/index.php\/2024\/03\/01\/interview-mit-prof-dr-gerald-linke\/\">\n\t\t\t\t<div class=\"elementor-portfolio-item__img elementor-post__thumbnail\">\n\t\t\t<img loading=\"lazy\" decoding=\"async\" width=\"150\" height=\"150\" src=\"https:\/\/www.energiecrossmedial.de\/wp-content\/uploads\/2024\/02\/gerald-linke-dvgw-150x150.jpg\" class=\"attachment-thumbnail size-thumbnail wp-image-8175\" alt=\"\" \/>\t\t<\/div>\n\t\t\t\t<div class=\"elementor-portfolio-item__overlay\">\n\t\t\t\t<h3 class=\"elementor-portfolio-item__title\">\n\t\tInterview mit Prof. Dr. Gerald Linke\t\t<\/h3>\n\t\t\t\t<\/div>\n\t\t\t\t<\/a>\n\t\t<\/article>\n\t\t\t\t<article class=\"elementor-portfolio-item elementor-post  post-8124 post type-post status-publish format-standard has-post-thumbnail hentry category-allgemein category-interviews-2024\">\n\t\t\t<a class=\"elementor-post__thumbnail__link\" href=\"https:\/\/www.energiecrossmedial.de\/index.php\/2024\/02\/27\/interview-mit-prof-dr-joerg-steinbach\/\">\n\t\t\t\t<div class=\"elementor-portfolio-item__img elementor-post__thumbnail\">\n\t\t\t<img loading=\"lazy\" decoding=\"async\" width=\"150\" height=\"150\" src=\"https:\/\/www.energiecrossmedial.de\/wp-content\/uploads\/2024\/02\/Steinbach_20_small_Till_Budde-150x150.jpg\" class=\"attachment-thumbnail size-thumbnail wp-image-8147\" alt=\"\" \/>\t\t<\/div>\n\t\t\t\t<div class=\"elementor-portfolio-item__overlay\">\n\t\t\t\t<h3 class=\"elementor-portfolio-item__title\">\n\t\tInterview mit Prof. Dr. J\u00f6rg Steinbach\t\t<\/h3>\n\t\t\t\t<\/div>\n\t\t\t\t<\/a>\n\t\t<\/article>\n\t\t\t\t<article class=\"elementor-portfolio-item elementor-post  post-8114 post type-post status-publish format-standard has-post-thumbnail hentry category-allgemein category-interviews-2024\">\n\t\t\t<a class=\"elementor-post__thumbnail__link\" href=\"https:\/\/www.energiecrossmedial.de\/index.php\/2024\/02\/26\/interview-mit-dr-martin-wansleben\/\">\n\t\t\t\t<div class=\"elementor-portfolio-item__img elementor-post__thumbnail\">\n\t\t\t<img loading=\"lazy\" decoding=\"async\" width=\"150\" height=\"150\" src=\"https:\/\/www.energiecrossmedial.de\/wp-content\/uploads\/2024\/02\/MK3_5545-Bearbeitet-150x150.jpg\" class=\"attachment-thumbnail size-thumbnail wp-image-8145\" alt=\"\" \/>\t\t<\/div>\n\t\t\t\t<div class=\"elementor-portfolio-item__overlay\">\n\t\t\t\t<h3 class=\"elementor-portfolio-item__title\">\n\t\tInterview mit Dr. Martin Wansleben\t\t<\/h3>\n\t\t\t\t<\/div>\n\t\t\t\t<\/a>\n\t\t<\/article>\n\t\t\t\t<\/div>\n\t\t\t\t<\/div>\n\t\t\t\t<\/div>\n\t\t\t\t\t<\/div>\n\t\t<\/div>\n\t\t\t\t\t<\/div>\n\t\t<\/section>\n\t\t\t\t<\/div>\n\t\t","protected":false},"excerpt":{"rendered":"<p>Im Interview erkl\u00e4rt Robert Schachtschneider, Bereichsleiter Energie und Klima in der Hauptstadtrepr\u00e4sentanz der Schwarz Gruppe, vor welche Herausforderungen die Energiewende den Handel stellt und geht hierbei insbesondere auf den Netzanschluss ein.<\/p>\n","protected":false},"author":7,"featured_media":7694,"comment_status":"open","ping_status":"open","sticky":false,"template":"","format":"standard","meta":{"_acf_changed":false,"_jetpack_memberships_contains_paid_content":false,"footnotes":""},"categories":[1,114],"tags":[],"class_list":["post-8008","post","type-post","status-publish","format-standard","has-post-thumbnail","hentry","category-allgemein","category-interviews-2024"],"acf":[],"yoast_head":"<!-- This site is optimized with the Yoast SEO plugin v24.0 - https:\/\/yoast.com\/wordpress\/plugins\/seo\/ -->\n<title>Interview mit Robert Schachtschneider - ENERGIE.CROSS.MEDIAL<\/title>\n<meta name=\"robots\" content=\"index, follow, max-snippet:-1, max-image-preview:large, max-video-preview:-1\" \/>\n<link rel=\"canonical\" href=\"https:\/\/www.energiecrossmedial.de\/index.php\/2024\/02\/14\/interview-mit-robert-schachtschneider\/\" \/>\n<meta property=\"og:locale\" content=\"de_DE\" \/>\n<meta property=\"og:type\" content=\"article\" \/>\n<meta property=\"og:title\" content=\"Interview mit Robert Schachtschneider - ENERGIE.CROSS.MEDIAL\" \/>\n<meta property=\"og:description\" content=\"Im Interview erkl\u00e4rt Robert Schachtschneider, Bereichsleiter Energie und Klima in der Hauptstadtrepr\u00e4sentanz der Schwarz Gruppe, vor welche Herausforderungen die Energiewende den Handel stellt und geht hierbei insbesondere auf den Netzanschluss ein.\" \/>\n<meta property=\"og:url\" content=\"https:\/\/www.energiecrossmedial.de\/index.php\/2024\/02\/14\/interview-mit-robert-schachtschneider\/\" \/>\n<meta property=\"og:site_name\" content=\"ENERGIE.CROSS.MEDIAL\" \/>\n<meta property=\"article:published_time\" content=\"2024-02-14T11:09:12+00:00\" \/>\n<meta property=\"article:modified_time\" content=\"2024-02-14T11:39:13+00:00\" \/>\n<meta property=\"og:image\" content=\"https:\/\/www.energiecrossmedial.de\/wp-content\/uploads\/2023\/12\/24a013_ak-32-FOTOS-Annette-Koroll.jpg\" \/>\n\t<meta property=\"og:image:width\" content=\"1181\" \/>\n\t<meta property=\"og:image:height\" content=\"787\" \/>\n\t<meta property=\"og:image:type\" content=\"image\/jpeg\" \/>\n<meta name=\"author\" content=\"Johann Terres\" \/>\n<meta name=\"twitter:card\" content=\"summary_large_image\" \/>\n<meta name=\"twitter:creator\" content=\"@EnergieXMedial\" \/>\n<meta name=\"twitter:site\" content=\"@EnergieXMedial\" \/>\n<meta name=\"twitter:label1\" content=\"Verfasst von\" \/>\n\t<meta name=\"twitter:data1\" content=\"Johann Terres\" \/>\n\t<meta name=\"twitter:label2\" content=\"Gesch\u00e4tzte Lesezeit\" \/>\n\t<meta name=\"twitter:data2\" content=\"6\u00a0Minuten\" \/>\n<script type=\"application\/ld+json\" class=\"yoast-schema-graph\">{\"@context\":\"https:\/\/schema.org\",\"@graph\":[{\"@type\":\"Article\",\"@id\":\"https:\/\/www.energiecrossmedial.de\/index.php\/2024\/02\/14\/interview-mit-robert-schachtschneider\/#article\",\"isPartOf\":{\"@id\":\"https:\/\/www.energiecrossmedial.de\/index.php\/2024\/02\/14\/interview-mit-robert-schachtschneider\/\"},\"author\":{\"name\":\"Johann Terres\",\"@id\":\"https:\/\/www.energiecrossmedial.de\/#\/schema\/person\/c47b77575fdae990fb185d6b00f52a75\"},\"headline\":\"Interview mit Robert Schachtschneider\",\"datePublished\":\"2024-02-14T11:09:12+00:00\",\"dateModified\":\"2024-02-14T11:39:13+00:00\",\"mainEntityOfPage\":{\"@id\":\"https:\/\/www.energiecrossmedial.de\/index.php\/2024\/02\/14\/interview-mit-robert-schachtschneider\/\"},\"wordCount\":851,\"commentCount\":0,\"publisher\":{\"@id\":\"https:\/\/www.energiecrossmedial.de\/#organization\"},\"image\":{\"@id\":\"https:\/\/www.energiecrossmedial.de\/index.php\/2024\/02\/14\/interview-mit-robert-schachtschneider\/#primaryimage\"},\"thumbnailUrl\":\"https:\/\/www.energiecrossmedial.de\/wp-content\/uploads\/2023\/12\/24a013_ak-32-FOTOS-Annette-Koroll.jpg\",\"articleSection\":{\"1\":\"Interviews 2024\"},\"inLanguage\":\"de\",\"potentialAction\":[{\"@type\":\"CommentAction\",\"name\":\"Comment\",\"target\":[\"https:\/\/www.energiecrossmedial.de\/index.php\/2024\/02\/14\/interview-mit-robert-schachtschneider\/#respond\"]}]},{\"@type\":\"WebPage\",\"@id\":\"https:\/\/www.energiecrossmedial.de\/index.php\/2024\/02\/14\/interview-mit-robert-schachtschneider\/\",\"url\":\"https:\/\/www.energiecrossmedial.de\/index.php\/2024\/02\/14\/interview-mit-robert-schachtschneider\/\",\"name\":\"Interview mit Robert Schachtschneider - ENERGIE.CROSS.MEDIAL\",\"isPartOf\":{\"@id\":\"https:\/\/www.energiecrossmedial.de\/#website\"},\"primaryImageOfPage\":{\"@id\":\"https:\/\/www.energiecrossmedial.de\/index.php\/2024\/02\/14\/interview-mit-robert-schachtschneider\/#primaryimage\"},\"image\":{\"@id\":\"https:\/\/www.energiecrossmedial.de\/index.php\/2024\/02\/14\/interview-mit-robert-schachtschneider\/#primaryimage\"},\"thumbnailUrl\":\"https:\/\/www.energiecrossmedial.de\/wp-content\/uploads\/2023\/12\/24a013_ak-32-FOTOS-Annette-Koroll.jpg\",\"datePublished\":\"2024-02-14T11:09:12+00:00\",\"dateModified\":\"2024-02-14T11:39:13+00:00\",\"breadcrumb\":{\"@id\":\"https:\/\/www.energiecrossmedial.de\/index.php\/2024\/02\/14\/interview-mit-robert-schachtschneider\/#breadcrumb\"},\"inLanguage\":\"de\",\"potentialAction\":[{\"@type\":\"ReadAction\",\"target\":[\"https:\/\/www.energiecrossmedial.de\/index.php\/2024\/02\/14\/interview-mit-robert-schachtschneider\/\"]}]},{\"@type\":\"ImageObject\",\"inLanguage\":\"de\",\"@id\":\"https:\/\/www.energiecrossmedial.de\/index.php\/2024\/02\/14\/interview-mit-robert-schachtschneider\/#primaryimage\",\"url\":\"https:\/\/www.energiecrossmedial.de\/wp-content\/uploads\/2023\/12\/24a013_ak-32-FOTOS-Annette-Koroll.jpg\",\"contentUrl\":\"https:\/\/www.energiecrossmedial.de\/wp-content\/uploads\/2023\/12\/24a013_ak-32-FOTOS-Annette-Koroll.jpg\",\"width\":1181,\"height\":787,\"caption\":\"Foto: Annette Koroll\"},{\"@type\":\"BreadcrumbList\",\"@id\":\"https:\/\/www.energiecrossmedial.de\/index.php\/2024\/02\/14\/interview-mit-robert-schachtschneider\/#breadcrumb\",\"itemListElement\":[{\"@type\":\"ListItem\",\"position\":1,\"name\":\"Startseite\",\"item\":\"https:\/\/www.energiecrossmedial.de\/\"},{\"@type\":\"ListItem\",\"position\":2,\"name\":\"Interview mit Robert Schachtschneider\"}]},{\"@type\":\"WebSite\",\"@id\":\"https:\/\/www.energiecrossmedial.de\/#website\",\"url\":\"https:\/\/www.energiecrossmedial.de\/\",\"name\":\"ENERGIE.CROSS.MEDIAL - das forum der energiewende\",\"description\":\"das forum der energiewende\",\"publisher\":{\"@id\":\"https:\/\/www.energiecrossmedial.de\/#organization\"},\"potentialAction\":[{\"@type\":\"SearchAction\",\"target\":{\"@type\":\"EntryPoint\",\"urlTemplate\":\"https:\/\/www.energiecrossmedial.de\/?s={search_term_string}\"},\"query-input\":{\"@type\":\"PropertyValueSpecification\",\"valueRequired\":true,\"valueName\":\"search_term_string\"}}],\"inLanguage\":\"de\"},{\"@type\":\"Organization\",\"@id\":\"https:\/\/www.energiecrossmedial.de\/#organization\",\"name\":\"ENERGIE.CROSS.MEDIAL - das forum der energiewende\",\"url\":\"https:\/\/www.energiecrossmedial.de\/\",\"logo\":{\"@type\":\"ImageObject\",\"inLanguage\":\"de\",\"@id\":\"https:\/\/www.energiecrossmedial.de\/#\/schema\/logo\/image\/\",\"url\":\"https:\/\/www.energiecrossmedial.de\/wp-content\/uploads\/2023\/09\/cropped-Website_Icon.png\",\"contentUrl\":\"https:\/\/www.energiecrossmedial.de\/wp-content\/uploads\/2023\/09\/cropped-Website_Icon.png\",\"width\":512,\"height\":512,\"caption\":\"ENERGIE.CROSS.MEDIAL - das forum der energiewende\"},\"image\":{\"@id\":\"https:\/\/www.energiecrossmedial.de\/#\/schema\/logo\/image\/\"},\"sameAs\":[\"https:\/\/x.com\/EnergieXMedial\",\"https:\/\/www.linkedin.com\/company\/zukunftsenergien\/\"]},{\"@type\":\"Person\",\"@id\":\"https:\/\/www.energiecrossmedial.de\/#\/schema\/person\/c47b77575fdae990fb185d6b00f52a75\",\"name\":\"Johann Terres\",\"image\":{\"@type\":\"ImageObject\",\"inLanguage\":\"de\",\"@id\":\"https:\/\/www.energiecrossmedial.de\/#\/schema\/person\/image\/\",\"url\":\"https:\/\/secure.gravatar.com\/avatar\/d6a1fcc62be2782dcf3c873d73beac90?s=96&d=mm&r=g\",\"contentUrl\":\"https:\/\/secure.gravatar.com\/avatar\/d6a1fcc62be2782dcf3c873d73beac90?s=96&d=mm&r=g\",\"caption\":\"Johann Terres\"},\"url\":\"https:\/\/www.energiecrossmedial.de\/index.php\/author\/terres\/\"}]}<\/script>\n<!-- \/ Yoast SEO plugin. -->","yoast_head_json":{"title":"Interview mit Robert Schachtschneider - ENERGIE.CROSS.MEDIAL","robots":{"index":"index","follow":"follow","max-snippet":"max-snippet:-1","max-image-preview":"max-image-preview:large","max-video-preview":"max-video-preview:-1"},"canonical":"https:\/\/www.energiecrossmedial.de\/index.php\/2024\/02\/14\/interview-mit-robert-schachtschneider\/","og_locale":"de_DE","og_type":"article","og_title":"Interview mit Robert Schachtschneider - ENERGIE.CROSS.MEDIAL","og_description":"Im Interview erkl\u00e4rt Robert Schachtschneider, Bereichsleiter Energie und Klima in der Hauptstadtrepr\u00e4sentanz der Schwarz Gruppe, vor welche Herausforderungen die Energiewende den Handel stellt und geht hierbei insbesondere auf den Netzanschluss ein.","og_url":"https:\/\/www.energiecrossmedial.de\/index.php\/2024\/02\/14\/interview-mit-robert-schachtschneider\/","og_site_name":"ENERGIE.CROSS.MEDIAL","article_published_time":"2024-02-14T11:09:12+00:00","article_modified_time":"2024-02-14T11:39:13+00:00","og_image":[{"width":1181,"height":787,"url":"https:\/\/www.energiecrossmedial.de\/wp-content\/uploads\/2023\/12\/24a013_ak-32-FOTOS-Annette-Koroll.jpg","type":"image\/jpeg"}],"author":"Johann Terres","twitter_card":"summary_large_image","twitter_creator":"@EnergieXMedial","twitter_site":"@EnergieXMedial","twitter_misc":{"Verfasst von":"Johann Terres","Gesch\u00e4tzte Lesezeit":"6\u00a0Minuten"},"schema":{"@context":"https:\/\/schema.org","@graph":[{"@type":"Article","@id":"https:\/\/www.energiecrossmedial.de\/index.php\/2024\/02\/14\/interview-mit-robert-schachtschneider\/#article","isPartOf":{"@id":"https:\/\/www.energiecrossmedial.de\/index.php\/2024\/02\/14\/interview-mit-robert-schachtschneider\/"},"author":{"name":"Johann Terres","@id":"https:\/\/www.energiecrossmedial.de\/#\/schema\/person\/c47b77575fdae990fb185d6b00f52a75"},"headline":"Interview mit Robert Schachtschneider","datePublished":"2024-02-14T11:09:12+00:00","dateModified":"2024-02-14T11:39:13+00:00","mainEntityOfPage":{"@id":"https:\/\/www.energiecrossmedial.de\/index.php\/2024\/02\/14\/interview-mit-robert-schachtschneider\/"},"wordCount":851,"commentCount":0,"publisher":{"@id":"https:\/\/www.energiecrossmedial.de\/#organization"},"image":{"@id":"https:\/\/www.energiecrossmedial.de\/index.php\/2024\/02\/14\/interview-mit-robert-schachtschneider\/#primaryimage"},"thumbnailUrl":"https:\/\/www.energiecrossmedial.de\/wp-content\/uploads\/2023\/12\/24a013_ak-32-FOTOS-Annette-Koroll.jpg","articleSection":{"1":"Interviews 2024"},"inLanguage":"de","potentialAction":[{"@type":"CommentAction","name":"Comment","target":["https:\/\/www.energiecrossmedial.de\/index.php\/2024\/02\/14\/interview-mit-robert-schachtschneider\/#respond"]}]},{"@type":"WebPage","@id":"https:\/\/www.energiecrossmedial.de\/index.php\/2024\/02\/14\/interview-mit-robert-schachtschneider\/","url":"https:\/\/www.energiecrossmedial.de\/index.php\/2024\/02\/14\/interview-mit-robert-schachtschneider\/","name":"Interview mit Robert Schachtschneider - ENERGIE.CROSS.MEDIAL","isPartOf":{"@id":"https:\/\/www.energiecrossmedial.de\/#website"},"primaryImageOfPage":{"@id":"https:\/\/www.energiecrossmedial.de\/index.php\/2024\/02\/14\/interview-mit-robert-schachtschneider\/#primaryimage"},"image":{"@id":"https:\/\/www.energiecrossmedial.de\/index.php\/2024\/02\/14\/interview-mit-robert-schachtschneider\/#primaryimage"},"thumbnailUrl":"https:\/\/www.energiecrossmedial.de\/wp-content\/uploads\/2023\/12\/24a013_ak-32-FOTOS-Annette-Koroll.jpg","datePublished":"2024-02-14T11:09:12+00:00","dateModified":"2024-02-14T11:39:13+00:00","breadcrumb":{"@id":"https:\/\/www.energiecrossmedial.de\/index.php\/2024\/02\/14\/interview-mit-robert-schachtschneider\/#breadcrumb"},"inLanguage":"de","potentialAction":[{"@type":"ReadAction","target":["https:\/\/www.energiecrossmedial.de\/index.php\/2024\/02\/14\/interview-mit-robert-schachtschneider\/"]}]},{"@type":"ImageObject","inLanguage":"de","@id":"https:\/\/www.energiecrossmedial.de\/index.php\/2024\/02\/14\/interview-mit-robert-schachtschneider\/#primaryimage","url":"https:\/\/www.energiecrossmedial.de\/wp-content\/uploads\/2023\/12\/24a013_ak-32-FOTOS-Annette-Koroll.jpg","contentUrl":"https:\/\/www.energiecrossmedial.de\/wp-content\/uploads\/2023\/12\/24a013_ak-32-FOTOS-Annette-Koroll.jpg","width":1181,"height":787,"caption":"Foto: Annette Koroll"},{"@type":"BreadcrumbList","@id":"https:\/\/www.energiecrossmedial.de\/index.php\/2024\/02\/14\/interview-mit-robert-schachtschneider\/#breadcrumb","itemListElement":[{"@type":"ListItem","position":1,"name":"Startseite","item":"https:\/\/www.energiecrossmedial.de\/"},{"@type":"ListItem","position":2,"name":"Interview mit Robert Schachtschneider"}]},{"@type":"WebSite","@id":"https:\/\/www.energiecrossmedial.de\/#website","url":"https:\/\/www.energiecrossmedial.de\/","name":"ENERGIE.CROSS.MEDIAL - das forum der energiewende","description":"das forum der energiewende","publisher":{"@id":"https:\/\/www.energiecrossmedial.de\/#organization"},"potentialAction":[{"@type":"SearchAction","target":{"@type":"EntryPoint","urlTemplate":"https:\/\/www.energiecrossmedial.de\/?s={search_term_string}"},"query-input":{"@type":"PropertyValueSpecification","valueRequired":true,"valueName":"search_term_string"}}],"inLanguage":"de"},{"@type":"Organization","@id":"https:\/\/www.energiecrossmedial.de\/#organization","name":"ENERGIE.CROSS.MEDIAL - das forum der energiewende","url":"https:\/\/www.energiecrossmedial.de\/","logo":{"@type":"ImageObject","inLanguage":"de","@id":"https:\/\/www.energiecrossmedial.de\/#\/schema\/logo\/image\/","url":"https:\/\/www.energiecrossmedial.de\/wp-content\/uploads\/2023\/09\/cropped-Website_Icon.png","contentUrl":"https:\/\/www.energiecrossmedial.de\/wp-content\/uploads\/2023\/09\/cropped-Website_Icon.png","width":512,"height":512,"caption":"ENERGIE.CROSS.MEDIAL - das forum der energiewende"},"image":{"@id":"https:\/\/www.energiecrossmedial.de\/#\/schema\/logo\/image\/"},"sameAs":["https:\/\/x.com\/EnergieXMedial","https:\/\/www.linkedin.com\/company\/zukunftsenergien\/"]},{"@type":"Person","@id":"https:\/\/www.energiecrossmedial.de\/#\/schema\/person\/c47b77575fdae990fb185d6b00f52a75","name":"Johann Terres","image":{"@type":"ImageObject","inLanguage":"de","@id":"https:\/\/www.energiecrossmedial.de\/#\/schema\/person\/image\/","url":"https:\/\/secure.gravatar.com\/avatar\/d6a1fcc62be2782dcf3c873d73beac90?s=96&d=mm&r=g","contentUrl":"https:\/\/secure.gravatar.com\/avatar\/d6a1fcc62be2782dcf3c873d73beac90?s=96&d=mm&r=g","caption":"Johann Terres"},"url":"https:\/\/www.energiecrossmedial.de\/index.php\/author\/terres\/"}]}},"jetpack_featured_media_url":"https:\/\/www.energiecrossmedial.de\/wp-content\/uploads\/2023\/12\/24a013_ak-32-FOTOS-Annette-Koroll.jpg","jetpack_sharing_enabled":true,"_links":{"self":[{"href":"https:\/\/www.energiecrossmedial.de\/index.php\/wp-json\/wp\/v2\/posts\/8008","targetHints":{"allow":["GET"]}}],"collection":[{"href":"https:\/\/www.energiecrossmedial.de\/index.php\/wp-json\/wp\/v2\/posts"}],"about":[{"href":"https:\/\/www.energiecrossmedial.de\/index.php\/wp-json\/wp\/v2\/types\/post"}],"author":[{"embeddable":true,"href":"https:\/\/www.energiecrossmedial.de\/index.php\/wp-json\/wp\/v2\/users\/7"}],"replies":[{"embeddable":true,"href":"https:\/\/www.energiecrossmedial.de\/index.php\/wp-json\/wp\/v2\/comments?post=8008"}],"version-history":[{"count":5,"href":"https:\/\/www.energiecrossmedial.de\/index.php\/wp-json\/wp\/v2\/posts\/8008\/revisions"}],"predecessor-version":[{"id":8018,"href":"https:\/\/www.energiecrossmedial.de\/index.php\/wp-json\/wp\/v2\/posts\/8008\/revisions\/8018"}],"wp:featuredmedia":[{"embeddable":true,"href":"https:\/\/www.energiecrossmedial.de\/index.php\/wp-json\/wp\/v2\/media\/7694"}],"wp:attachment":[{"href":"https:\/\/www.energiecrossmedial.de\/index.php\/wp-json\/wp\/v2\/media?parent=8008"}],"wp:term":[{"taxonomy":"category","embeddable":true,"href":"https:\/\/www.energiecrossmedial.de\/index.php\/wp-json\/wp\/v2\/categories?post=8008"},{"taxonomy":"post_tag","embeddable":true,"href":"https:\/\/www.energiecrossmedial.de\/index.php\/wp-json\/wp\/v2\/tags?post=8008"}],"curies":[{"name":"wp","href":"https:\/\/api.w.org\/{rel}","templated":true}]}}