{"id":8063,"date":"2024-02-16T14:04:23","date_gmt":"2024-02-16T13:04:23","guid":{"rendered":"https:\/\/www.energiecrossmedial.de\/?p=8063"},"modified":"2024-02-19T11:55:15","modified_gmt":"2024-02-19T10:55:15","slug":"interview-mit-dr-joachim-lohse","status":"publish","type":"post","link":"https:\/\/www.energiecrossmedial.de\/index.php\/2024\/02\/16\/interview-mit-dr-joachim-lohse\/","title":{"rendered":"Interview mit Dr. Joachim Lohse"},"content":{"rendered":"\t\t<div data-elementor-type=\"wp-post\" data-elementor-id=\"8063\" class=\"elementor elementor-8063\" data-elementor-post-type=\"post\">\n\t\t\t\t\t\t<section class=\"elementor-section elementor-top-section elementor-element elementor-element-9f635b2 elementor-section-boxed elementor-section-height-default elementor-section-height-default\" data-id=\"9f635b2\" data-element_type=\"section\" data-settings=\"{&quot;grandconference_ext_is_background_parallax&quot;:&quot;false&quot;,&quot;grandconference_ext_is_background_backdrop&quot;:&quot;false&quot;,&quot;grandconference_ext_is_background_on_scroll&quot;:&quot;false&quot;}\">\n\t\t\t\t\t\t<div class=\"elementor-container elementor-column-gap-default\">\n\t\t\t\t\t<div class=\"elementor-column elementor-col-100 elementor-top-column elementor-element elementor-element-9b198e1\" data-id=\"9b198e1\" data-element_type=\"column\" data-settings=\"{&quot;grandconference_ext_link_sidemenu&quot;:&quot;false&quot;,&quot;grandconference_ext_link_fullmenu&quot;:&quot;false&quot;,&quot;grandconference_ext_link_closed_fullmenu&quot;:&quot;false&quot;,&quot;grandconference_ext_is_sticky&quot;:&quot;false&quot;,&quot;grandconference_ext_is_scrollme&quot;:&quot;false&quot;,&quot;grandconference_ext_is_smoove&quot;:&quot;false&quot;,&quot;grandconference_ext_is_parallax_mouse&quot;:&quot;false&quot;,&quot;grandconference_ext_is_infinite&quot;:&quot;false&quot;,&quot;grandconference_ext_is_fadeout_animation&quot;:&quot;false&quot;,&quot;grandconference_ext_mobile_static&quot;:&quot;false&quot;}\">\n\t\t\t<div class=\"elementor-widget-wrap elementor-element-populated\">\n\t\t\t\t\t\t<div class=\"elementor-element elementor-element-766a8cf elementor-widget elementor-widget-heading\" data-id=\"766a8cf\" data-element_type=\"widget\" data-settings=\"{&quot;grandconference_ext_link_sidemenu&quot;:&quot;false&quot;,&quot;grandconference_ext_link_fullmenu&quot;:&quot;false&quot;,&quot;grandconference_ext_link_closed_fullmenu&quot;:&quot;false&quot;,&quot;grandconference_ext_is_sticky&quot;:&quot;false&quot;,&quot;grandconference_ext_is_scrollme&quot;:&quot;false&quot;,&quot;grandconference_ext_is_smoove&quot;:&quot;false&quot;,&quot;grandconference_ext_is_parallax_mouse&quot;:&quot;false&quot;,&quot;grandconference_ext_is_infinite&quot;:&quot;false&quot;,&quot;grandconference_ext_is_fadeout_animation&quot;:&quot;false&quot;,&quot;grandconference_ext_mobile_static&quot;:&quot;false&quot;}\" data-widget_type=\"heading.default\">\n\t\t\t\t<div class=\"elementor-widget-container\">\n\t\t\t<h2 class=\"elementor-heading-title elementor-size-default\">Interview mit Dr. Joachim Lohse<\/h2>\t\t<\/div>\n\t\t\t\t<\/div>\n\t\t\t\t\t<\/div>\n\t\t<\/div>\n\t\t\t\t\t<\/div>\n\t\t<\/section>\n\t\t\t\t<section class=\"elementor-section elementor-top-section elementor-element elementor-element-44c358a elementor-section-boxed elementor-section-height-default elementor-section-height-default\" data-id=\"44c358a\" data-element_type=\"section\" data-settings=\"{&quot;grandconference_ext_is_background_parallax&quot;:&quot;false&quot;,&quot;grandconference_ext_is_background_backdrop&quot;:&quot;false&quot;,&quot;grandconference_ext_is_background_on_scroll&quot;:&quot;false&quot;}\">\n\t\t\t\t\t\t<div class=\"elementor-container elementor-column-gap-default\">\n\t\t\t\t\t<div class=\"elementor-column elementor-col-66 elementor-top-column elementor-element elementor-element-4e4b5dc\" data-id=\"4e4b5dc\" data-element_type=\"column\" data-settings=\"{&quot;grandconference_ext_link_sidemenu&quot;:&quot;false&quot;,&quot;grandconference_ext_link_fullmenu&quot;:&quot;false&quot;,&quot;grandconference_ext_link_closed_fullmenu&quot;:&quot;false&quot;,&quot;grandconference_ext_is_sticky&quot;:&quot;false&quot;,&quot;grandconference_ext_is_scrollme&quot;:&quot;false&quot;,&quot;grandconference_ext_is_smoove&quot;:&quot;false&quot;,&quot;grandconference_ext_is_parallax_mouse&quot;:&quot;false&quot;,&quot;grandconference_ext_is_infinite&quot;:&quot;false&quot;,&quot;grandconference_ext_is_fadeout_animation&quot;:&quot;false&quot;,&quot;grandconference_ext_mobile_static&quot;:&quot;false&quot;}\">\n\t\t\t<div class=\"elementor-widget-wrap elementor-element-populated\">\n\t\t\t\t\t\t<div class=\"elementor-element elementor-element-2bed55a elementor-widget elementor-widget-image\" data-id=\"2bed55a\" data-element_type=\"widget\" data-settings=\"{&quot;grandconference_image_is_animation&quot;:&quot;false&quot;,&quot;grandconference_ext_link_sidemenu&quot;:&quot;false&quot;,&quot;grandconference_ext_link_fullmenu&quot;:&quot;false&quot;,&quot;grandconference_ext_link_closed_fullmenu&quot;:&quot;false&quot;,&quot;grandconference_ext_is_sticky&quot;:&quot;false&quot;,&quot;grandconference_ext_is_scrollme&quot;:&quot;false&quot;,&quot;grandconference_ext_is_smoove&quot;:&quot;false&quot;,&quot;grandconference_ext_is_parallax_mouse&quot;:&quot;false&quot;,&quot;grandconference_ext_is_infinite&quot;:&quot;false&quot;,&quot;grandconference_ext_is_fadeout_animation&quot;:&quot;false&quot;,&quot;grandconference_ext_mobile_static&quot;:&quot;false&quot;}\" data-widget_type=\"image.default\">\n\t\t\t\t<div class=\"elementor-widget-container\">\n\t\t\t\t\t\t\t\t\t\t\t\t\t<img fetchpriority=\"high\" decoding=\"async\" width=\"1600\" height=\"533\" src=\"https:\/\/www.energiecrossmedial.de\/wp-content\/uploads\/2024\/02\/Interview-Banner-Lohse-v2-1200x400px.jpg\" class=\"attachment-full size-full wp-image-8066\" alt=\"\" \/>\t\t\t\t\t\t\t\t\t\t\t\t\t<\/div>\n\t\t\t\t<\/div>\n\t\t\t\t<div class=\"elementor-element elementor-element-21dadf71 elementor-widget elementor-widget-text-editor\" data-id=\"21dadf71\" data-element_type=\"widget\" data-settings=\"{&quot;grandconference_ext_link_sidemenu&quot;:&quot;false&quot;,&quot;grandconference_ext_link_fullmenu&quot;:&quot;false&quot;,&quot;grandconference_ext_link_closed_fullmenu&quot;:&quot;false&quot;,&quot;grandconference_ext_is_sticky&quot;:&quot;false&quot;,&quot;grandconference_ext_is_scrollme&quot;:&quot;false&quot;,&quot;grandconference_ext_is_smoove&quot;:&quot;false&quot;,&quot;grandconference_ext_is_parallax_mouse&quot;:&quot;false&quot;,&quot;grandconference_ext_is_infinite&quot;:&quot;false&quot;,&quot;grandconference_ext_is_fadeout_animation&quot;:&quot;false&quot;,&quot;grandconference_ext_mobile_static&quot;:&quot;false&quot;}\" data-widget_type=\"text-editor.default\">\n\t\t\t\t<div class=\"elementor-widget-container\">\n\t\t\t\t\t\t\t<!-- wp:paragraph -->\n<p><strong>Zur Vorbereitung der ENERGIE.CROSS.MEDIAL am 5. &amp; 6. M\u00e4rz sprach Johann Terres mit <a href=\"https:\/\/www.energiecrossmedial.de\/index.php\/speaker\/dr-joachim-lohse\/\">Dr. Joachim Lohse<\/a>, dem Gesch\u00e4ftsf\u00fchrer des <a href=\"https:\/\/zia-deutschland.de\/\">ZIA Zentraler Immobilien Ausschuss<\/a>. <\/strong><\/p>\n<!-- wp:paragraph {\"style\":{\"color\":{\"text\":\"#d51030\"},\"elements\":{\"link\":{\"color\":{\"text\":\"#d51030\"}}}}} -->\n<p class=\"has-text-color has-link-color\" style=\"color: #d51030;\"><strong>Johann Terres: Herr Dr. Lohse, im Rahmen der ENERGIE.CROSS.MEDIAL 2024 werden Sie aus dem Blickwinkel Ihrer Mitglieder die Politik der EU-Kommission bewerten. Wie sieht diese Bewertung aus? Wie beurteilt die Immobilienwirtschaft die bisherige Arbeit der aktuellen EU-Kommission?<\/strong><\/p>\n<!-- wp:paragraph -->\n<p><strong>Dr. Joachim Lohse: <\/strong>Von zentraler Bedeutung f\u00fcr die Immobilienwirtschaft ist die Geb\u00e4udeenergieeffizienz-Richtlinie (Energy Performance of Buildings Directive \u2013 EPBD), die sich gerade in der Endphase des Trilog-Verfahrens befindet. Der Kommissionsvorschlag basierte zu Recht auf den Grundgedanken, dass der Geb\u00e4udesektor fast 40 Prozent der europ\u00e4ischen CO2-Emissionen verursacht und dass der gr\u00f6\u00dfte Hebel bei den energetisch ineffizientesten Geb\u00e4uden angesetzt werden kann \u201cworst-first\u2018-Ansatz\u201c. Daraus leitete die Kommission Mindestziele (Minimum Energy Performance \u2013 MEPS) ab, bis zu welchem Effizienzniveau die Geb\u00e4ude bis zu einem Stichtag saniert sein m\u00fcssen. Der urspr\u00fcngliche Kommissionsvorschlag wurde dann vom Parlament teilweise noch versch\u00e4rft. Das hatte klimapolitisch durchaus seine Logik, h\u00e4tte aber in Bezug auf die diskutierten Zieljahre und Zielniveaus vielfach zu einer \u00dcberforderung zahlreicher Akteurinnen und Akteure gef\u00fchrt. Auf der Basis von EU-Kommissions- und Parlamentsentwurf w\u00e4re in 2030 oder 2033 ein riesiges Umsetzungs- und Vollzugsdefizit entstanden. Denn Sanktionen wie ein absolutes Vermietungs- und Vermarktungsverbot, wie es einigen Akteur:innen f\u00fcr den Fall ausbleibender Sanierungen wohl vorschwebte, w\u00e4re angesichts einer Gr\u00f6\u00dfenordnung von vermutlich 15 bis 25 Prozent des gesamten Wohnungsbestandes niemals durchsetzbar gewesen.<\/p>\n<!-- wp:paragraph {\"style\":{\"color\":{\"text\":\"#d51030\"},\"elements\":{\"link\":{\"color\":{\"text\":\"#d51030\"}}}}} -->\n<p class=\"has-text-color has-link-color\" style=\"color: #d51030;\"><strong>Johann Terres: Welche Impulse gibt Ihrer Meinung nach die Neufassung der EU-Geb\u00e4uderichtlinie?<\/strong><\/p>\n<!-- wp:paragraph -->\n<p><strong>Dr. Joachim Lohse:<\/strong> Auf Intervention des Ministerrates wurden die Ziele f\u00fcr Wohngeb\u00e4ude inzwischen so sehr verw\u00e4ssert, dass ihre Erreichung im Grunde \u00fcberhaupt nicht mehr \u00fcberpr\u00fcfbar sein wird: Die Mitgliedsstaaten sollen die ineffizientesten 43 Prozent ihrer Geb\u00e4ude identifizieren, und diese dann zu 55 Prozent sanieren \u2026 im Grunde nichts anderes als ein Appell an den freiwilligen Goodwill der Mitgliedsstaaten, sich dieser Aufgabe in irgendeiner Weise anzunehmen. Bei den Nichtwohngeb\u00e4uden ist der letzte Stand, dass der MEPS-Ansatz weitgehend erhalten bleiben soll, mutma\u00dflich unter Einr\u00e4umung gewisser Spielr\u00e4ume in Problemfeldern. Dann w\u00e4re wenigstens hier ein konkreter Impuls f\u00fcr den Klimaschutz gesetzt.<\/p>\n<!-- wp:paragraph {\"style\":{\"color\":{\"text\":\"#d51030\"},\"elements\":{\"link\":{\"color\":{\"text\":\"#d51030\"}}}}} -->\n<p class=\"has-text-color has-link-color\" style=\"color: #d51030;\"><strong>Johann Terres: Was sollte die Bundesregierung Ihrer Meinung nach als erstes tun, um die Geb\u00e4uderichtlinie umzusetzen?<\/strong><\/p>\n<!-- wp:paragraph -->\n<p><strong>Dr. Joachim Lohse:<\/strong> Die wichtigsten Schritte werden sein: erstens die Schaffung einer nationalen Geb\u00e4udedatenbank, um die ineffizientesten 43 Prozent \u00fcberhaupt identifizieren und deren Sanierungserfolg monitoren zu k\u00f6nnen. Dies muss \u2013 zweitens \u2013\u00a0 begleitet werden von einer Reform der Energieausweise, die bislang h\u00e4ufig nur von geringer Aussagekraft sind. Und das Ganze muss weiterhin durch F\u00f6rderprogramme flankiert werden, um soziale Verwerfungen, auch Insolvenzen von Wohnungsunternehmen, zu vermeiden.<\/p>\n<!-- wp:paragraph -->\n<p><strong><span style=\"color: #d51030;\">Johann Terres: Welche Erwartungen hat der Immobiliensektor an die neue EU-Kommission?<\/span><\/strong><\/p>\n<!-- wp:paragraph -->\n<p><strong>Dr. Joachim Lohse: <\/strong>Es m\u00fcssen zahlreiche EU-Richtlinien und -Verordnungen \u00fcberarbeitet werden, die einander gegenw\u00e4rtig diametral entgegenstehen. So konterkarieren die Regeln f\u00fcr nachhaltige Geldanlagen, wie z.B. die Taxonomie, vollst\u00e4ndig den \u201aworst-first\u2018-Ansatz der EPBD. Denn sie honoriert f\u00fcr Bestandshalter nur die Kapitalanlage in Geb\u00e4ude, die bereits energetisch optimiert sind. F\u00fcr den Klimaschutz viel bedeutsamer ist jedoch die \u00fcberdurchschnittliche Verbesserung von energetisch ineffizienten Bestandsimmobilien, selbst wenn dabei nicht ganz das absolute Top-Niveau, welches im Grunde nur im Neubau erzielbar ist, erreicht wird. Hier braucht es einen dynamischeren Ansatz, um wirklich die Transformation zu bef\u00f6rdern. Anderenfalls droht ein Szenario, in dem seri\u00f6se Eigent\u00fcmer(innen), die individuell f\u00fcr sich einen \u201egr\u00fcnen\u201c Geb\u00e4udebestand anstreben, gen\u00f6tigt werden, die nicht mit vertretbarem Aufwand auf ein absolutes Top-Niveau sanierbaren Geb\u00e4ude zu ver\u00e4u\u00dfern. Aufk\u00e4ufer:innen w\u00e4ren wom\u00f6glich Hazardeure, die gar nicht daran denken die Geb\u00e4ude zu sanieren, sondern diese vielmehr in unsaniertem Zustand so lange weiterhin vermieten wollen, wie sich dies noch irgendwie aufrechterhalten l\u00e4sst. Anstelle einer fl\u00e4chendeckenden Transformation des Geb\u00e4udebestandes entst\u00fcnde so letzten Endes eine riesige \u201abad bank\u2018 von Schrottimmobilien, die im Grunde nur noch in gro\u00dfem Stil abgerissen werden k\u00f6nnen.<\/p>\n<!-- wp:paragraph -->\n<p>Ebenfalls dringend \u00fcberarbeitet werden m\u00fcssen die ausufernden Berichtspflichten und Instrumente zur Bewertung der Nachhaltigkeit von Immobilien. Denn hier werden unter verschiedenen Regelwerken jeweils mehrere hundert, zum Teil ganz unterschiedliche Datenpunkte abgefragt, deren Erhebung einen immensen Aufwand verursacht, w\u00e4hrend die berichteten Werte f\u00fcr die jeweiligen Empf\u00e4nger(innen) kaum mehr interpretierbar sind. Wenn dann noch jeder einzelne Wert \u00fcber geeichte Messmethoden manipulationssicher ermittelt und anschlie\u00dfend durch unabh\u00e4ngige Dritte validiert werden soll, entsteht ein Paradies f\u00fcr Auditoren:innen \u00a0und Wirtschaftspr\u00fcfer:innen, das f\u00fcr die Immobilienwirtschaft zunehmend unbezahlbar wird, ohne dass f\u00fcr die Nachhaltigkeit irgendetwas gewonnen w\u00e4re.<\/p>\n<!-- wp:paragraph -->\n<p>Als Drittes zu nennen ist hier die Weiterentwicklung des europ\u00e4ischen Emissionshandels (ETS II), der ja mittelfristig die zentrale Steuerungsfunktion f\u00fcr verringerte Treibhausgasemissionen \u00fcbernehmen soll, wodurch ordnungsrechtliche Ans\u00e4tze wie die EPBD langfristig an Bedeutung verlieren werden.<\/p>\n<!-- wp:paragraph -->\n<p>Unsere wichtigste Erwartung an die neue EU-Kommission: Lasst uns mehr miteinander sprechen! Der Immobiliensektor ist bereit, seinen Beitrag zur klimagerechten Transformation des Geb\u00e4udebestandes zu leisten. Daf\u00fcr braucht es rational abgeleitete Ziele und realistische Zeitrahmen, die ambitioniert aber nicht unerreichbar sind. Und es braucht vor allem: mehr Richtungssicherheit, Planbarkeit und Verl\u00e4sslichkeit seitens der Politik.<\/p>\n<!-- \/wp:paragraph -->\t\t\t\t\t\t<\/div>\n\t\t\t\t<\/div>\n\t\t\t\t\t<\/div>\n\t\t<\/div>\n\t\t\t\t<div class=\"elementor-column elementor-col-33 elementor-top-column elementor-element elementor-element-9943cce\" data-id=\"9943cce\" data-element_type=\"column\" data-settings=\"{&quot;grandconference_ext_link_sidemenu&quot;:&quot;false&quot;,&quot;grandconference_ext_link_fullmenu&quot;:&quot;false&quot;,&quot;grandconference_ext_link_closed_fullmenu&quot;:&quot;false&quot;,&quot;grandconference_ext_is_sticky&quot;:&quot;false&quot;,&quot;grandconference_ext_is_scrollme&quot;:&quot;false&quot;,&quot;grandconference_ext_is_smoove&quot;:&quot;false&quot;,&quot;grandconference_ext_is_parallax_mouse&quot;:&quot;false&quot;,&quot;grandconference_ext_is_infinite&quot;:&quot;false&quot;,&quot;grandconference_ext_is_fadeout_animation&quot;:&quot;false&quot;,&quot;grandconference_ext_mobile_static&quot;:&quot;false&quot;}\">\n\t\t\t<div class=\"elementor-widget-wrap elementor-element-populated\">\n\t\t\t\t\t\t<div class=\"elementor-element elementor-element-a834204 elementor-widget elementor-widget-spacer\" data-id=\"a834204\" data-element_type=\"widget\" data-settings=\"{&quot;grandconference_ext_link_sidemenu&quot;:&quot;false&quot;,&quot;grandconference_ext_link_fullmenu&quot;:&quot;false&quot;,&quot;grandconference_ext_link_closed_fullmenu&quot;:&quot;false&quot;,&quot;grandconference_ext_is_sticky&quot;:&quot;false&quot;,&quot;grandconference_ext_is_scrollme&quot;:&quot;false&quot;,&quot;grandconference_ext_is_smoove&quot;:&quot;false&quot;,&quot;grandconference_ext_is_parallax_mouse&quot;:&quot;false&quot;,&quot;grandconference_ext_is_infinite&quot;:&quot;false&quot;,&quot;grandconference_ext_is_fadeout_animation&quot;:&quot;false&quot;,&quot;grandconference_ext_mobile_static&quot;:&quot;false&quot;}\" data-widget_type=\"spacer.default\">\n\t\t\t\t<div class=\"elementor-widget-container\">\n\t\t\t\t\t<div class=\"elementor-spacer\">\n\t\t\t<div class=\"elementor-spacer-inner\"><\/div>\n\t\t<\/div>\n\t\t\t\t<\/div>\n\t\t\t\t<\/div>\n\t\t\t\t<div class=\"elementor-element elementor-element-e2c4f4c elementor-widget elementor-widget-text-editor\" data-id=\"e2c4f4c\" data-element_type=\"widget\" data-settings=\"{&quot;grandconference_ext_link_sidemenu&quot;:&quot;false&quot;,&quot;grandconference_ext_link_fullmenu&quot;:&quot;false&quot;,&quot;grandconference_ext_link_closed_fullmenu&quot;:&quot;false&quot;,&quot;grandconference_ext_is_sticky&quot;:&quot;false&quot;,&quot;grandconference_ext_is_scrollme&quot;:&quot;false&quot;,&quot;grandconference_ext_is_smoove&quot;:&quot;false&quot;,&quot;grandconference_ext_is_parallax_mouse&quot;:&quot;false&quot;,&quot;grandconference_ext_is_infinite&quot;:&quot;false&quot;,&quot;grandconference_ext_is_fadeout_animation&quot;:&quot;false&quot;,&quot;grandconference_ext_mobile_static&quot;:&quot;false&quot;}\" data-widget_type=\"text-editor.default\">\n\t\t\t\t<div class=\"elementor-widget-container\">\n\t\t\t\t\t\t\t<h4 style=\"text-align: center;\">Autor<\/h4>\t\t\t\t\t\t<\/div>\n\t\t\t\t<\/div>\n\t\t\t\t<div class=\"elementor-element elementor-element-2be8ace elementor-widget elementor-widget-text-editor\" data-id=\"2be8ace\" data-element_type=\"widget\" data-settings=\"{&quot;grandconference_ext_link_sidemenu&quot;:&quot;false&quot;,&quot;grandconference_ext_link_fullmenu&quot;:&quot;false&quot;,&quot;grandconference_ext_link_closed_fullmenu&quot;:&quot;false&quot;,&quot;grandconference_ext_is_sticky&quot;:&quot;false&quot;,&quot;grandconference_ext_is_scrollme&quot;:&quot;false&quot;,&quot;grandconference_ext_is_smoove&quot;:&quot;false&quot;,&quot;grandconference_ext_is_parallax_mouse&quot;:&quot;false&quot;,&quot;grandconference_ext_is_infinite&quot;:&quot;false&quot;,&quot;grandconference_ext_is_fadeout_animation&quot;:&quot;false&quot;,&quot;grandconference_ext_mobile_static&quot;:&quot;false&quot;}\" data-widget_type=\"text-editor.default\">\n\t\t\t\t<div class=\"elementor-widget-container\">\n\t\t\t\t\t\t\t<p><img decoding=\"async\" class=\"aligncenter wp-image-7283 size-thumbnail\" src=\"https:\/\/www.energiecrossmedial.de\/wp-content\/uploads\/2023\/12\/Terres_800x800-150x150.png\" alt=\"\" width=\"150\" height=\"150\" \/><\/p>\n<h3 style=\"text-align: center;\">Johann Terres<\/h3>\n<p style=\"text-align: center;\">FSJ-Politik<br \/>+49 30 \/ 72 61 59 98 \u2013 6<br \/><a href=\"mailto:terres@zukunftsenergien.de\"><span class=\"color_red\">terres@zukunftsenergien.de<\/span><\/a><\/p>\t\t\t\t\t\t<\/div>\n\t\t\t\t<\/div>\n\t\t\t\t<div class=\"elementor-element elementor-element-a20ca96 elementor-grid-2 elementor-grid-tablet-2 elementor-grid-mobile-1 elementor-widget elementor-widget-portfolio\" data-id=\"a20ca96\" data-element_type=\"widget\" data-settings=\"{&quot;columns&quot;:&quot;2&quot;,&quot;masonry&quot;:&quot;yes&quot;,&quot;row_gap&quot;:{&quot;unit&quot;:&quot;px&quot;,&quot;size&quot;:5,&quot;sizes&quot;:[]},&quot;columns_tablet&quot;:&quot;2&quot;,&quot;columns_mobile&quot;:&quot;1&quot;,&quot;item_gap&quot;:{&quot;unit&quot;:&quot;px&quot;,&quot;size&quot;:&quot;&quot;,&quot;sizes&quot;:[]},&quot;grandconference_ext_link_sidemenu&quot;:&quot;false&quot;,&quot;grandconference_ext_link_fullmenu&quot;:&quot;false&quot;,&quot;grandconference_ext_link_closed_fullmenu&quot;:&quot;false&quot;,&quot;grandconference_ext_is_sticky&quot;:&quot;false&quot;,&quot;grandconference_ext_is_scrollme&quot;:&quot;false&quot;,&quot;grandconference_ext_is_smoove&quot;:&quot;false&quot;,&quot;grandconference_ext_is_parallax_mouse&quot;:&quot;false&quot;,&quot;grandconference_ext_is_infinite&quot;:&quot;false&quot;,&quot;grandconference_ext_is_fadeout_animation&quot;:&quot;false&quot;,&quot;grandconference_ext_mobile_static&quot;:&quot;false&quot;}\" data-widget_type=\"portfolio.default\">\n\t\t\t\t<div class=\"elementor-widget-container\">\n\t\t\t\t\t<div class=\"elementor-portfolio elementor-grid elementor-posts-container\">\n\t\t\t\t<article class=\"elementor-portfolio-item elementor-post  post-8189 post type-post status-publish format-standard has-post-thumbnail hentry category-allgemein category-interviews-2024\">\n\t\t\t<a class=\"elementor-post__thumbnail__link\" href=\"https:\/\/www.energiecrossmedial.de\/index.php\/2024\/03\/04\/interview-mit-achim-bothe\/\">\n\t\t\t\t<div class=\"elementor-portfolio-item__img elementor-post__thumbnail\">\n\t\t\t<img decoding=\"async\" width=\"150\" height=\"150\" src=\"https:\/\/www.energiecrossmedial.de\/wp-content\/uploads\/2024\/03\/Achim_Bothe-150x150.jpg\" class=\"attachment-thumbnail size-thumbnail wp-image-8212\" alt=\"\" \/>\t\t<\/div>\n\t\t\t\t<div class=\"elementor-portfolio-item__overlay\">\n\t\t\t\t<h3 class=\"elementor-portfolio-item__title\">\n\t\tInterview mit Achim Bothe\t\t<\/h3>\n\t\t\t\t<\/div>\n\t\t\t\t<\/a>\n\t\t<\/article>\n\t\t\t\t<article class=\"elementor-portfolio-item elementor-post  post-8137 post type-post status-publish format-standard has-post-thumbnail hentry category-allgemein category-interviews-2024\">\n\t\t\t<a class=\"elementor-post__thumbnail__link\" href=\"https:\/\/www.energiecrossmedial.de\/index.php\/2024\/03\/01\/interview-mit-prof-dr-gerald-linke\/\">\n\t\t\t\t<div class=\"elementor-portfolio-item__img elementor-post__thumbnail\">\n\t\t\t<img loading=\"lazy\" decoding=\"async\" width=\"150\" height=\"150\" src=\"https:\/\/www.energiecrossmedial.de\/wp-content\/uploads\/2024\/02\/gerald-linke-dvgw-150x150.jpg\" class=\"attachment-thumbnail size-thumbnail wp-image-8175\" alt=\"\" \/>\t\t<\/div>\n\t\t\t\t<div class=\"elementor-portfolio-item__overlay\">\n\t\t\t\t<h3 class=\"elementor-portfolio-item__title\">\n\t\tInterview mit Prof. Dr. Gerald Linke\t\t<\/h3>\n\t\t\t\t<\/div>\n\t\t\t\t<\/a>\n\t\t<\/article>\n\t\t\t\t<article class=\"elementor-portfolio-item elementor-post  post-8124 post type-post status-publish format-standard has-post-thumbnail hentry category-allgemein category-interviews-2024\">\n\t\t\t<a class=\"elementor-post__thumbnail__link\" href=\"https:\/\/www.energiecrossmedial.de\/index.php\/2024\/02\/27\/interview-mit-prof-dr-joerg-steinbach\/\">\n\t\t\t\t<div class=\"elementor-portfolio-item__img elementor-post__thumbnail\">\n\t\t\t<img loading=\"lazy\" decoding=\"async\" width=\"150\" height=\"150\" src=\"https:\/\/www.energiecrossmedial.de\/wp-content\/uploads\/2024\/02\/Steinbach_20_small_Till_Budde-150x150.jpg\" class=\"attachment-thumbnail size-thumbnail wp-image-8147\" alt=\"\" \/>\t\t<\/div>\n\t\t\t\t<div class=\"elementor-portfolio-item__overlay\">\n\t\t\t\t<h3 class=\"elementor-portfolio-item__title\">\n\t\tInterview mit Prof. Dr. J\u00f6rg Steinbach\t\t<\/h3>\n\t\t\t\t<\/div>\n\t\t\t\t<\/a>\n\t\t<\/article>\n\t\t\t\t<article class=\"elementor-portfolio-item elementor-post  post-8114 post type-post status-publish format-standard has-post-thumbnail hentry category-allgemein category-interviews-2024\">\n\t\t\t<a class=\"elementor-post__thumbnail__link\" href=\"https:\/\/www.energiecrossmedial.de\/index.php\/2024\/02\/26\/interview-mit-dr-martin-wansleben\/\">\n\t\t\t\t<div class=\"elementor-portfolio-item__img elementor-post__thumbnail\">\n\t\t\t<img loading=\"lazy\" decoding=\"async\" width=\"150\" height=\"150\" src=\"https:\/\/www.energiecrossmedial.de\/wp-content\/uploads\/2024\/02\/MK3_5545-Bearbeitet-150x150.jpg\" class=\"attachment-thumbnail size-thumbnail wp-image-8145\" alt=\"\" \/>\t\t<\/div>\n\t\t\t\t<div class=\"elementor-portfolio-item__overlay\">\n\t\t\t\t<h3 class=\"elementor-portfolio-item__title\">\n\t\tInterview mit Dr. Martin Wansleben\t\t<\/h3>\n\t\t\t\t<\/div>\n\t\t\t\t<\/a>\n\t\t<\/article>\n\t\t\t\t<\/div>\n\t\t\t\t<\/div>\n\t\t\t\t<\/div>\n\t\t\t\t\t<\/div>\n\t\t<\/div>\n\t\t\t\t\t<\/div>\n\t\t<\/section>\n\t\t\t\t<\/div>\n\t\t","protected":false},"excerpt":{"rendered":"<p>Im Interview zieht Dr. Joachim Lohse, Gesch\u00e4ftsf\u00fchrer des ZIA Zentraler Immobilen Ausschuss e.V., seine wohnungs- und baupolitische Bilanz der europ\u00e4ischen Kommission und gibt Impulse f\u00fcr die bevorstehende Legislaturperiode. Auf der EXM24 wird Dr. Joachim Lohse in Session 1 einen Vortrag zur kommunalen W\u00e4rmeplanung halten.<\/p>\n","protected":false},"author":7,"featured_media":8086,"comment_status":"open","ping_status":"open","sticky":false,"template":"","format":"standard","meta":{"_acf_changed":false,"_jetpack_memberships_contains_paid_content":false,"footnotes":""},"categories":[1,114],"tags":[],"class_list":["post-8063","post","type-post","status-publish","format-standard","has-post-thumbnail","hentry","category-allgemein","category-interviews-2024"],"acf":[],"yoast_head":"<!-- This site is optimized with the Yoast SEO plugin v24.0 - https:\/\/yoast.com\/wordpress\/plugins\/seo\/ -->\n<title>Interview mit Dr. Joachim Lohse - ENERGIE.CROSS.MEDIAL<\/title>\n<meta name=\"robots\" content=\"index, follow, max-snippet:-1, max-image-preview:large, max-video-preview:-1\" \/>\n<link rel=\"canonical\" href=\"https:\/\/www.energiecrossmedial.de\/index.php\/2024\/02\/16\/interview-mit-dr-joachim-lohse\/\" \/>\n<meta property=\"og:locale\" content=\"de_DE\" \/>\n<meta property=\"og:type\" content=\"article\" \/>\n<meta property=\"og:title\" content=\"Interview mit Dr. Joachim Lohse - ENERGIE.CROSS.MEDIAL\" \/>\n<meta property=\"og:description\" content=\"Im Interview zieht Dr. Joachim Lohse, Gesch\u00e4ftsf\u00fchrer des ZIA Zentraler Immobilen Ausschuss e.V., seine wohnungs- und baupolitische Bilanz der europ\u00e4ischen Kommission und gibt Impulse f\u00fcr die bevorstehende Legislaturperiode. Auf der EXM24 wird Dr. Joachim Lohse in Session 1 einen Vortrag zur kommunalen W\u00e4rmeplanung halten.\" \/>\n<meta property=\"og:url\" content=\"https:\/\/www.energiecrossmedial.de\/index.php\/2024\/02\/16\/interview-mit-dr-joachim-lohse\/\" \/>\n<meta property=\"og:site_name\" content=\"ENERGIE.CROSS.MEDIAL\" \/>\n<meta property=\"article:published_time\" content=\"2024-02-16T13:04:23+00:00\" \/>\n<meta property=\"article:modified_time\" content=\"2024-02-19T10:55:15+00:00\" \/>\n<meta property=\"og:image\" content=\"https:\/\/www.energiecrossmedial.de\/wp-content\/uploads\/2024\/02\/zia_pressefoto_lohse_02.jpg\" \/>\n\t<meta property=\"og:image:width\" content=\"2560\" \/>\n\t<meta property=\"og:image:height\" content=\"1707\" \/>\n\t<meta property=\"og:image:type\" content=\"image\/jpeg\" \/>\n<meta name=\"author\" content=\"Johann Terres\" \/>\n<meta name=\"twitter:card\" content=\"summary_large_image\" \/>\n<meta name=\"twitter:creator\" content=\"@EnergieXMedial\" \/>\n<meta name=\"twitter:site\" content=\"@EnergieXMedial\" \/>\n<meta name=\"twitter:label1\" content=\"Verfasst von\" \/>\n\t<meta name=\"twitter:data1\" content=\"Johann Terres\" \/>\n\t<meta name=\"twitter:label2\" content=\"Gesch\u00e4tzte Lesezeit\" \/>\n\t<meta name=\"twitter:data2\" content=\"6\u00a0Minuten\" \/>\n<script type=\"application\/ld+json\" class=\"yoast-schema-graph\">{\"@context\":\"https:\/\/schema.org\",\"@graph\":[{\"@type\":\"Article\",\"@id\":\"https:\/\/www.energiecrossmedial.de\/index.php\/2024\/02\/16\/interview-mit-dr-joachim-lohse\/#article\",\"isPartOf\":{\"@id\":\"https:\/\/www.energiecrossmedial.de\/index.php\/2024\/02\/16\/interview-mit-dr-joachim-lohse\/\"},\"author\":{\"name\":\"Johann Terres\",\"@id\":\"https:\/\/www.energiecrossmedial.de\/#\/schema\/person\/c47b77575fdae990fb185d6b00f52a75\"},\"headline\":\"Interview mit Dr. Joachim Lohse\",\"datePublished\":\"2024-02-16T13:04:23+00:00\",\"dateModified\":\"2024-02-19T10:55:15+00:00\",\"mainEntityOfPage\":{\"@id\":\"https:\/\/www.energiecrossmedial.de\/index.php\/2024\/02\/16\/interview-mit-dr-joachim-lohse\/\"},\"wordCount\":886,\"commentCount\":0,\"publisher\":{\"@id\":\"https:\/\/www.energiecrossmedial.de\/#organization\"},\"image\":{\"@id\":\"https:\/\/www.energiecrossmedial.de\/index.php\/2024\/02\/16\/interview-mit-dr-joachim-lohse\/#primaryimage\"},\"thumbnailUrl\":\"https:\/\/www.energiecrossmedial.de\/wp-content\/uploads\/2024\/02\/zia_pressefoto_lohse_02.jpg\",\"articleSection\":{\"1\":\"Interviews 2024\"},\"inLanguage\":\"de\",\"potentialAction\":[{\"@type\":\"CommentAction\",\"name\":\"Comment\",\"target\":[\"https:\/\/www.energiecrossmedial.de\/index.php\/2024\/02\/16\/interview-mit-dr-joachim-lohse\/#respond\"]}]},{\"@type\":\"WebPage\",\"@id\":\"https:\/\/www.energiecrossmedial.de\/index.php\/2024\/02\/16\/interview-mit-dr-joachim-lohse\/\",\"url\":\"https:\/\/www.energiecrossmedial.de\/index.php\/2024\/02\/16\/interview-mit-dr-joachim-lohse\/\",\"name\":\"Interview mit Dr. Joachim Lohse - ENERGIE.CROSS.MEDIAL\",\"isPartOf\":{\"@id\":\"https:\/\/www.energiecrossmedial.de\/#website\"},\"primaryImageOfPage\":{\"@id\":\"https:\/\/www.energiecrossmedial.de\/index.php\/2024\/02\/16\/interview-mit-dr-joachim-lohse\/#primaryimage\"},\"image\":{\"@id\":\"https:\/\/www.energiecrossmedial.de\/index.php\/2024\/02\/16\/interview-mit-dr-joachim-lohse\/#primaryimage\"},\"thumbnailUrl\":\"https:\/\/www.energiecrossmedial.de\/wp-content\/uploads\/2024\/02\/zia_pressefoto_lohse_02.jpg\",\"datePublished\":\"2024-02-16T13:04:23+00:00\",\"dateModified\":\"2024-02-19T10:55:15+00:00\",\"breadcrumb\":{\"@id\":\"https:\/\/www.energiecrossmedial.de\/index.php\/2024\/02\/16\/interview-mit-dr-joachim-lohse\/#breadcrumb\"},\"inLanguage\":\"de\",\"potentialAction\":[{\"@type\":\"ReadAction\",\"target\":[\"https:\/\/www.energiecrossmedial.de\/index.php\/2024\/02\/16\/interview-mit-dr-joachim-lohse\/\"]}]},{\"@type\":\"ImageObject\",\"inLanguage\":\"de\",\"@id\":\"https:\/\/www.energiecrossmedial.de\/index.php\/2024\/02\/16\/interview-mit-dr-joachim-lohse\/#primaryimage\",\"url\":\"https:\/\/www.energiecrossmedial.de\/wp-content\/uploads\/2024\/02\/zia_pressefoto_lohse_02.jpg\",\"contentUrl\":\"https:\/\/www.energiecrossmedial.de\/wp-content\/uploads\/2024\/02\/zia_pressefoto_lohse_02.jpg\",\"width\":2560,\"height\":1707,\"caption\":\"Senator f\u00fcr Umwelt, Bau und Verkehr der freien Hansestadt Bremen, Joachim Lohse, 8\/2017\"},{\"@type\":\"BreadcrumbList\",\"@id\":\"https:\/\/www.energiecrossmedial.de\/index.php\/2024\/02\/16\/interview-mit-dr-joachim-lohse\/#breadcrumb\",\"itemListElement\":[{\"@type\":\"ListItem\",\"position\":1,\"name\":\"Startseite\",\"item\":\"https:\/\/www.energiecrossmedial.de\/\"},{\"@type\":\"ListItem\",\"position\":2,\"name\":\"Interview mit Dr. Joachim Lohse\"}]},{\"@type\":\"WebSite\",\"@id\":\"https:\/\/www.energiecrossmedial.de\/#website\",\"url\":\"https:\/\/www.energiecrossmedial.de\/\",\"name\":\"ENERGIE.CROSS.MEDIAL - das forum der energiewende\",\"description\":\"das forum der energiewende\",\"publisher\":{\"@id\":\"https:\/\/www.energiecrossmedial.de\/#organization\"},\"potentialAction\":[{\"@type\":\"SearchAction\",\"target\":{\"@type\":\"EntryPoint\",\"urlTemplate\":\"https:\/\/www.energiecrossmedial.de\/?s={search_term_string}\"},\"query-input\":{\"@type\":\"PropertyValueSpecification\",\"valueRequired\":true,\"valueName\":\"search_term_string\"}}],\"inLanguage\":\"de\"},{\"@type\":\"Organization\",\"@id\":\"https:\/\/www.energiecrossmedial.de\/#organization\",\"name\":\"ENERGIE.CROSS.MEDIAL - das forum der energiewende\",\"url\":\"https:\/\/www.energiecrossmedial.de\/\",\"logo\":{\"@type\":\"ImageObject\",\"inLanguage\":\"de\",\"@id\":\"https:\/\/www.energiecrossmedial.de\/#\/schema\/logo\/image\/\",\"url\":\"https:\/\/www.energiecrossmedial.de\/wp-content\/uploads\/2023\/09\/cropped-Website_Icon.png\",\"contentUrl\":\"https:\/\/www.energiecrossmedial.de\/wp-content\/uploads\/2023\/09\/cropped-Website_Icon.png\",\"width\":512,\"height\":512,\"caption\":\"ENERGIE.CROSS.MEDIAL - das forum der energiewende\"},\"image\":{\"@id\":\"https:\/\/www.energiecrossmedial.de\/#\/schema\/logo\/image\/\"},\"sameAs\":[\"https:\/\/x.com\/EnergieXMedial\",\"https:\/\/www.linkedin.com\/company\/zukunftsenergien\/\"]},{\"@type\":\"Person\",\"@id\":\"https:\/\/www.energiecrossmedial.de\/#\/schema\/person\/c47b77575fdae990fb185d6b00f52a75\",\"name\":\"Johann Terres\",\"image\":{\"@type\":\"ImageObject\",\"inLanguage\":\"de\",\"@id\":\"https:\/\/www.energiecrossmedial.de\/#\/schema\/person\/image\/\",\"url\":\"https:\/\/secure.gravatar.com\/avatar\/d6a1fcc62be2782dcf3c873d73beac90?s=96&d=mm&r=g\",\"contentUrl\":\"https:\/\/secure.gravatar.com\/avatar\/d6a1fcc62be2782dcf3c873d73beac90?s=96&d=mm&r=g\",\"caption\":\"Johann Terres\"},\"url\":\"https:\/\/www.energiecrossmedial.de\/index.php\/author\/terres\/\"}]}<\/script>\n<!-- \/ Yoast SEO plugin. -->","yoast_head_json":{"title":"Interview mit Dr. Joachim Lohse - ENERGIE.CROSS.MEDIAL","robots":{"index":"index","follow":"follow","max-snippet":"max-snippet:-1","max-image-preview":"max-image-preview:large","max-video-preview":"max-video-preview:-1"},"canonical":"https:\/\/www.energiecrossmedial.de\/index.php\/2024\/02\/16\/interview-mit-dr-joachim-lohse\/","og_locale":"de_DE","og_type":"article","og_title":"Interview mit Dr. Joachim Lohse - ENERGIE.CROSS.MEDIAL","og_description":"Im Interview zieht Dr. Joachim Lohse, Gesch\u00e4ftsf\u00fchrer des ZIA Zentraler Immobilen Ausschuss e.V., seine wohnungs- und baupolitische Bilanz der europ\u00e4ischen Kommission und gibt Impulse f\u00fcr die bevorstehende Legislaturperiode. Auf der EXM24 wird Dr. Joachim Lohse in Session 1 einen Vortrag zur kommunalen W\u00e4rmeplanung halten.","og_url":"https:\/\/www.energiecrossmedial.de\/index.php\/2024\/02\/16\/interview-mit-dr-joachim-lohse\/","og_site_name":"ENERGIE.CROSS.MEDIAL","article_published_time":"2024-02-16T13:04:23+00:00","article_modified_time":"2024-02-19T10:55:15+00:00","og_image":[{"width":2560,"height":1707,"url":"https:\/\/www.energiecrossmedial.de\/wp-content\/uploads\/2024\/02\/zia_pressefoto_lohse_02.jpg","type":"image\/jpeg"}],"author":"Johann Terres","twitter_card":"summary_large_image","twitter_creator":"@EnergieXMedial","twitter_site":"@EnergieXMedial","twitter_misc":{"Verfasst von":"Johann Terres","Gesch\u00e4tzte Lesezeit":"6\u00a0Minuten"},"schema":{"@context":"https:\/\/schema.org","@graph":[{"@type":"Article","@id":"https:\/\/www.energiecrossmedial.de\/index.php\/2024\/02\/16\/interview-mit-dr-joachim-lohse\/#article","isPartOf":{"@id":"https:\/\/www.energiecrossmedial.de\/index.php\/2024\/02\/16\/interview-mit-dr-joachim-lohse\/"},"author":{"name":"Johann Terres","@id":"https:\/\/www.energiecrossmedial.de\/#\/schema\/person\/c47b77575fdae990fb185d6b00f52a75"},"headline":"Interview mit Dr. Joachim Lohse","datePublished":"2024-02-16T13:04:23+00:00","dateModified":"2024-02-19T10:55:15+00:00","mainEntityOfPage":{"@id":"https:\/\/www.energiecrossmedial.de\/index.php\/2024\/02\/16\/interview-mit-dr-joachim-lohse\/"},"wordCount":886,"commentCount":0,"publisher":{"@id":"https:\/\/www.energiecrossmedial.de\/#organization"},"image":{"@id":"https:\/\/www.energiecrossmedial.de\/index.php\/2024\/02\/16\/interview-mit-dr-joachim-lohse\/#primaryimage"},"thumbnailUrl":"https:\/\/www.energiecrossmedial.de\/wp-content\/uploads\/2024\/02\/zia_pressefoto_lohse_02.jpg","articleSection":{"1":"Interviews 2024"},"inLanguage":"de","potentialAction":[{"@type":"CommentAction","name":"Comment","target":["https:\/\/www.energiecrossmedial.de\/index.php\/2024\/02\/16\/interview-mit-dr-joachim-lohse\/#respond"]}]},{"@type":"WebPage","@id":"https:\/\/www.energiecrossmedial.de\/index.php\/2024\/02\/16\/interview-mit-dr-joachim-lohse\/","url":"https:\/\/www.energiecrossmedial.de\/index.php\/2024\/02\/16\/interview-mit-dr-joachim-lohse\/","name":"Interview mit Dr. Joachim Lohse - ENERGIE.CROSS.MEDIAL","isPartOf":{"@id":"https:\/\/www.energiecrossmedial.de\/#website"},"primaryImageOfPage":{"@id":"https:\/\/www.energiecrossmedial.de\/index.php\/2024\/02\/16\/interview-mit-dr-joachim-lohse\/#primaryimage"},"image":{"@id":"https:\/\/www.energiecrossmedial.de\/index.php\/2024\/02\/16\/interview-mit-dr-joachim-lohse\/#primaryimage"},"thumbnailUrl":"https:\/\/www.energiecrossmedial.de\/wp-content\/uploads\/2024\/02\/zia_pressefoto_lohse_02.jpg","datePublished":"2024-02-16T13:04:23+00:00","dateModified":"2024-02-19T10:55:15+00:00","breadcrumb":{"@id":"https:\/\/www.energiecrossmedial.de\/index.php\/2024\/02\/16\/interview-mit-dr-joachim-lohse\/#breadcrumb"},"inLanguage":"de","potentialAction":[{"@type":"ReadAction","target":["https:\/\/www.energiecrossmedial.de\/index.php\/2024\/02\/16\/interview-mit-dr-joachim-lohse\/"]}]},{"@type":"ImageObject","inLanguage":"de","@id":"https:\/\/www.energiecrossmedial.de\/index.php\/2024\/02\/16\/interview-mit-dr-joachim-lohse\/#primaryimage","url":"https:\/\/www.energiecrossmedial.de\/wp-content\/uploads\/2024\/02\/zia_pressefoto_lohse_02.jpg","contentUrl":"https:\/\/www.energiecrossmedial.de\/wp-content\/uploads\/2024\/02\/zia_pressefoto_lohse_02.jpg","width":2560,"height":1707,"caption":"Senator f\u00fcr Umwelt, Bau und Verkehr der freien Hansestadt Bremen, Joachim Lohse, 8\/2017"},{"@type":"BreadcrumbList","@id":"https:\/\/www.energiecrossmedial.de\/index.php\/2024\/02\/16\/interview-mit-dr-joachim-lohse\/#breadcrumb","itemListElement":[{"@type":"ListItem","position":1,"name":"Startseite","item":"https:\/\/www.energiecrossmedial.de\/"},{"@type":"ListItem","position":2,"name":"Interview mit Dr. Joachim Lohse"}]},{"@type":"WebSite","@id":"https:\/\/www.energiecrossmedial.de\/#website","url":"https:\/\/www.energiecrossmedial.de\/","name":"ENERGIE.CROSS.MEDIAL - das forum der energiewende","description":"das forum der energiewende","publisher":{"@id":"https:\/\/www.energiecrossmedial.de\/#organization"},"potentialAction":[{"@type":"SearchAction","target":{"@type":"EntryPoint","urlTemplate":"https:\/\/www.energiecrossmedial.de\/?s={search_term_string}"},"query-input":{"@type":"PropertyValueSpecification","valueRequired":true,"valueName":"search_term_string"}}],"inLanguage":"de"},{"@type":"Organization","@id":"https:\/\/www.energiecrossmedial.de\/#organization","name":"ENERGIE.CROSS.MEDIAL - das forum der energiewende","url":"https:\/\/www.energiecrossmedial.de\/","logo":{"@type":"ImageObject","inLanguage":"de","@id":"https:\/\/www.energiecrossmedial.de\/#\/schema\/logo\/image\/","url":"https:\/\/www.energiecrossmedial.de\/wp-content\/uploads\/2023\/09\/cropped-Website_Icon.png","contentUrl":"https:\/\/www.energiecrossmedial.de\/wp-content\/uploads\/2023\/09\/cropped-Website_Icon.png","width":512,"height":512,"caption":"ENERGIE.CROSS.MEDIAL - das forum der energiewende"},"image":{"@id":"https:\/\/www.energiecrossmedial.de\/#\/schema\/logo\/image\/"},"sameAs":["https:\/\/x.com\/EnergieXMedial","https:\/\/www.linkedin.com\/company\/zukunftsenergien\/"]},{"@type":"Person","@id":"https:\/\/www.energiecrossmedial.de\/#\/schema\/person\/c47b77575fdae990fb185d6b00f52a75","name":"Johann Terres","image":{"@type":"ImageObject","inLanguage":"de","@id":"https:\/\/www.energiecrossmedial.de\/#\/schema\/person\/image\/","url":"https:\/\/secure.gravatar.com\/avatar\/d6a1fcc62be2782dcf3c873d73beac90?s=96&d=mm&r=g","contentUrl":"https:\/\/secure.gravatar.com\/avatar\/d6a1fcc62be2782dcf3c873d73beac90?s=96&d=mm&r=g","caption":"Johann Terres"},"url":"https:\/\/www.energiecrossmedial.de\/index.php\/author\/terres\/"}]}},"jetpack_featured_media_url":"https:\/\/www.energiecrossmedial.de\/wp-content\/uploads\/2024\/02\/zia_pressefoto_lohse_02.jpg","jetpack_sharing_enabled":true,"_links":{"self":[{"href":"https:\/\/www.energiecrossmedial.de\/index.php\/wp-json\/wp\/v2\/posts\/8063","targetHints":{"allow":["GET"]}}],"collection":[{"href":"https:\/\/www.energiecrossmedial.de\/index.php\/wp-json\/wp\/v2\/posts"}],"about":[{"href":"https:\/\/www.energiecrossmedial.de\/index.php\/wp-json\/wp\/v2\/types\/post"}],"author":[{"embeddable":true,"href":"https:\/\/www.energiecrossmedial.de\/index.php\/wp-json\/wp\/v2\/users\/7"}],"replies":[{"embeddable":true,"href":"https:\/\/www.energiecrossmedial.de\/index.php\/wp-json\/wp\/v2\/comments?post=8063"}],"version-history":[{"count":15,"href":"https:\/\/www.energiecrossmedial.de\/index.php\/wp-json\/wp\/v2\/posts\/8063\/revisions"}],"predecessor-version":[{"id":8089,"href":"https:\/\/www.energiecrossmedial.de\/index.php\/wp-json\/wp\/v2\/posts\/8063\/revisions\/8089"}],"wp:featuredmedia":[{"embeddable":true,"href":"https:\/\/www.energiecrossmedial.de\/index.php\/wp-json\/wp\/v2\/media\/8086"}],"wp:attachment":[{"href":"https:\/\/www.energiecrossmedial.de\/index.php\/wp-json\/wp\/v2\/media?parent=8063"}],"wp:term":[{"taxonomy":"category","embeddable":true,"href":"https:\/\/www.energiecrossmedial.de\/index.php\/wp-json\/wp\/v2\/categories?post=8063"},{"taxonomy":"post_tag","embeddable":true,"href":"https:\/\/www.energiecrossmedial.de\/index.php\/wp-json\/wp\/v2\/tags?post=8063"}],"curies":[{"name":"wp","href":"https:\/\/api.w.org\/{rel}","templated":true}]}}