{"id":8124,"date":"2024-02-27T16:21:11","date_gmt":"2024-02-27T15:21:11","guid":{"rendered":"https:\/\/www.energiecrossmedial.de\/?p=8124"},"modified":"2024-02-27T16:21:19","modified_gmt":"2024-02-27T15:21:19","slug":"interview-mit-prof-dr-joerg-steinbach","status":"publish","type":"post","link":"https:\/\/www.energiecrossmedial.de\/index.php\/2024\/02\/27\/interview-mit-prof-dr-joerg-steinbach\/","title":{"rendered":"Interview mit Prof. Dr. J\u00f6rg Steinbach"},"content":{"rendered":"\t\t<div data-elementor-type=\"wp-post\" data-elementor-id=\"8124\" class=\"elementor elementor-8124\" data-elementor-post-type=\"post\">\n\t\t\t\t\t\t<section class=\"elementor-section elementor-top-section elementor-element elementor-element-57f8fa6 elementor-section-boxed elementor-section-height-default elementor-section-height-default\" data-id=\"57f8fa6\" data-element_type=\"section\" data-settings=\"{&quot;grandconference_ext_is_background_parallax&quot;:&quot;false&quot;,&quot;grandconference_ext_is_background_backdrop&quot;:&quot;false&quot;,&quot;grandconference_ext_is_background_on_scroll&quot;:&quot;false&quot;}\">\n\t\t\t\t\t\t<div class=\"elementor-container elementor-column-gap-default\">\n\t\t\t\t\t<div class=\"elementor-column elementor-col-100 elementor-top-column elementor-element elementor-element-ee5a398\" data-id=\"ee5a398\" data-element_type=\"column\" data-settings=\"{&quot;grandconference_ext_link_sidemenu&quot;:&quot;false&quot;,&quot;grandconference_ext_link_fullmenu&quot;:&quot;false&quot;,&quot;grandconference_ext_link_closed_fullmenu&quot;:&quot;false&quot;,&quot;grandconference_ext_is_sticky&quot;:&quot;false&quot;,&quot;grandconference_ext_is_scrollme&quot;:&quot;false&quot;,&quot;grandconference_ext_is_smoove&quot;:&quot;false&quot;,&quot;grandconference_ext_is_parallax_mouse&quot;:&quot;false&quot;,&quot;grandconference_ext_is_infinite&quot;:&quot;false&quot;,&quot;grandconference_ext_is_fadeout_animation&quot;:&quot;false&quot;,&quot;grandconference_ext_mobile_static&quot;:&quot;false&quot;}\">\n\t\t\t<div class=\"elementor-widget-wrap elementor-element-populated\">\n\t\t\t\t\t\t<div class=\"elementor-element elementor-element-6677604 elementor-widget elementor-widget-heading\" data-id=\"6677604\" data-element_type=\"widget\" data-settings=\"{&quot;grandconference_ext_link_sidemenu&quot;:&quot;false&quot;,&quot;grandconference_ext_link_fullmenu&quot;:&quot;false&quot;,&quot;grandconference_ext_link_closed_fullmenu&quot;:&quot;false&quot;,&quot;grandconference_ext_is_sticky&quot;:&quot;false&quot;,&quot;grandconference_ext_is_scrollme&quot;:&quot;false&quot;,&quot;grandconference_ext_is_smoove&quot;:&quot;false&quot;,&quot;grandconference_ext_is_parallax_mouse&quot;:&quot;false&quot;,&quot;grandconference_ext_is_infinite&quot;:&quot;false&quot;,&quot;grandconference_ext_is_fadeout_animation&quot;:&quot;false&quot;,&quot;grandconference_ext_mobile_static&quot;:&quot;false&quot;}\" data-widget_type=\"heading.default\">\n\t\t\t\t<div class=\"elementor-widget-container\">\n\t\t\t<h2 class=\"elementor-heading-title elementor-size-default\">Interview mit Minister Prof. Dr. J\u00f6rg Steinbach<\/h2>\t\t<\/div>\n\t\t\t\t<\/div>\n\t\t\t\t\t<\/div>\n\t\t<\/div>\n\t\t\t\t\t<\/div>\n\t\t<\/section>\n\t\t\t\t<section class=\"elementor-section elementor-top-section elementor-element elementor-element-1a6c21a elementor-section-boxed elementor-section-height-default elementor-section-height-default\" data-id=\"1a6c21a\" data-element_type=\"section\" data-settings=\"{&quot;grandconference_ext_is_background_parallax&quot;:&quot;false&quot;,&quot;grandconference_ext_is_background_backdrop&quot;:&quot;false&quot;,&quot;grandconference_ext_is_background_on_scroll&quot;:&quot;false&quot;}\">\n\t\t\t\t\t\t<div class=\"elementor-container elementor-column-gap-default\">\n\t\t\t\t\t<div class=\"elementor-column elementor-col-66 elementor-top-column elementor-element elementor-element-1e0d701\" data-id=\"1e0d701\" data-element_type=\"column\" data-settings=\"{&quot;grandconference_ext_link_sidemenu&quot;:&quot;false&quot;,&quot;grandconference_ext_link_fullmenu&quot;:&quot;false&quot;,&quot;grandconference_ext_link_closed_fullmenu&quot;:&quot;false&quot;,&quot;grandconference_ext_is_sticky&quot;:&quot;false&quot;,&quot;grandconference_ext_is_scrollme&quot;:&quot;false&quot;,&quot;grandconference_ext_is_smoove&quot;:&quot;false&quot;,&quot;grandconference_ext_is_parallax_mouse&quot;:&quot;false&quot;,&quot;grandconference_ext_is_infinite&quot;:&quot;false&quot;,&quot;grandconference_ext_is_fadeout_animation&quot;:&quot;false&quot;,&quot;grandconference_ext_mobile_static&quot;:&quot;false&quot;}\">\n\t\t\t<div class=\"elementor-widget-wrap elementor-element-populated\">\n\t\t\t\t\t\t<div class=\"elementor-element elementor-element-0f65a84 elementor-widget elementor-widget-image\" data-id=\"0f65a84\" data-element_type=\"widget\" data-settings=\"{&quot;grandconference_image_is_animation&quot;:&quot;false&quot;,&quot;grandconference_ext_link_sidemenu&quot;:&quot;false&quot;,&quot;grandconference_ext_link_fullmenu&quot;:&quot;false&quot;,&quot;grandconference_ext_link_closed_fullmenu&quot;:&quot;false&quot;,&quot;grandconference_ext_is_sticky&quot;:&quot;false&quot;,&quot;grandconference_ext_is_scrollme&quot;:&quot;false&quot;,&quot;grandconference_ext_is_smoove&quot;:&quot;false&quot;,&quot;grandconference_ext_is_parallax_mouse&quot;:&quot;false&quot;,&quot;grandconference_ext_is_infinite&quot;:&quot;false&quot;,&quot;grandconference_ext_is_fadeout_animation&quot;:&quot;false&quot;,&quot;grandconference_ext_mobile_static&quot;:&quot;false&quot;}\" data-widget_type=\"image.default\">\n\t\t\t\t<div class=\"elementor-widget-container\">\n\t\t\t\t\t\t\t\t\t\t\t\t\t<img fetchpriority=\"high\" decoding=\"async\" width=\"1024\" height=\"341\" src=\"https:\/\/www.energiecrossmedial.de\/wp-content\/uploads\/2024\/02\/Interview-Banner-Steinbach-1200x400px-1024x341.jpg\" class=\"attachment-large size-large wp-image-8126\" alt=\"\" \/>\t\t\t\t\t\t\t\t\t\t\t\t\t<\/div>\n\t\t\t\t<\/div>\n\t\t\t\t<div class=\"elementor-element elementor-element-f38e5ef elementor-widget elementor-widget-text-editor\" data-id=\"f38e5ef\" data-element_type=\"widget\" data-settings=\"{&quot;grandconference_ext_link_sidemenu&quot;:&quot;false&quot;,&quot;grandconference_ext_link_fullmenu&quot;:&quot;false&quot;,&quot;grandconference_ext_link_closed_fullmenu&quot;:&quot;false&quot;,&quot;grandconference_ext_is_sticky&quot;:&quot;false&quot;,&quot;grandconference_ext_is_scrollme&quot;:&quot;false&quot;,&quot;grandconference_ext_is_smoove&quot;:&quot;false&quot;,&quot;grandconference_ext_is_parallax_mouse&quot;:&quot;false&quot;,&quot;grandconference_ext_is_infinite&quot;:&quot;false&quot;,&quot;grandconference_ext_is_fadeout_animation&quot;:&quot;false&quot;,&quot;grandconference_ext_mobile_static&quot;:&quot;false&quot;}\" data-widget_type=\"text-editor.default\">\n\t\t\t\t<div class=\"elementor-widget-container\">\n\t\t\t\t\t\t\t<p><!-- wp:paragraph --><\/p>\n<p><strong>Zur Vorbereitung der ENERGIE.CROSS.MEDIAL 2024 sprach Johann Terres vom <a href=\"https:\/\/stage.zukunftsenergien.de\/\">Forum f\u00fcr Zukunftsenergien<\/a> mit <a href=\"https:\/\/www.energiecrossmedial.de\/index.php\/speaker\/prof-dr-joerg-steinbach\/\">Prof. Dr. J\u00f6rg Steinbach<\/a>, Minister f\u00fcr Wirtschaft, Energie und Arbeit des <a href=\"https:\/\/mwae.brandenburg.de\/de\/ministerium-f%C3%BCr-wirtschaft-arbeit-und-energie\/bb1.c.478848.de\">Landes Brandenburg<\/a>, zu seiner energiepolitischen Bilanz der aktuellen EU-Kommission und zu seinen Erwartungen an die Arbeit der neuen Komission.<\/strong><\/p>\n<p><!-- wp:paragraph {\"style\":{\"color\":{\"text\":\"#d51030\"},\"elements\":{\"link\":{\"color\":{\"text\":\"#d51030\"}}}}} --><\/p>\n<p class=\"has-text-color has-link-color\" style=\"color: #d51030;\"><strong>Johann Terres: Wie sieht Ihre zusammenfassende Bilanz aus, wenn Sie auf die Energiepolitik der EU- Kommission in den vergangenen vier Jahren schauen?<\/strong><\/p>\n<p><!-- \/wp:paragraph --><\/p>\n<p><strong>Prof. J\u00f6rg Steinbach: <\/strong>Die Energiepolitik der EU-Kommission der vergangenen vier Jahre war von gro\u00dfen Herausforderungen gekennzeichnet, die bew\u00e4ltigt werden mussten. Die letzten zwei Jahre waren durch den uns\u00e4glichen \u00dcberfall Russlands auf die Ukraine und dessen Folgen f\u00fcr die Energieversorgung, die Energiesicherheit und die Energiepreise gekennzeichnet. Das Energiethema r\u00fcckte damit noch st\u00e4rker in den Fokus der EU-Politik. Das war auch richtig so. Die politisch erforderliche Reduzierung der Abh\u00e4ngigkeit von russischen Energieimporten f\u00fchrte zu gro\u00dfen Unsicherheiten f\u00fcr die Energieversorgung in Europa. Kurzfristig mussten alternative Versorgungsl\u00f6sungen gefunden und umgesetzt werden, ohne gleichzeitig das gro\u00dfe Ziel der Energiewende zu gef\u00e4hrden. Deshalb galt es, die Bem\u00fchungen zur \u00dcberarbeitung des Emissionshandelssystems und die F\u00f6rderung von erneuerbaren Energien weiter mit Nachdruck zu verfolgen. Die Anstrengungen zur Senkung der CO2-Emissionen und zur Erh\u00f6hung des Anteils der erneuerbaren Energien am Prim\u00e4renergieverbrauch wurden intensiviert. Die aktuelle EU-Kommission hat gro\u00dfe Schritte zu einer nachhaltigeren Energiepolitik unternommen. Dazu wurden u. a. das EU-Klimaschutzgesetz, der Green Deal, Fit for 55 und REPowerEU auf den Weg gebracht. Die neue EU-Kommission muss an dieser Stelle ohne Verz\u00f6gerungen ankn\u00fcpfen und f\u00fcr Verl\u00e4sslichkeit sorgen.<\/p>\n<p><!-- wp:paragraph {\"style\":{\"color\":{\"text\":\"#d51030\"},\"elements\":{\"link\":{\"color\":{\"text\":\"#d51030\"}}}}} --><\/p>\n<p class=\"has-text-color has-link-color\" style=\"color: #d51030;\"><strong>Johann Terres: Die Politik war von dem Stichwort \u201eGreen Deal\u201c gepr\u00e4gt. Kann Ihrer Meinung nach von einem Deal mit der Wirtschaft r\u00fcckblickend gesprochen werden? <\/strong><\/p>\n<p><!-- wp:paragraph --><\/p>\n<p><strong>Prof. J\u00f6rg Steinbach: <\/strong>Es ist unbestritten, dass die ambitionierten Klimaziele, die der Green Deal formuliert, erhebliche Folgen f\u00fcr die Wirtschaft mit sich bringen. So werden z. B. die CO2-Preise deutlich steigen, da die CO2-Zertifikate im Europ\u00e4ischen Emissionshandel sukzessive reduziert werden. Dies wird zur Folge haben, dass Betriebe um wettbewerbsf\u00e4hig zu bleiben, zuk\u00fcnftig vermehrt in eine klimaschonende Energieversorgung bzw. Produktionsprozesse investieren m\u00fcssen. Dort, wo technologische M\u00f6glichkeiten noch fehlen, wird u. a. das gerade ausverhandelte \u201eNetto-Null-Industrie-Gesetz\u201c (Net-Zero-Industry Act, NZIA) helfen. Mit dem NZIA will die EU-Kommission die Fertigung von klimaschonender Technologie forcieren. Die Beh\u00f6rden werden dann schneller Projekte mit h\u00f6heren Produktionskapazit\u00e4ten genehmigen. Darunter f\u00e4llt u. a. die Herstellung von Bauteilen f\u00fcr die Windkraft, Solarzellen, Batterien und Energiespeichertechnologien, Elektrofahrzeugen, W\u00e4rmepumpen, Wasserstofftechnologien. NIZA wird \u00fcberdies dazu beitragen CO2-Technologien zur Abscheidung, Speicherung und der Wiederverwendung von CO2 sowie die dazu geh\u00f6rende CO2-Infrastruktur zu f\u00f6rdern. Ich denke, der Green Deal hat durchaus dazu beigetragen, das Bewusstsein f\u00fcr den Wandel zu sch\u00e4rfen und die \u00f6kologische Transformation in der Wirtschaft voranzutreiben. Es ist erkennbar, dass immer mehr Standortscheidungen und Investitionen keine fossilen Systeme mehr miteinbeziehen und Investitionen in den Klimaschutz eher fr\u00fcher als sp\u00e4ter get\u00e4tigt werden. Dar\u00fcber hinaus w\u00fcrde ich durchaus auch von einem Deal sprechen, da einige wichtige Grundlagen geschaffen wurden, die der Wirtschaft bei der Transformation helfen. So wurde neben dem NZIA u. a. die \u00dcberarbeitung des befristeten Krisen- und \u00dcbergangsrahmens (kurz TCTF), der auf eine h\u00f6here Flexibilit\u00e4t f\u00fcr staatliche Subventionen insbesondere im Sektor Batterie abzielt, vorgenommen.<\/p>\n<p><!-- wp:paragraph {\"style\":{\"color\":{\"text\":\"#d51030\"},\"elements\":{\"link\":{\"color\":{\"text\":\"#d51030\"}}}}} --><\/p>\n<p class=\"has-text-color has-link-color\" style=\"color: #d51030;\"><strong>Johann Terres: Welche sind die zentralen Herausforderungen unserer Energie- und Wirtschaftspolitik in den kommenden Jahren?<\/strong><\/p>\n<p><!-- wp:paragraph --><\/p>\n<p><strong>Prof. J\u00f6rg Steinbach:<\/strong> Insgesamt stehen wir vor der Herausforderung, eine nachhaltige Energie- und Wirtschaftspolitik zu entwickeln, die sowohl \u00f6kologische als auch \u00f6konomische Ziele verfolgt. Wir m\u00fcssen den \u00dcbergang zu erneuerbaren Energien beschleunigen, um unsere Abh\u00e4ngigkeit von fossilen Brennstoffen zu verringern und um Treibhausgasemissionen zu vermeiden. Dies erfordert Investitionen in erneuerbare Energietechnologien und den Ausbau der entsprechenden Infrastruktur. Au\u00dferdem m\u00fcssen wir die Energieeffizienz verbessern, um Ressourcen zu schonen und Kosten zu senken. Dies kann durch die F\u00f6rderung energieeffizienter Technologien und die Sensibilisierung der Verbraucher f\u00fcr einen bewussten Umgang mit Energie erreicht werden. Der Weg zu einer nachhaltigen Wirtschaft kann zu Arbeitsplatzverlusten in bestimmten Sektoren f\u00fchren, w\u00e4hrend gleichzeitig neue Arbeitspl\u00e4tze in den Bereichen erneuerbare Energien und gr\u00fcne Technologien entstehen. Es ist wichtig, diese \u00dcberg\u00e4nge sozial gerecht zu gestalten und die betroffenen Arbeitnehmerinnen und Arbeitnehmer zu unterst\u00fctzen. Wir brauchen sowohl qualifizierte Arbeitskr\u00e4fte, die Lust am Gestalten des Strukturwandels haben als auch innovative L\u00f6sungen, um den \u00dcbergang zu einer kohlenstoffarmen und ressourceneffizienten Wirtschaft zu erm\u00f6glichen.<\/p>\n<p><!-- \/wp:paragraph --><\/p>\n<p><!-- wp:paragraph {\"style\":{\"color\":{\"text\":\"#d51030\"},\"elements\":{\"link\":{\"color\":{\"text\":\"#d51030\"}}}}} --><\/p>\n<p class=\"has-text-color has-link-color\" style=\"color: #d51030;\"><strong>Johann Terres: Welche Erwartungen haben Sie an die Politik der neuen Kommission?<\/strong><\/p>\n<p><!-- \/wp:paragraph --><\/p>\n<p><strong>Prof. J\u00f6rg Steinbach:<\/strong> Die Erwartungen an die Politik der neuen EU-Kommission sind vielf\u00e4ltig. Brandenburg w\u00fcnscht sich von der Kommission eine l\u00e4ngerfristige Unterst\u00fctzung f\u00fcr den Strukturwandel in der Kohleregion Lausitz und f\u00fcr die Transformation des Raffineriestandortes Schwedt. Wir brauchen hier, wie auch an anderen Stellen, Kontinuit\u00e4t und Verl\u00e4sslichkeit zur Schaffung nachhaltiger Entwicklungsm\u00f6glichkeiten. Dies schlie\u00dft die Schaffung von Arbeitspl\u00e4tzen in \u201egr\u00fcnen\u201c Sektoren und die Sicherstellung einer gerechten Transition f\u00fcr die dortigen Gemeinden ein. Die Kommission sollte zudem Rahmenbedingungen schaffen und erhalten, unter denen die regionale Entwicklung und der Ausbau der Infrastruktur in Brandenburg vorangebracht werden k\u00f6nnen. Das gilt vor allem f\u00fcr Themen wie erneuerbare Energien und digitale Infrastruktur. Dar\u00fcber hinaus wird von der neuen Kommission erwartet, dass sie die Bedeutung der l\u00e4ndlichen R\u00e4ume anerkennt und entsprechende F\u00f6rderprogramme bereitstellt, um die Lebensqualit\u00e4t und wirtschaftliche Entwicklung in Brandenburgs l\u00e4ndlichen Gebieten zu verbessern. Auch w\u00fcnschen wir uns, dass die spezifischen Bed\u00fcrfnisse und Herausforderungen einzelner Regionen wie Brandenburg aufgegriffen werden und eine Politik verfolgt wird, die die regionalen Gegebenheiten ber\u00fccksichtigt. Die Europ\u00e4ische Union ist nicht nur ein Zusammenschluss der 27 Mitgliedstaaten, sondern auch ein Zusammenschluss der 270 europ\u00e4ischen Regionen, ohne die Europa nicht funktionieren kann.<\/p>\n<p><!-- \/wp:paragraph --><\/p>\t\t\t\t\t\t<\/div>\n\t\t\t\t<\/div>\n\t\t\t\t\t<\/div>\n\t\t<\/div>\n\t\t\t\t<div class=\"elementor-column elementor-col-33 elementor-top-column elementor-element elementor-element-23f1d90\" data-id=\"23f1d90\" data-element_type=\"column\" data-settings=\"{&quot;grandconference_ext_link_sidemenu&quot;:&quot;false&quot;,&quot;grandconference_ext_link_fullmenu&quot;:&quot;false&quot;,&quot;grandconference_ext_link_closed_fullmenu&quot;:&quot;false&quot;,&quot;grandconference_ext_is_sticky&quot;:&quot;false&quot;,&quot;grandconference_ext_is_scrollme&quot;:&quot;false&quot;,&quot;grandconference_ext_is_smoove&quot;:&quot;false&quot;,&quot;grandconference_ext_is_parallax_mouse&quot;:&quot;false&quot;,&quot;grandconference_ext_is_infinite&quot;:&quot;false&quot;,&quot;grandconference_ext_is_fadeout_animation&quot;:&quot;false&quot;,&quot;grandconference_ext_mobile_static&quot;:&quot;false&quot;}\">\n\t\t\t<div class=\"elementor-widget-wrap elementor-element-populated\">\n\t\t\t\t\t\t<div class=\"elementor-element elementor-element-1cd32c1 elementor-widget elementor-widget-spacer\" data-id=\"1cd32c1\" data-element_type=\"widget\" data-settings=\"{&quot;grandconference_ext_link_sidemenu&quot;:&quot;false&quot;,&quot;grandconference_ext_link_fullmenu&quot;:&quot;false&quot;,&quot;grandconference_ext_link_closed_fullmenu&quot;:&quot;false&quot;,&quot;grandconference_ext_is_sticky&quot;:&quot;false&quot;,&quot;grandconference_ext_is_scrollme&quot;:&quot;false&quot;,&quot;grandconference_ext_is_smoove&quot;:&quot;false&quot;,&quot;grandconference_ext_is_parallax_mouse&quot;:&quot;false&quot;,&quot;grandconference_ext_is_infinite&quot;:&quot;false&quot;,&quot;grandconference_ext_is_fadeout_animation&quot;:&quot;false&quot;,&quot;grandconference_ext_mobile_static&quot;:&quot;false&quot;}\" data-widget_type=\"spacer.default\">\n\t\t\t\t<div class=\"elementor-widget-container\">\n\t\t\t\t\t<div class=\"elementor-spacer\">\n\t\t\t<div class=\"elementor-spacer-inner\"><\/div>\n\t\t<\/div>\n\t\t\t\t<\/div>\n\t\t\t\t<\/div>\n\t\t\t\t<div class=\"elementor-element elementor-element-76a0bc0 elementor-widget elementor-widget-text-editor\" data-id=\"76a0bc0\" data-element_type=\"widget\" data-settings=\"{&quot;grandconference_ext_link_sidemenu&quot;:&quot;false&quot;,&quot;grandconference_ext_link_fullmenu&quot;:&quot;false&quot;,&quot;grandconference_ext_link_closed_fullmenu&quot;:&quot;false&quot;,&quot;grandconference_ext_is_sticky&quot;:&quot;false&quot;,&quot;grandconference_ext_is_scrollme&quot;:&quot;false&quot;,&quot;grandconference_ext_is_smoove&quot;:&quot;false&quot;,&quot;grandconference_ext_is_parallax_mouse&quot;:&quot;false&quot;,&quot;grandconference_ext_is_infinite&quot;:&quot;false&quot;,&quot;grandconference_ext_is_fadeout_animation&quot;:&quot;false&quot;,&quot;grandconference_ext_mobile_static&quot;:&quot;false&quot;}\" data-widget_type=\"text-editor.default\">\n\t\t\t\t<div class=\"elementor-widget-container\">\n\t\t\t\t\t\t\t<h4 style=\"text-align: center;\">Autor<\/h4>\t\t\t\t\t\t<\/div>\n\t\t\t\t<\/div>\n\t\t\t\t<div class=\"elementor-element elementor-element-206602f elementor-widget elementor-widget-text-editor\" data-id=\"206602f\" data-element_type=\"widget\" data-settings=\"{&quot;grandconference_ext_link_sidemenu&quot;:&quot;false&quot;,&quot;grandconference_ext_link_fullmenu&quot;:&quot;false&quot;,&quot;grandconference_ext_link_closed_fullmenu&quot;:&quot;false&quot;,&quot;grandconference_ext_is_sticky&quot;:&quot;false&quot;,&quot;grandconference_ext_is_scrollme&quot;:&quot;false&quot;,&quot;grandconference_ext_is_smoove&quot;:&quot;false&quot;,&quot;grandconference_ext_is_parallax_mouse&quot;:&quot;false&quot;,&quot;grandconference_ext_is_infinite&quot;:&quot;false&quot;,&quot;grandconference_ext_is_fadeout_animation&quot;:&quot;false&quot;,&quot;grandconference_ext_mobile_static&quot;:&quot;false&quot;}\" data-widget_type=\"text-editor.default\">\n\t\t\t\t<div class=\"elementor-widget-container\">\n\t\t\t\t\t\t\t<p><img decoding=\"async\" class=\"aligncenter wp-image-7283 size-thumbnail\" src=\"https:\/\/www.energiecrossmedial.de\/wp-content\/uploads\/2023\/12\/Terres_800x800-150x150.png\" alt=\"\" width=\"150\" height=\"150\" \/><\/p>\n<h3 style=\"text-align: center;\">Johann Terres<\/h3>\n<p style=\"text-align: center;\">FSJ-Politik<br \/>+49 30 \/ 72 61 59 98 \u2013 6<br \/><a href=\"mailto:terres@zukunftsenergien.de\"><span class=\"color_red\">terres@zukunftsenergien.de<\/span><\/a><\/p>\t\t\t\t\t\t<\/div>\n\t\t\t\t<\/div>\n\t\t\t\t<div class=\"elementor-element elementor-element-5759a54 elementor-grid-2 elementor-grid-tablet-2 elementor-grid-mobile-1 elementor-widget elementor-widget-portfolio\" data-id=\"5759a54\" data-element_type=\"widget\" data-settings=\"{&quot;columns&quot;:&quot;2&quot;,&quot;masonry&quot;:&quot;yes&quot;,&quot;row_gap&quot;:{&quot;unit&quot;:&quot;px&quot;,&quot;size&quot;:5,&quot;sizes&quot;:[]},&quot;columns_tablet&quot;:&quot;2&quot;,&quot;columns_mobile&quot;:&quot;1&quot;,&quot;item_gap&quot;:{&quot;unit&quot;:&quot;px&quot;,&quot;size&quot;:&quot;&quot;,&quot;sizes&quot;:[]},&quot;grandconference_ext_link_sidemenu&quot;:&quot;false&quot;,&quot;grandconference_ext_link_fullmenu&quot;:&quot;false&quot;,&quot;grandconference_ext_link_closed_fullmenu&quot;:&quot;false&quot;,&quot;grandconference_ext_is_sticky&quot;:&quot;false&quot;,&quot;grandconference_ext_is_scrollme&quot;:&quot;false&quot;,&quot;grandconference_ext_is_smoove&quot;:&quot;false&quot;,&quot;grandconference_ext_is_parallax_mouse&quot;:&quot;false&quot;,&quot;grandconference_ext_is_infinite&quot;:&quot;false&quot;,&quot;grandconference_ext_is_fadeout_animation&quot;:&quot;false&quot;,&quot;grandconference_ext_mobile_static&quot;:&quot;false&quot;}\" data-widget_type=\"portfolio.default\">\n\t\t\t\t<div class=\"elementor-widget-container\">\n\t\t\t\t\t<div class=\"elementor-portfolio elementor-grid elementor-posts-container\">\n\t\t\t\t<article class=\"elementor-portfolio-item elementor-post  post-8189 post type-post status-publish format-standard has-post-thumbnail hentry category-allgemein category-interviews-2024\">\n\t\t\t<a class=\"elementor-post__thumbnail__link\" href=\"https:\/\/www.energiecrossmedial.de\/index.php\/2024\/03\/04\/interview-mit-achim-bothe\/\">\n\t\t\t\t<div class=\"elementor-portfolio-item__img elementor-post__thumbnail\">\n\t\t\t<img decoding=\"async\" width=\"150\" height=\"150\" src=\"https:\/\/www.energiecrossmedial.de\/wp-content\/uploads\/2024\/03\/Achim_Bothe-150x150.jpg\" class=\"attachment-thumbnail size-thumbnail wp-image-8212\" alt=\"\" \/>\t\t<\/div>\n\t\t\t\t<div class=\"elementor-portfolio-item__overlay\">\n\t\t\t\t<h3 class=\"elementor-portfolio-item__title\">\n\t\tInterview mit Achim Bothe\t\t<\/h3>\n\t\t\t\t<\/div>\n\t\t\t\t<\/a>\n\t\t<\/article>\n\t\t\t\t<article class=\"elementor-portfolio-item elementor-post  post-8137 post type-post status-publish format-standard has-post-thumbnail hentry category-allgemein category-interviews-2024\">\n\t\t\t<a class=\"elementor-post__thumbnail__link\" href=\"https:\/\/www.energiecrossmedial.de\/index.php\/2024\/03\/01\/interview-mit-prof-dr-gerald-linke\/\">\n\t\t\t\t<div class=\"elementor-portfolio-item__img elementor-post__thumbnail\">\n\t\t\t<img loading=\"lazy\" decoding=\"async\" width=\"150\" height=\"150\" src=\"https:\/\/www.energiecrossmedial.de\/wp-content\/uploads\/2024\/02\/gerald-linke-dvgw-150x150.jpg\" class=\"attachment-thumbnail size-thumbnail wp-image-8175\" alt=\"\" \/>\t\t<\/div>\n\t\t\t\t<div class=\"elementor-portfolio-item__overlay\">\n\t\t\t\t<h3 class=\"elementor-portfolio-item__title\">\n\t\tInterview mit Prof. Dr. Gerald Linke\t\t<\/h3>\n\t\t\t\t<\/div>\n\t\t\t\t<\/a>\n\t\t<\/article>\n\t\t\t\t<article class=\"elementor-portfolio-item elementor-post  post-8124 post type-post status-publish format-standard has-post-thumbnail hentry category-allgemein category-interviews-2024\">\n\t\t\t<a class=\"elementor-post__thumbnail__link\" href=\"https:\/\/www.energiecrossmedial.de\/index.php\/2024\/02\/27\/interview-mit-prof-dr-joerg-steinbach\/\">\n\t\t\t\t<div class=\"elementor-portfolio-item__img elementor-post__thumbnail\">\n\t\t\t<img loading=\"lazy\" decoding=\"async\" width=\"150\" height=\"150\" src=\"https:\/\/www.energiecrossmedial.de\/wp-content\/uploads\/2024\/02\/Steinbach_20_small_Till_Budde-150x150.jpg\" class=\"attachment-thumbnail size-thumbnail wp-image-8147\" alt=\"\" \/>\t\t<\/div>\n\t\t\t\t<div class=\"elementor-portfolio-item__overlay\">\n\t\t\t\t<h3 class=\"elementor-portfolio-item__title\">\n\t\tInterview mit Prof. Dr. J\u00f6rg Steinbach\t\t<\/h3>\n\t\t\t\t<\/div>\n\t\t\t\t<\/a>\n\t\t<\/article>\n\t\t\t\t<article class=\"elementor-portfolio-item elementor-post  post-8114 post type-post status-publish format-standard has-post-thumbnail hentry category-allgemein category-interviews-2024\">\n\t\t\t<a class=\"elementor-post__thumbnail__link\" href=\"https:\/\/www.energiecrossmedial.de\/index.php\/2024\/02\/26\/interview-mit-dr-martin-wansleben\/\">\n\t\t\t\t<div class=\"elementor-portfolio-item__img elementor-post__thumbnail\">\n\t\t\t<img loading=\"lazy\" decoding=\"async\" width=\"150\" height=\"150\" src=\"https:\/\/www.energiecrossmedial.de\/wp-content\/uploads\/2024\/02\/MK3_5545-Bearbeitet-150x150.jpg\" class=\"attachment-thumbnail size-thumbnail wp-image-8145\" alt=\"\" \/>\t\t<\/div>\n\t\t\t\t<div class=\"elementor-portfolio-item__overlay\">\n\t\t\t\t<h3 class=\"elementor-portfolio-item__title\">\n\t\tInterview mit Dr. Martin Wansleben\t\t<\/h3>\n\t\t\t\t<\/div>\n\t\t\t\t<\/a>\n\t\t<\/article>\n\t\t\t\t<\/div>\n\t\t\t\t<\/div>\n\t\t\t\t<\/div>\n\t\t\t\t\t<\/div>\n\t\t<\/div>\n\t\t\t\t\t<\/div>\n\t\t<\/section>\n\t\t\t\t<\/div>\n\t\t","protected":false},"excerpt":{"rendered":"<p>Im Interview erl\u00e4utert Prof. Dr. J\u00f6rg Steinbach, Minister f\u00fcr Wirtschaft, Arbeit und Energie des Landes Brandenburg, seine Sichtweise auf den Green Deal und formuliert seine Erwartungen an die n\u00e4chste EU-Kommission.<\/p>\n","protected":false},"author":7,"featured_media":8147,"comment_status":"open","ping_status":"open","sticky":false,"template":"","format":"standard","meta":{"_acf_changed":false,"_jetpack_memberships_contains_paid_content":false,"footnotes":""},"categories":[1,114],"tags":[],"class_list":["post-8124","post","type-post","status-publish","format-standard","has-post-thumbnail","hentry","category-allgemein","category-interviews-2024"],"acf":[],"yoast_head":"<!-- This site is optimized with the Yoast SEO plugin v24.0 - https:\/\/yoast.com\/wordpress\/plugins\/seo\/ -->\n<title>Interview mit Prof. Dr. J\u00f6rg Steinbach - ENERGIE.CROSS.MEDIAL<\/title>\n<meta name=\"robots\" content=\"index, follow, max-snippet:-1, max-image-preview:large, max-video-preview:-1\" \/>\n<link rel=\"canonical\" href=\"https:\/\/www.energiecrossmedial.de\/index.php\/2024\/02\/27\/interview-mit-prof-dr-joerg-steinbach\/\" \/>\n<meta property=\"og:locale\" content=\"de_DE\" \/>\n<meta property=\"og:type\" content=\"article\" \/>\n<meta property=\"og:title\" content=\"Interview mit Prof. Dr. J\u00f6rg Steinbach - ENERGIE.CROSS.MEDIAL\" \/>\n<meta property=\"og:description\" content=\"Im Interview erl\u00e4utert Prof. Dr. J\u00f6rg Steinbach, Minister f\u00fcr Wirtschaft, Arbeit und Energie des Landes Brandenburg, seine Sichtweise auf den Green Deal und formuliert seine Erwartungen an die n\u00e4chste EU-Kommission.\" \/>\n<meta property=\"og:url\" content=\"https:\/\/www.energiecrossmedial.de\/index.php\/2024\/02\/27\/interview-mit-prof-dr-joerg-steinbach\/\" \/>\n<meta property=\"og:site_name\" content=\"ENERGIE.CROSS.MEDIAL\" \/>\n<meta property=\"article:published_time\" content=\"2024-02-27T15:21:11+00:00\" \/>\n<meta property=\"article:modified_time\" content=\"2024-02-27T15:21:19+00:00\" \/>\n<meta property=\"og:image\" content=\"https:\/\/www.energiecrossmedial.de\/wp-content\/uploads\/2024\/02\/Steinbach_20_small_Till_Budde.jpg\" \/>\n\t<meta property=\"og:image:width\" content=\"1772\" \/>\n\t<meta property=\"og:image:height\" content=\"1181\" \/>\n\t<meta property=\"og:image:type\" content=\"image\/jpeg\" \/>\n<meta name=\"author\" content=\"Johann Terres\" \/>\n<meta name=\"twitter:card\" content=\"summary_large_image\" \/>\n<meta name=\"twitter:creator\" content=\"@EnergieXMedial\" \/>\n<meta name=\"twitter:site\" content=\"@EnergieXMedial\" \/>\n<meta name=\"twitter:label1\" content=\"Verfasst von\" \/>\n\t<meta name=\"twitter:data1\" content=\"Johann Terres\" \/>\n\t<meta name=\"twitter:label2\" content=\"Gesch\u00e4tzte Lesezeit\" \/>\n\t<meta name=\"twitter:data2\" content=\"6\u00a0Minuten\" \/>\n<script type=\"application\/ld+json\" class=\"yoast-schema-graph\">{\"@context\":\"https:\/\/schema.org\",\"@graph\":[{\"@type\":\"Article\",\"@id\":\"https:\/\/www.energiecrossmedial.de\/index.php\/2024\/02\/27\/interview-mit-prof-dr-joerg-steinbach\/#article\",\"isPartOf\":{\"@id\":\"https:\/\/www.energiecrossmedial.de\/index.php\/2024\/02\/27\/interview-mit-prof-dr-joerg-steinbach\/\"},\"author\":{\"name\":\"Johann Terres\",\"@id\":\"https:\/\/www.energiecrossmedial.de\/#\/schema\/person\/c47b77575fdae990fb185d6b00f52a75\"},\"headline\":\"Interview mit Prof. Dr. J\u00f6rg Steinbach\",\"datePublished\":\"2024-02-27T15:21:11+00:00\",\"dateModified\":\"2024-02-27T15:21:19+00:00\",\"mainEntityOfPage\":{\"@id\":\"https:\/\/www.energiecrossmedial.de\/index.php\/2024\/02\/27\/interview-mit-prof-dr-joerg-steinbach\/\"},\"wordCount\":1005,\"commentCount\":0,\"publisher\":{\"@id\":\"https:\/\/www.energiecrossmedial.de\/#organization\"},\"image\":{\"@id\":\"https:\/\/www.energiecrossmedial.de\/index.php\/2024\/02\/27\/interview-mit-prof-dr-joerg-steinbach\/#primaryimage\"},\"thumbnailUrl\":\"https:\/\/www.energiecrossmedial.de\/wp-content\/uploads\/2024\/02\/Steinbach_20_small_Till_Budde.jpg\",\"articleSection\":{\"1\":\"Interviews 2024\"},\"inLanguage\":\"de\",\"potentialAction\":[{\"@type\":\"CommentAction\",\"name\":\"Comment\",\"target\":[\"https:\/\/www.energiecrossmedial.de\/index.php\/2024\/02\/27\/interview-mit-prof-dr-joerg-steinbach\/#respond\"]}]},{\"@type\":\"WebPage\",\"@id\":\"https:\/\/www.energiecrossmedial.de\/index.php\/2024\/02\/27\/interview-mit-prof-dr-joerg-steinbach\/\",\"url\":\"https:\/\/www.energiecrossmedial.de\/index.php\/2024\/02\/27\/interview-mit-prof-dr-joerg-steinbach\/\",\"name\":\"Interview mit Prof. Dr. J\u00f6rg Steinbach - ENERGIE.CROSS.MEDIAL\",\"isPartOf\":{\"@id\":\"https:\/\/www.energiecrossmedial.de\/#website\"},\"primaryImageOfPage\":{\"@id\":\"https:\/\/www.energiecrossmedial.de\/index.php\/2024\/02\/27\/interview-mit-prof-dr-joerg-steinbach\/#primaryimage\"},\"image\":{\"@id\":\"https:\/\/www.energiecrossmedial.de\/index.php\/2024\/02\/27\/interview-mit-prof-dr-joerg-steinbach\/#primaryimage\"},\"thumbnailUrl\":\"https:\/\/www.energiecrossmedial.de\/wp-content\/uploads\/2024\/02\/Steinbach_20_small_Till_Budde.jpg\",\"datePublished\":\"2024-02-27T15:21:11+00:00\",\"dateModified\":\"2024-02-27T15:21:19+00:00\",\"breadcrumb\":{\"@id\":\"https:\/\/www.energiecrossmedial.de\/index.php\/2024\/02\/27\/interview-mit-prof-dr-joerg-steinbach\/#breadcrumb\"},\"inLanguage\":\"de\",\"potentialAction\":[{\"@type\":\"ReadAction\",\"target\":[\"https:\/\/www.energiecrossmedial.de\/index.php\/2024\/02\/27\/interview-mit-prof-dr-joerg-steinbach\/\"]}]},{\"@type\":\"ImageObject\",\"inLanguage\":\"de\",\"@id\":\"https:\/\/www.energiecrossmedial.de\/index.php\/2024\/02\/27\/interview-mit-prof-dr-joerg-steinbach\/#primaryimage\",\"url\":\"https:\/\/www.energiecrossmedial.de\/wp-content\/uploads\/2024\/02\/Steinbach_20_small_Till_Budde.jpg\",\"contentUrl\":\"https:\/\/www.energiecrossmedial.de\/wp-content\/uploads\/2024\/02\/Steinbach_20_small_Till_Budde.jpg\",\"width\":1772,\"height\":1181},{\"@type\":\"BreadcrumbList\",\"@id\":\"https:\/\/www.energiecrossmedial.de\/index.php\/2024\/02\/27\/interview-mit-prof-dr-joerg-steinbach\/#breadcrumb\",\"itemListElement\":[{\"@type\":\"ListItem\",\"position\":1,\"name\":\"Startseite\",\"item\":\"https:\/\/www.energiecrossmedial.de\/\"},{\"@type\":\"ListItem\",\"position\":2,\"name\":\"Interview mit Prof. Dr. J\u00f6rg Steinbach\"}]},{\"@type\":\"WebSite\",\"@id\":\"https:\/\/www.energiecrossmedial.de\/#website\",\"url\":\"https:\/\/www.energiecrossmedial.de\/\",\"name\":\"ENERGIE.CROSS.MEDIAL - das forum der energiewende\",\"description\":\"das forum der energiewende\",\"publisher\":{\"@id\":\"https:\/\/www.energiecrossmedial.de\/#organization\"},\"potentialAction\":[{\"@type\":\"SearchAction\",\"target\":{\"@type\":\"EntryPoint\",\"urlTemplate\":\"https:\/\/www.energiecrossmedial.de\/?s={search_term_string}\"},\"query-input\":{\"@type\":\"PropertyValueSpecification\",\"valueRequired\":true,\"valueName\":\"search_term_string\"}}],\"inLanguage\":\"de\"},{\"@type\":\"Organization\",\"@id\":\"https:\/\/www.energiecrossmedial.de\/#organization\",\"name\":\"ENERGIE.CROSS.MEDIAL - das forum der energiewende\",\"url\":\"https:\/\/www.energiecrossmedial.de\/\",\"logo\":{\"@type\":\"ImageObject\",\"inLanguage\":\"de\",\"@id\":\"https:\/\/www.energiecrossmedial.de\/#\/schema\/logo\/image\/\",\"url\":\"https:\/\/www.energiecrossmedial.de\/wp-content\/uploads\/2023\/09\/cropped-Website_Icon.png\",\"contentUrl\":\"https:\/\/www.energiecrossmedial.de\/wp-content\/uploads\/2023\/09\/cropped-Website_Icon.png\",\"width\":512,\"height\":512,\"caption\":\"ENERGIE.CROSS.MEDIAL - das forum der energiewende\"},\"image\":{\"@id\":\"https:\/\/www.energiecrossmedial.de\/#\/schema\/logo\/image\/\"},\"sameAs\":[\"https:\/\/x.com\/EnergieXMedial\",\"https:\/\/www.linkedin.com\/company\/zukunftsenergien\/\"]},{\"@type\":\"Person\",\"@id\":\"https:\/\/www.energiecrossmedial.de\/#\/schema\/person\/c47b77575fdae990fb185d6b00f52a75\",\"name\":\"Johann Terres\",\"image\":{\"@type\":\"ImageObject\",\"inLanguage\":\"de\",\"@id\":\"https:\/\/www.energiecrossmedial.de\/#\/schema\/person\/image\/\",\"url\":\"https:\/\/secure.gravatar.com\/avatar\/d6a1fcc62be2782dcf3c873d73beac90?s=96&d=mm&r=g\",\"contentUrl\":\"https:\/\/secure.gravatar.com\/avatar\/d6a1fcc62be2782dcf3c873d73beac90?s=96&d=mm&r=g\",\"caption\":\"Johann Terres\"},\"url\":\"https:\/\/www.energiecrossmedial.de\/index.php\/author\/terres\/\"}]}<\/script>\n<!-- \/ Yoast SEO plugin. -->","yoast_head_json":{"title":"Interview mit Prof. Dr. J\u00f6rg Steinbach - ENERGIE.CROSS.MEDIAL","robots":{"index":"index","follow":"follow","max-snippet":"max-snippet:-1","max-image-preview":"max-image-preview:large","max-video-preview":"max-video-preview:-1"},"canonical":"https:\/\/www.energiecrossmedial.de\/index.php\/2024\/02\/27\/interview-mit-prof-dr-joerg-steinbach\/","og_locale":"de_DE","og_type":"article","og_title":"Interview mit Prof. Dr. J\u00f6rg Steinbach - ENERGIE.CROSS.MEDIAL","og_description":"Im Interview erl\u00e4utert Prof. Dr. J\u00f6rg Steinbach, Minister f\u00fcr Wirtschaft, Arbeit und Energie des Landes Brandenburg, seine Sichtweise auf den Green Deal und formuliert seine Erwartungen an die n\u00e4chste EU-Kommission.","og_url":"https:\/\/www.energiecrossmedial.de\/index.php\/2024\/02\/27\/interview-mit-prof-dr-joerg-steinbach\/","og_site_name":"ENERGIE.CROSS.MEDIAL","article_published_time":"2024-02-27T15:21:11+00:00","article_modified_time":"2024-02-27T15:21:19+00:00","og_image":[{"width":1772,"height":1181,"url":"https:\/\/www.energiecrossmedial.de\/wp-content\/uploads\/2024\/02\/Steinbach_20_small_Till_Budde.jpg","type":"image\/jpeg"}],"author":"Johann Terres","twitter_card":"summary_large_image","twitter_creator":"@EnergieXMedial","twitter_site":"@EnergieXMedial","twitter_misc":{"Verfasst von":"Johann Terres","Gesch\u00e4tzte Lesezeit":"6\u00a0Minuten"},"schema":{"@context":"https:\/\/schema.org","@graph":[{"@type":"Article","@id":"https:\/\/www.energiecrossmedial.de\/index.php\/2024\/02\/27\/interview-mit-prof-dr-joerg-steinbach\/#article","isPartOf":{"@id":"https:\/\/www.energiecrossmedial.de\/index.php\/2024\/02\/27\/interview-mit-prof-dr-joerg-steinbach\/"},"author":{"name":"Johann Terres","@id":"https:\/\/www.energiecrossmedial.de\/#\/schema\/person\/c47b77575fdae990fb185d6b00f52a75"},"headline":"Interview mit Prof. Dr. J\u00f6rg Steinbach","datePublished":"2024-02-27T15:21:11+00:00","dateModified":"2024-02-27T15:21:19+00:00","mainEntityOfPage":{"@id":"https:\/\/www.energiecrossmedial.de\/index.php\/2024\/02\/27\/interview-mit-prof-dr-joerg-steinbach\/"},"wordCount":1005,"commentCount":0,"publisher":{"@id":"https:\/\/www.energiecrossmedial.de\/#organization"},"image":{"@id":"https:\/\/www.energiecrossmedial.de\/index.php\/2024\/02\/27\/interview-mit-prof-dr-joerg-steinbach\/#primaryimage"},"thumbnailUrl":"https:\/\/www.energiecrossmedial.de\/wp-content\/uploads\/2024\/02\/Steinbach_20_small_Till_Budde.jpg","articleSection":{"1":"Interviews 2024"},"inLanguage":"de","potentialAction":[{"@type":"CommentAction","name":"Comment","target":["https:\/\/www.energiecrossmedial.de\/index.php\/2024\/02\/27\/interview-mit-prof-dr-joerg-steinbach\/#respond"]}]},{"@type":"WebPage","@id":"https:\/\/www.energiecrossmedial.de\/index.php\/2024\/02\/27\/interview-mit-prof-dr-joerg-steinbach\/","url":"https:\/\/www.energiecrossmedial.de\/index.php\/2024\/02\/27\/interview-mit-prof-dr-joerg-steinbach\/","name":"Interview mit Prof. Dr. J\u00f6rg Steinbach - ENERGIE.CROSS.MEDIAL","isPartOf":{"@id":"https:\/\/www.energiecrossmedial.de\/#website"},"primaryImageOfPage":{"@id":"https:\/\/www.energiecrossmedial.de\/index.php\/2024\/02\/27\/interview-mit-prof-dr-joerg-steinbach\/#primaryimage"},"image":{"@id":"https:\/\/www.energiecrossmedial.de\/index.php\/2024\/02\/27\/interview-mit-prof-dr-joerg-steinbach\/#primaryimage"},"thumbnailUrl":"https:\/\/www.energiecrossmedial.de\/wp-content\/uploads\/2024\/02\/Steinbach_20_small_Till_Budde.jpg","datePublished":"2024-02-27T15:21:11+00:00","dateModified":"2024-02-27T15:21:19+00:00","breadcrumb":{"@id":"https:\/\/www.energiecrossmedial.de\/index.php\/2024\/02\/27\/interview-mit-prof-dr-joerg-steinbach\/#breadcrumb"},"inLanguage":"de","potentialAction":[{"@type":"ReadAction","target":["https:\/\/www.energiecrossmedial.de\/index.php\/2024\/02\/27\/interview-mit-prof-dr-joerg-steinbach\/"]}]},{"@type":"ImageObject","inLanguage":"de","@id":"https:\/\/www.energiecrossmedial.de\/index.php\/2024\/02\/27\/interview-mit-prof-dr-joerg-steinbach\/#primaryimage","url":"https:\/\/www.energiecrossmedial.de\/wp-content\/uploads\/2024\/02\/Steinbach_20_small_Till_Budde.jpg","contentUrl":"https:\/\/www.energiecrossmedial.de\/wp-content\/uploads\/2024\/02\/Steinbach_20_small_Till_Budde.jpg","width":1772,"height":1181},{"@type":"BreadcrumbList","@id":"https:\/\/www.energiecrossmedial.de\/index.php\/2024\/02\/27\/interview-mit-prof-dr-joerg-steinbach\/#breadcrumb","itemListElement":[{"@type":"ListItem","position":1,"name":"Startseite","item":"https:\/\/www.energiecrossmedial.de\/"},{"@type":"ListItem","position":2,"name":"Interview mit Prof. Dr. J\u00f6rg Steinbach"}]},{"@type":"WebSite","@id":"https:\/\/www.energiecrossmedial.de\/#website","url":"https:\/\/www.energiecrossmedial.de\/","name":"ENERGIE.CROSS.MEDIAL - das forum der energiewende","description":"das forum der energiewende","publisher":{"@id":"https:\/\/www.energiecrossmedial.de\/#organization"},"potentialAction":[{"@type":"SearchAction","target":{"@type":"EntryPoint","urlTemplate":"https:\/\/www.energiecrossmedial.de\/?s={search_term_string}"},"query-input":{"@type":"PropertyValueSpecification","valueRequired":true,"valueName":"search_term_string"}}],"inLanguage":"de"},{"@type":"Organization","@id":"https:\/\/www.energiecrossmedial.de\/#organization","name":"ENERGIE.CROSS.MEDIAL - das forum der energiewende","url":"https:\/\/www.energiecrossmedial.de\/","logo":{"@type":"ImageObject","inLanguage":"de","@id":"https:\/\/www.energiecrossmedial.de\/#\/schema\/logo\/image\/","url":"https:\/\/www.energiecrossmedial.de\/wp-content\/uploads\/2023\/09\/cropped-Website_Icon.png","contentUrl":"https:\/\/www.energiecrossmedial.de\/wp-content\/uploads\/2023\/09\/cropped-Website_Icon.png","width":512,"height":512,"caption":"ENERGIE.CROSS.MEDIAL - das forum der energiewende"},"image":{"@id":"https:\/\/www.energiecrossmedial.de\/#\/schema\/logo\/image\/"},"sameAs":["https:\/\/x.com\/EnergieXMedial","https:\/\/www.linkedin.com\/company\/zukunftsenergien\/"]},{"@type":"Person","@id":"https:\/\/www.energiecrossmedial.de\/#\/schema\/person\/c47b77575fdae990fb185d6b00f52a75","name":"Johann Terres","image":{"@type":"ImageObject","inLanguage":"de","@id":"https:\/\/www.energiecrossmedial.de\/#\/schema\/person\/image\/","url":"https:\/\/secure.gravatar.com\/avatar\/d6a1fcc62be2782dcf3c873d73beac90?s=96&d=mm&r=g","contentUrl":"https:\/\/secure.gravatar.com\/avatar\/d6a1fcc62be2782dcf3c873d73beac90?s=96&d=mm&r=g","caption":"Johann Terres"},"url":"https:\/\/www.energiecrossmedial.de\/index.php\/author\/terres\/"}]}},"jetpack_featured_media_url":"https:\/\/www.energiecrossmedial.de\/wp-content\/uploads\/2024\/02\/Steinbach_20_small_Till_Budde.jpg","jetpack_sharing_enabled":true,"_links":{"self":[{"href":"https:\/\/www.energiecrossmedial.de\/index.php\/wp-json\/wp\/v2\/posts\/8124","targetHints":{"allow":["GET"]}}],"collection":[{"href":"https:\/\/www.energiecrossmedial.de\/index.php\/wp-json\/wp\/v2\/posts"}],"about":[{"href":"https:\/\/www.energiecrossmedial.de\/index.php\/wp-json\/wp\/v2\/types\/post"}],"author":[{"embeddable":true,"href":"https:\/\/www.energiecrossmedial.de\/index.php\/wp-json\/wp\/v2\/users\/7"}],"replies":[{"embeddable":true,"href":"https:\/\/www.energiecrossmedial.de\/index.php\/wp-json\/wp\/v2\/comments?post=8124"}],"version-history":[{"count":11,"href":"https:\/\/www.energiecrossmedial.de\/index.php\/wp-json\/wp\/v2\/posts\/8124\/revisions"}],"predecessor-version":[{"id":8148,"href":"https:\/\/www.energiecrossmedial.de\/index.php\/wp-json\/wp\/v2\/posts\/8124\/revisions\/8148"}],"wp:featuredmedia":[{"embeddable":true,"href":"https:\/\/www.energiecrossmedial.de\/index.php\/wp-json\/wp\/v2\/media\/8147"}],"wp:attachment":[{"href":"https:\/\/www.energiecrossmedial.de\/index.php\/wp-json\/wp\/v2\/media?parent=8124"}],"wp:term":[{"taxonomy":"category","embeddable":true,"href":"https:\/\/www.energiecrossmedial.de\/index.php\/wp-json\/wp\/v2\/categories?post=8124"},{"taxonomy":"post_tag","embeddable":true,"href":"https:\/\/www.energiecrossmedial.de\/index.php\/wp-json\/wp\/v2\/tags?post=8124"}],"curies":[{"name":"wp","href":"https:\/\/api.w.org\/{rel}","templated":true}]}}